{"id":1586,"date":"2024-08-22T16:31:51","date_gmt":"2024-08-22T14:31:51","guid":{"rendered":"https:\/\/fewo-am-rauhen-kulm.de\/?p=1586"},"modified":"2024-12-14T19:32:19","modified_gmt":"2024-12-14T18:32:19","slug":"zwischenstopp-italienreise","status":"publish","type":"post","link":"https:\/\/fewo-am-rauhen-kulm.de\/cs\/zwischenstopp-italienreise\/","title":{"rendered":"Zwischenstopp Italienreise"},"content":{"rendered":"<div data-elementor-type=\"wp-post\" data-elementor-id=\"1586\" class=\"elementor elementor-1586\" data-elementor-post-type=\"post\">\n\t\t\t\t<div data-particle_enable=\"false\" data-particle-mobile-disabled=\"false\" class=\"elementor-element elementor-element-17513470 e-flex e-con-boxed e-con e-parent\" data-id=\"17513470\" data-element_type=\"container\">\n\t\t\t\t\t<div class=\"e-con-inner\">\n\t\t\t\t<div class=\"elementor-element elementor-element-4a42787 elementor-widget elementor-widget-heading\" data-id=\"4a42787\" data-element_type=\"widget\" data-widget_type=\"heading.default\">\n\t\t\t\t<div class=\"elementor-widget-container\">\n\t\t\t\t\t<h1 class=\"elementor-heading-title elementor-size-default\">auf dem Weg nach Bella Italia? Hier ist deine Unterkunft!<\/h1>\t\t\t\t<\/div>\n\t\t\t\t<\/div>\n\t\t\t\t\t<\/div>\n\t\t\t\t<\/div>\n\t\t<div data-particle_enable=\"false\" data-particle-mobile-disabled=\"false\" class=\"elementor-element elementor-element-06a40ee e-flex e-con-boxed e-con e-parent\" data-id=\"06a40ee\" data-element_type=\"container\">\n\t\t\t\t\t<div class=\"e-con-inner\">\n\t\t<div data-particle_enable=\"false\" data-particle-mobile-disabled=\"false\" class=\"elementor-element elementor-element-894bf33 e-con-full e-flex e-con e-child\" data-id=\"894bf33\" data-element_type=\"container\">\n\t\t\t\t<div class=\"elementor-element elementor-element-c7cf2ca elementor-widget elementor-widget-image\" data-id=\"c7cf2ca\" data-element_type=\"widget\" data-widget_type=\"image.default\">\n\t\t\t\t<div class=\"elementor-widget-container\">\n\t\t\t\t\t\t\t\t\t\t\t\t\t\t\t<img fetchpriority=\"high\" decoding=\"async\" width=\"800\" height=\"534\" src=\"https:\/\/fewo-am-rauhen-kulm.de\/wp-content\/uploads\/2024\/08\/ludovico-lovisetto-7QNCtOZ0eyM-unsplash-1-1024x683.jpg\" class=\"attachment-large size-large wp-image-1588\" alt=\"\" srcset=\"https:\/\/fewo-am-rauhen-kulm.de\/wp-content\/uploads\/2024\/08\/ludovico-lovisetto-7QNCtOZ0eyM-unsplash-1-1024x683.jpg 1024w, https:\/\/fewo-am-rauhen-kulm.de\/wp-content\/uploads\/2024\/08\/ludovico-lovisetto-7QNCtOZ0eyM-unsplash-1-300x200.jpg 300w, https:\/\/fewo-am-rauhen-kulm.de\/wp-content\/uploads\/2024\/08\/ludovico-lovisetto-7QNCtOZ0eyM-unsplash-1-768x512.jpg 768w, https:\/\/fewo-am-rauhen-kulm.de\/wp-content\/uploads\/2024\/08\/ludovico-lovisetto-7QNCtOZ0eyM-unsplash-1-1536x1024.jpg 1536w, https:\/\/fewo-am-rauhen-kulm.de\/wp-content\/uploads\/2024\/08\/ludovico-lovisetto-7QNCtOZ0eyM-unsplash-1.jpg 1920w\" sizes=\"(max-width: 800px) 100vw, 800px\" \/>\t\t\t\t\t\t\t\t\t\t\t\t\t\t\t<\/div>\n\t\t\t\t<\/div>\n\t\t\t\t<\/div>\n\t\t<div data-particle_enable=\"false\" data-particle-mobile-disabled=\"false\" class=\"elementor-element elementor-element-68db4cc1 e-con-full e-flex e-con e-child\" data-id=\"68db4cc1\" data-element_type=\"container\">\n\t\t\t\t<div class=\"elementor-element elementor-element-b703932 elementor-widget elementor-widget-text-editor\" data-id=\"b703932\" data-element_type=\"widget\" data-widget_type=\"text-editor.default\">\n\t\t\t\t<div class=\"elementor-widget-container\">\n\t\t\t\t\t\t\t\t\t<p data-sourcepos=\"5:1-5:45\">Die halbe Strecke nach Italien ist geschafft?<\/p>\n<p><!-- \/wp:paragraph --><\/p>\t\t\t\t\t\t\t\t<\/div>\n\t\t\t\t<\/div>\n\t\t\t\t<div class=\"elementor-element elementor-element-b0c5575 elementor-widget elementor-widget-text-editor\" data-id=\"b0c5575\" data-element_type=\"widget\" data-widget_type=\"text-editor.default\">\n\t\t\t\t<div class=\"elementor-widget-container\">\n\t\t\t\t\t\t\t\t\t<p data-sourcepos=\"5:1-5:45\"><strong>Perfekt!<\/strong> Denn jetzt hei\u00dft es: Durchatmen und die Akkus aufladen. Unsere gem\u00fctliche <strong>Unterkunft in Neustadt am Kulm<\/strong> ist der ideale <strong>Zwischenstopp<\/strong> auf deiner Reise in den S\u00fcden.<\/p>\n<p><!-- \/wp:paragraph --><\/p>\t\t\t\t\t\t\t\t<\/div>\n\t\t\t\t<\/div>\n\t\t\t\t<\/div>\n\t\t\t\t\t<\/div>\n\t\t\t\t<\/div>\n\t\t<div data-particle_enable=\"false\" data-particle-mobile-disabled=\"false\" class=\"elementor-element elementor-element-2f8953c e-flex e-con-boxed e-con e-parent\" data-id=\"2f8953c\" data-element_type=\"container\">\n\t\t\t\t\t<div class=\"e-con-inner\">\n\t\t<div data-particle_enable=\"false\" data-particle-mobile-disabled=\"false\" class=\"elementor-element elementor-element-7a657efe e-con-full e-flex e-con e-child\" data-id=\"7a657efe\" data-element_type=\"container\">\n\t\t\t\t<div class=\"elementor-element elementor-element-7de17ab elementor-widget__width-initial elementor-widget elementor-widget-text-editor\" data-id=\"7de17ab\" data-element_type=\"widget\" data-widget_type=\"text-editor.default\">\n\t\t\t\t<div class=\"elementor-widget-container\">\n\t\t\t\t\t\t\t\t\t<p data-sourcepos=\"9:1-9:28\"><strong>Warum gerade hier?<\/strong>\u00a0Ganz einfach: Weil wir wissen, wie anstrengend <strong>lange Autofahrten<\/strong> sein k\u00f6nnen. Staus, <strong>Parkplatzsuche<\/strong> und der Trubel in gr\u00f6\u00dferen St\u00e4dten rauben dir wertvolle Urlaubszeit. Bei uns kannst du ganz <strong>entspannt<\/strong> ankommen, dein Gep\u00e4ck abstellen <strong>ausruhen<\/strong> und die Seele baumeln lassen.<\/p>\t\t\t\t\t\t\t\t<\/div>\n\t\t\t\t<\/div>\n\t\t\t\t<\/div>\n\t\t<div data-particle_enable=\"false\" data-particle-mobile-disabled=\"false\" class=\"elementor-element elementor-element-3f52f3c3 e-con-full e-flex e-con e-child\" data-id=\"3f52f3c3\" data-element_type=\"container\">\n\t\t\t\t<div class=\"elementor-element elementor-element-f644a39 elementor-widget elementor-widget-image\" data-id=\"f644a39\" data-element_type=\"widget\" data-widget_type=\"image.default\">\n\t\t\t\t<div class=\"elementor-widget-container\">\n\t\t\t\t\t\t\t\t\t\t\t\t\t\t\t<img decoding=\"async\" width=\"800\" height=\"492\" src=\"https:\/\/fewo-am-rauhen-kulm.de\/wp-content\/uploads\/2024\/09\/298-_MG_3137-1024x630.jpg\" class=\"attachment-large size-large wp-image-1969\" alt=\"\" srcset=\"https:\/\/fewo-am-rauhen-kulm.de\/wp-content\/uploads\/2024\/09\/298-_MG_3137-1024x630.jpg 1024w, https:\/\/fewo-am-rauhen-kulm.de\/wp-content\/uploads\/2024\/09\/298-_MG_3137-300x185.jpg 300w, https:\/\/fewo-am-rauhen-kulm.de\/wp-content\/uploads\/2024\/09\/298-_MG_3137-768x473.jpg 768w, https:\/\/fewo-am-rauhen-kulm.de\/wp-content\/uploads\/2024\/09\/298-_MG_3137-1536x946.jpg 1536w, https:\/\/fewo-am-rauhen-kulm.de\/wp-content\/uploads\/2024\/09\/298-_MG_3137.jpg 1920w\" sizes=\"(max-width: 800px) 100vw, 800px\" \/>\t\t\t\t\t\t\t\t\t\t\t\t\t\t\t<\/div>\n\t\t\t\t<\/div>\n\t\t\t\t<\/div>\n\t\t\t\t\t<\/div>\n\t\t\t\t<\/div>\n\t\t<div data-particle_enable=\"false\" data-particle-mobile-disabled=\"false\" class=\"elementor-element elementor-element-94f2884 e-flex e-con-boxed e-con e-parent\" data-id=\"94f2884\" data-element_type=\"container\">\n\t\t\t\t\t<div class=\"e-con-inner\">\n\t\t<div data-particle_enable=\"false\" data-particle-mobile-disabled=\"false\" class=\"elementor-element elementor-element-0c1b2c6 e-con-full e-flex e-con e-child\" data-id=\"0c1b2c6\" data-element_type=\"container\">\n\t\t\t\t<div class=\"elementor-element elementor-element-87773e3 elementor-widget__width-initial elementor-widget elementor-widget-image\" data-id=\"87773e3\" data-element_type=\"widget\" data-widget_type=\"image.default\">\n\t\t\t\t<div class=\"elementor-widget-container\">\n\t\t\t\t\t\t\t\t\t\t\t\t\t\t\t<img decoding=\"async\" width=\"768\" height=\"1024\" src=\"https:\/\/fewo-am-rauhen-kulm.de\/wp-content\/uploads\/2024\/12\/IMG_8024-768x1024.jpg\" class=\"attachment-large size-large wp-image-3185\" alt=\"Wohnzimmer mit schwarzem Teppich, einem Fernseher und einem Esstisch mit St\u00fchlen.\" srcset=\"https:\/\/fewo-am-rauhen-kulm.de\/wp-content\/uploads\/2024\/12\/IMG_8024-768x1024.jpg 768w, https:\/\/fewo-am-rauhen-kulm.de\/wp-content\/uploads\/2024\/12\/IMG_8024-225x300.jpg 225w, https:\/\/fewo-am-rauhen-kulm.de\/wp-content\/uploads\/2024\/12\/IMG_8024-1152x1536.jpg 1152w, https:\/\/fewo-am-rauhen-kulm.de\/wp-content\/uploads\/2024\/12\/IMG_8024-rotated.jpg 1512w\" sizes=\"(max-width: 768px) 100vw, 768px\" \/>\t\t\t\t\t\t\t\t\t\t\t\t\t\t\t<\/div>\n\t\t\t\t<\/div>\n\t\t\t\t<\/div>\n\t\t<div data-particle_enable=\"false\" data-particle-mobile-disabled=\"false\" class=\"elementor-element elementor-element-b190807 e-con-full e-flex e-con e-child\" data-id=\"b190807\" data-element_type=\"container\">\n\t\t\t\t<div class=\"elementor-element elementor-element-078f48b elementor-widget elementor-widget-heading\" data-id=\"078f48b\" data-element_type=\"widget\" data-widget_type=\"heading.default\">\n\t\t\t\t<div class=\"elementor-widget-container\">\n\t\t\t\t\t<h2 class=\"elementor-heading-title elementor-size-default\">Warum Neustadt am Kulm?<\/h2>\t\t\t\t<\/div>\n\t\t\t\t<\/div>\n\t\t\t\t<div class=\"elementor-element elementor-element-fcb5319 elementor-widget elementor-widget-text-editor\" data-id=\"fcb5319\" data-element_type=\"widget\" data-widget_type=\"text-editor.default\">\n\t\t\t\t<div class=\"elementor-widget-container\">\n\t\t\t\t\t\t\t\t\t<ul>\n<li><strong>Perfekte Lage:<\/strong> Nur einen Katzensprung von der A9 entfernt, ist unser Haus kaum ein Umweg. In maximal 25 Minuten erreichst du uns und sparst dir so jede Menge Zeit und Nerven. Die Parkplatzsuche in der Stadt dauert in der Regel sogar l\u00e4nger \ud83d\ude09<\/li>\n<li data-sourcepos=\"11:1-11:100\"><strong>Ruhe und Erholung:<\/strong> Entfliehe dem Alltagsstress und genie\u00dfe die Ruhe des Dorfes. Hier kannst du dich vom Fahrstress erholen und neue Energie tanken.\u00a0<\/li>\n<li data-sourcepos=\"12:1-13:0\"><strong>Gem\u00fctliche Unterkunft:<\/strong> In unserer Ferienwohnung findest du alles, was du f\u00fcr einen erholsamen Aufenthalt brauchst. K\u00fcche, Betten, Kaffee, Couch, TV, Netflix und viel frische Luft.<\/li>\n<\/ul>\t\t\t\t\t\t\t\t<\/div>\n\t\t\t\t<\/div>\n\t\t\t\t<\/div>\n\t\t\t\t\t<\/div>\n\t\t\t\t<\/div>\n\t\t<div data-particle_enable=\"false\" data-particle-mobile-disabled=\"false\" class=\"elementor-element elementor-element-05b5a5d e-flex e-con-boxed e-con e-parent\" data-id=\"05b5a5d\" data-element_type=\"container\">\n\t\t\t\t\t<div class=\"e-con-inner\">\n\t\t<div data-particle_enable=\"false\" data-particle-mobile-disabled=\"false\" class=\"elementor-element elementor-element-5d1831d e-con-full e-flex e-con e-child\" data-id=\"5d1831d\" data-element_type=\"container\">\n\t\t\t\t<div class=\"elementor-element elementor-element-d08ad32 elementor-widget elementor-widget-heading\" data-id=\"d08ad32\" data-element_type=\"widget\" data-widget_type=\"heading.default\">\n\t\t\t\t<div class=\"elementor-widget-container\">\n\t\t\t\t\t<h2 class=\"elementor-heading-title elementor-size-default\">Warum ein Zwischenstopp so wichtig ist:<\/h2>\t\t\t\t<\/div>\n\t\t\t\t<\/div>\n\t\t\t\t<div class=\"elementor-element elementor-element-5190641 elementor-widget elementor-widget-text-editor\" data-id=\"5190641\" data-element_type=\"widget\" data-widget_type=\"text-editor.default\">\n\t\t\t\t<div class=\"elementor-widget-container\">\n\t\t\t\t\t\t\t\t\t<p data-sourcepos=\"14:1-15:86\">Ein Zwischenstopp auf <strong>halber Strecke<\/strong> ist wie eine<strong> kleine Auszeit<\/strong> im Urlaub. Du kannst:<\/p>\n<ul data-sourcepos=\"16:1-16:118\">\n<li data-sourcepos=\"16:1-16:118\"><strong>Ausgeschlafen in den Urlaub starten:<\/strong> Nach einer erholsamen Nacht bist du fit f\u00fcr die letzte Etappe deiner Reise.<\/li>\n<li data-sourcepos=\"17:1-17:120\"><strong>Die Reise genie\u00dfen:<\/strong> Statt gestresst anzukommen, kannst du die Fahrt entspannt angehen und die Landschaft genie\u00dfen.<\/li>\n<li data-sourcepos=\"18:1-19:0\"><strong>Spontane Pl\u00e4ne schmieden:<\/strong> Vielleicht entdeckst du in der Umgebung ja etwas <span style=\"text-decoration: underline;\">Interessantes<\/span>, das du vorher nicht geplant hattest.<\/li>\n<\/ul>\t\t\t\t\t\t\t\t<\/div>\n\t\t\t\t<\/div>\n\t\t\t\t<\/div>\n\t\t<div data-particle_enable=\"false\" data-particle-mobile-disabled=\"false\" class=\"elementor-element elementor-element-dd34e71 e-con-full e-flex e-con e-child\" data-id=\"dd34e71\" data-element_type=\"container\">\n\t\t\t\t<div class=\"elementor-element elementor-element-aeb8904 elementor-widget__width-initial elementor-widget elementor-widget-image\" data-id=\"aeb8904\" data-element_type=\"widget\" data-widget_type=\"image.default\">\n\t\t\t\t<div class=\"elementor-widget-container\">\n\t\t\t\t\t\t\t\t\t\t\t\t\t\t\t<img loading=\"lazy\" decoding=\"async\" width=\"800\" height=\"571\" src=\"https:\/\/fewo-am-rauhen-kulm.de\/wp-content\/uploads\/2024\/08\/kinga-howard-kqDEH7M2tGk-unsplash-1024x731.jpg\" class=\"attachment-large size-large wp-image-1608\" alt=\"\" srcset=\"https:\/\/fewo-am-rauhen-kulm.de\/wp-content\/uploads\/2024\/08\/kinga-howard-kqDEH7M2tGk-unsplash-1024x731.jpg 1024w, https:\/\/fewo-am-rauhen-kulm.de\/wp-content\/uploads\/2024\/08\/kinga-howard-kqDEH7M2tGk-unsplash-300x214.jpg 300w, https:\/\/fewo-am-rauhen-kulm.de\/wp-content\/uploads\/2024\/08\/kinga-howard-kqDEH7M2tGk-unsplash-768x548.jpg 768w, https:\/\/fewo-am-rauhen-kulm.de\/wp-content\/uploads\/2024\/08\/kinga-howard-kqDEH7M2tGk-unsplash-1536x1097.jpg 1536w, https:\/\/fewo-am-rauhen-kulm.de\/wp-content\/uploads\/2024\/08\/kinga-howard-kqDEH7M2tGk-unsplash.jpg 1920w\" sizes=\"(max-width: 800px) 100vw, 800px\" \/>\t\t\t\t\t\t\t\t\t\t\t\t\t\t\t<\/div>\n\t\t\t\t<\/div>\n\t\t\t\t<\/div>\n\t\t\t\t\t<\/div>\n\t\t\t\t<\/div>\n\t\t<div data-particle_enable=\"false\" data-particle-mobile-disabled=\"false\" class=\"elementor-element elementor-element-14596a7 e-flex e-con-boxed e-con e-parent\" data-id=\"14596a7\" data-element_type=\"container\">\n\t\t\t\t\t<div class=\"e-con-inner\">\n\t\t<div data-particle_enable=\"false\" data-particle-mobile-disabled=\"false\" class=\"elementor-element elementor-element-1bdd21f3 e-con-full e-flex e-con e-child\" data-id=\"1bdd21f3\" data-element_type=\"container\">\n\t\t\t\t<div class=\"elementor-element elementor-element-4eb51327 elementor-widget-divider--view-line elementor-widget elementor-widget-divider\" data-id=\"4eb51327\" data-element_type=\"widget\" data-widget_type=\"divider.default\">\n\t\t\t\t<div class=\"elementor-widget-container\">\n\t\t\t\t\t\t\t<div class=\"elementor-divider\">\n\t\t\t<span class=\"elementor-divider-separator\">\n\t\t\t\t\t\t<\/span>\n\t\t<\/div>\n\t\t\t\t\t\t<\/div>\n\t\t\t\t<\/div>\n\t\t\t\t<div class=\"elementor-element elementor-element-c8e84ab elementor-widget elementor-widget-spacer\" data-id=\"c8e84ab\" data-element_type=\"widget\" data-widget_type=\"spacer.default\">\n\t\t\t\t<div class=\"elementor-widget-container\">\n\t\t\t\t\t\t\t<div class=\"elementor-spacer\">\n\t\t\t<div class=\"elementor-spacer-inner\"><\/div>\n\t\t<\/div>\n\t\t\t\t\t\t<\/div>\n\t\t\t\t<\/div>\n\t\t\t\t<div class=\"elementor-element elementor-element-e29a26d elementor-cta--skin-cover elementor-cta--valign-middle elementor-animated-content elementor-bg-transform elementor-bg-transform-zoom-in elementor-widget elementor-widget-call-to-action\" data-id=\"e29a26d\" data-element_type=\"widget\" data-widget_type=\"call-to-action.default\">\n\t\t\t\t<div class=\"elementor-widget-container\">\n\t\t\t\t\t\t\t<a class=\"elementor-cta\" href=\"\/fewo-panoramablick\">\n\t\t\t\t\t<div class=\"elementor-cta__bg-wrapper\">\n\t\t\t\t<div class=\"elementor-cta__bg elementor-bg\" style=\"background-image: url(https:\/\/fewo-am-rauhen-kulm.de\/wp-content\/uploads\/2024\/12\/fewo-panoramablick-header_compressed.jpg);\" role=\"img\" aria-label=\"Ferienwohnung mit Blick auf die Landschaft und einem modernen Wohnzimmer mit Sofa und Fernseher.\"><\/div>\n\t\t\t\t<div class=\"elementor-cta__bg-overlay\"><\/div>\n\t\t\t<\/div>\n\t\t\t\t\t\t\t<div class=\"elementor-cta__content\">\n\t\t\t\t\t\t\t\t\t<div class=\"elementor-content-item elementor-cta__content-item elementor-icon-wrapper elementor-cta__icon elementor-view-default elementor-animated-item--grow\">\n\t\t\t\t\t\t<div class=\"elementor-icon\">\n\t\t\t\t\t\t\t\t\t\t\t\t\t<\/div>\n\t\t\t\t\t<\/div>\n\t\t\t\t\n\t\t\t\t\t\t\t\t\t<h2 class=\"elementor-cta__title elementor-cta__content-item elementor-content-item elementor-animated-item--grow\">\n\t\t\t\t\t\tFeWo \"Panoramablick\"\t\t\t\t\t<\/h2>\n\t\t\t\t\n\t\t\t\t\t\t\t\t\t<div class=\"elementor-cta__description elementor-cta__content-item elementor-content-item elementor-animated-item--grow\">\n\t\t\t\t\t\tDie ideale Unterkunft f\u00fcr bis zu 5 Reisende.\t\t\t\t\t<\/div>\n\t\t\t\t\n\t\t\t\t\t\t\t\t\t<div class=\"elementor-cta__button-wrapper elementor-cta__content-item elementor-content-item elementor-animated-item--grow\">\n\t\t\t\t\t<span class=\"elementor-cta__button elementor-button elementor-size-\">\n\t\t\t\t\t\tUnterkunft ansehen\t\t\t\t\t<\/span>\n\t\t\t\t\t<\/div>\n\t\t\t\t\t\t\t<\/div>\n\t\t\t\t\t\t\t<div class=\"elementor-ribbon\">\n\t\t\t\t<div class=\"elementor-ribbon-inner\">Aktion<\/div>\n\t\t\t<\/div>\n\t\t\t\t<\/a>\n\t\t\t\t\t\t<\/div>\n\t\t\t\t<\/div>\n\t\t\t\t<div class=\"elementor-element elementor-element-5107b60c elementor-widget elementor-widget-spacer\" data-id=\"5107b60c\" data-element_type=\"widget\" data-widget_type=\"spacer.default\">\n\t\t\t\t<div class=\"elementor-widget-container\">\n\t\t\t\t\t\t\t<div class=\"elementor-spacer\">\n\t\t\t<div class=\"elementor-spacer-inner\"><\/div>\n\t\t<\/div>\n\t\t\t\t\t\t<\/div>\n\t\t\t\t<\/div>\n\t\t\t\t<div class=\"elementor-element elementor-element-0eae385 elementor-widget elementor-widget-text-editor\" data-id=\"0eae385\" data-element_type=\"widget\" data-widget_type=\"text-editor.default\">\n\t\t\t\t<div class=\"elementor-widget-container\">\n\t\t\t\t\t\t\t\t\t<p data-sourcepos=\"20:1-21:216\">Buche<strong> jetzt deinen Zwischenstopp!<\/strong> \u00dcberrasche dich selbst und deine Mitreisenden mit einer kleinen <strong>Auszeit<\/strong> auf dem Weg nach <strong>Italien<\/strong>. Buche jetzt <strong>spontan<\/strong> deinen <strong>Aufenthalt<\/strong> in unserer <strong>gem\u00fctlichen Unterkunft<\/strong> und erlebe einen unvergesslichen Urlaubsstart!<\/p>\t\t\t\t\t\t\t\t<\/div>\n\t\t\t\t<\/div>\n\t\t\t\t<div class=\"elementor-element elementor-element-3a1f219 elementor-align-center elementor-widget elementor-widget-button\" data-id=\"3a1f219\" data-element_type=\"widget\" data-widget_type=\"button.default\">\n\t\t\t\t<div class=\"elementor-widget-container\">\n\t\t\t\t\t\t\t\t\t<div class=\"elementor-button-wrapper\">\n\t\t\t\t\t<a class=\"elementor-button elementor-button-link elementor-size-sm\" href=\"http:\/\/airbnb.de\/h\/fewonak\" target=\"_blank\">\n\t\t\t\t\t\t<span class=\"elementor-button-content-wrapper\">\n\t\t\t\t\t\t\t\t\t<span class=\"elementor-button-text\">Airbnb<\/span>\n\t\t\t\t\t<\/span>\n\t\t\t\t\t<\/a>\n\t\t\t\t<\/div>\n\t\t\t\t\t\t\t\t<\/div>\n\t\t\t\t<\/div>\n\t\t\t\t<div class=\"elementor-element elementor-element-66cb9b4 elementor-widget elementor-widget-spacer\" data-id=\"66cb9b4\" data-element_type=\"widget\" data-widget_type=\"spacer.default\">\n\t\t\t\t<div class=\"elementor-widget-container\">\n\t\t\t\t\t\t\t<div class=\"elementor-spacer\">\n\t\t\t<div class=\"elementor-spacer-inner\"><\/div>\n\t\t<\/div>\n\t\t\t\t\t\t<\/div>\n\t\t\t\t<\/div>\n\t\t\t\t<\/div>\n\t\t\t\t\t<\/div>\n\t\t\t\t<\/div>\n\t\t\t\t<\/div>","protected":false},"excerpt":{"rendered":"<p>Der ideale Stopp auf deiner Italienreise nahe der A9.<\/p>","protected":false},"author":1,"featured_media":1588,"comment_status":"open","ping_status":"open","sticky":false,"template":"elementor_theme","format":"standard","meta":{"_monsterinsights_skip_tracking":false,"_monsterinsights_sitenote_active":false,"_monsterinsights_sitenote_note":"","_monsterinsights_sitenote_category":0,"footnotes":""},"categories":[1],"tags":[17,16,15,13,14,12],"class_list":["post-1586","post","type-post","status-publish","format-standard","has-post-thumbnail","hentry","category-blog","tag-ausruhen","tag-deutschland","tag-italien","tag-pause","tag-unterkunft","tag-zwischenstopp"],"yoast_head":"<!-- This site is optimized with the Yoast SEO Premium plugin v24.1 (Yoast SEO v24.2) - https:\/\/yoast.com\/wordpress\/plugins\/seo\/ -->\n<title>Zwischenstopp Italienreise<\/title>\n<meta name=\"description\" content=\"Kehre bei uns als Zwischenstopp ein bei deiner Reise nach Italien. Wir sind g\u00fcnstig gelegen an der A9 und der ideale Ort um dich auszuruhen.\" \/>\n<meta name=\"robots\" content=\"index, follow, max-snippet:-1, max-image-preview:large, max-video-preview:-1\" \/>\n<link rel=\"canonical\" href=\"https:\/\/fewo-am-rauhen-kulm.de\/cs\/zwischenstopp-italienreise\/\" \/>\n<meta property=\"og:locale\" content=\"cs_CZ\" \/>\n<meta property=\"og:type\" content=\"article\" \/>\n<meta property=\"og:title\" content=\"Perfekter Zwischenstopp auf dem Weg nach Italien\" \/>\n<meta property=\"og:description\" content=\"Lade deine Akkus auf in Neustadt am Kulm. Jetzt buchen!\" \/>\n<meta property=\"og:url\" content=\"https:\/\/fewo-am-rauhen-kulm.de\/cs\/zwischenstopp-italienreise\/\" \/>\n<meta property=\"og:site_name\" content=\"Ferienwohnung\" \/>\n<meta property=\"article:published_time\" content=\"2024-08-22T14:31:51+00:00\" \/>\n<meta property=\"article:modified_time\" content=\"2024-12-14T18:32:19+00:00\" \/>\n<meta property=\"og:image\" content=\"https:\/\/fewo-am-rauhen-kulm.de\/wp-content\/uploads\/2024\/08\/ludovico-lovisetto-7QNCtOZ0eyM-unsplash-1.jpg\" \/>\n\t<meta property=\"og:image:width\" content=\"1920\" \/>\n\t<meta property=\"og:image:height\" content=\"1280\" \/>\n\t<meta property=\"og:image:type\" content=\"image\/jpeg\" \/>\n<meta name=\"author\" content=\"AbsoluteGravity\" \/>\n<meta name=\"twitter:card\" content=\"summary_large_image\" \/>\n<meta name=\"twitter:title\" content=\"Perfekter Zwischenstopp auf dem Weg nach Italien\" \/>\n<meta name=\"twitter:description\" content=\"Lade deine Akkus auf in Neustadt am Kulm. Jetzt buchen!\" \/>\n<meta name=\"twitter:label1\" content=\"Napsal(a)\" \/>\n\t<meta name=\"twitter:data1\" content=\"AbsoluteGravity\" \/>\n\t<meta name=\"twitter:label2\" content=\"Odhadovan\u00e1 doba \u010dten\u00ed\" \/>\n\t<meta name=\"twitter:data2\" content=\"3 minuty\" \/>\n<script type=\"application\/ld+json\" class=\"yoast-schema-graph\">{\"@context\":\"https:\/\/schema.org\",\"@graph\":[{\"@type\":\"Article\",\"@id\":\"https:\/\/fewo-am-rauhen-kulm.de\/zwischenstopp-italienreise\/#article\",\"isPartOf\":{\"@id\":\"https:\/\/fewo-am-rauhen-kulm.de\/zwischenstopp-italienreise\/\"},\"author\":{\"name\":\"AbsoluteGravity\",\"@id\":\"https:\/\/fewo-am-rauhen-kulm.de\/#\/schema\/person\/1399531c1585af7f9636c4712262fa99\"},\"headline\":\"Zwischenstopp Italienreise\",\"datePublished\":\"2024-08-22T14:31:51+00:00\",\"dateModified\":\"2024-12-14T18:32:19+00:00\",\"mainEntityOfPage\":{\"@id\":\"https:\/\/fewo-am-rauhen-kulm.de\/zwischenstopp-italienreise\/\"},\"wordCount\":318,\"commentCount\":0,\"publisher\":{\"@id\":\"https:\/\/fewo-am-rauhen-kulm.de\/#organization\"},\"image\":{\"@id\":\"https:\/\/fewo-am-rauhen-kulm.de\/zwischenstopp-italienreise\/#primaryimage\"},\"thumbnailUrl\":\"https:\/\/fewo-am-rauhen-kulm.de\/wp-content\/uploads\/2024\/08\/ludovico-lovisetto-7QNCtOZ0eyM-unsplash-1.jpg\",\"keywords\":[\"Ausruhen\",\"Deutschland\",\"Italien\",\"Pause\",\"Unterkunft\",\"Zwischenstopp\"],\"articleSection\":[\"Blog\"],\"inLanguage\":\"cs\",\"potentialAction\":[{\"@type\":\"CommentAction\",\"name\":\"Comment\",\"target\":[\"https:\/\/fewo-am-rauhen-kulm.de\/zwischenstopp-italienreise\/#respond\"]}]},{\"@type\":\"WebPage\",\"@id\":\"https:\/\/fewo-am-rauhen-kulm.de\/zwischenstopp-italienreise\/\",\"url\":\"https:\/\/fewo-am-rauhen-kulm.de\/zwischenstopp-italienreise\/\",\"name\":\"Zwischenstopp Italienreise\",\"isPartOf\":{\"@id\":\"https:\/\/fewo-am-rauhen-kulm.de\/#website\"},\"primaryImageOfPage\":{\"@id\":\"https:\/\/fewo-am-rauhen-kulm.de\/zwischenstopp-italienreise\/#primaryimage\"},\"image\":{\"@id\":\"https:\/\/fewo-am-rauhen-kulm.de\/zwischenstopp-italienreise\/#primaryimage\"},\"thumbnailUrl\":\"https:\/\/fewo-am-rauhen-kulm.de\/wp-content\/uploads\/2024\/08\/ludovico-lovisetto-7QNCtOZ0eyM-unsplash-1.jpg\",\"datePublished\":\"2024-08-22T14:31:51+00:00\",\"dateModified\":\"2024-12-14T18:32:19+00:00\",\"description\":\"Kehre bei uns als Zwischenstopp ein bei deiner Reise nach Italien. Wir sind g\u00fcnstig gelegen an der A9 und der ideale Ort um dich auszuruhen.\",\"breadcrumb\":{\"@id\":\"https:\/\/fewo-am-rauhen-kulm.de\/zwischenstopp-italienreise\/#breadcrumb\"},\"inLanguage\":\"cs\",\"potentialAction\":[{\"@type\":\"ReadAction\",\"target\":[\"https:\/\/fewo-am-rauhen-kulm.de\/zwischenstopp-italienreise\/\"]}]},{\"@type\":\"ImageObject\",\"inLanguage\":\"cs\",\"@id\":\"https:\/\/fewo-am-rauhen-kulm.de\/zwischenstopp-italienreise\/#primaryimage\",\"url\":\"https:\/\/fewo-am-rauhen-kulm.de\/wp-content\/uploads\/2024\/08\/ludovico-lovisetto-7QNCtOZ0eyM-unsplash-1.jpg\",\"contentUrl\":\"https:\/\/fewo-am-rauhen-kulm.de\/wp-content\/uploads\/2024\/08\/ludovico-lovisetto-7QNCtOZ0eyM-unsplash-1.jpg\",\"width\":1920,\"height\":1280},{\"@type\":\"BreadcrumbList\",\"@id\":\"https:\/\/fewo-am-rauhen-kulm.de\/zwischenstopp-italienreise\/#breadcrumb\",\"itemListElement\":[{\"@type\":\"ListItem\",\"position\":1,\"name\":\"Startseite\",\"item\":\"https:\/\/fewo-am-rauhen-kulm.de\/\"},{\"@type\":\"ListItem\",\"position\":2,\"name\":\"Zwischenstopp Italienreise\"}]},{\"@type\":\"WebSite\",\"@id\":\"https:\/\/fewo-am-rauhen-kulm.de\/#website\",\"url\":\"https:\/\/fewo-am-rauhen-kulm.de\/\",\"name\":\"Ferienwohnung am Rauhen Kulm\",\"description\":\"Unterkunft in Neustadt am Kulm\",\"publisher\":{\"@id\":\"https:\/\/fewo-am-rauhen-kulm.de\/#organization\"},\"alternateName\":\"Urlaub in Neustadt am Kulm\",\"potentialAction\":[{\"@type\":\"SearchAction\",\"target\":{\"@type\":\"EntryPoint\",\"urlTemplate\":\"https:\/\/fewo-am-rauhen-kulm.de\/?s={search_term_string}\"},\"query-input\":{\"@type\":\"PropertyValueSpecification\",\"valueRequired\":true,\"valueName\":\"search_term_string\"}}],\"inLanguage\":\"cs\"},{\"@type\":\"Organization\",\"@id\":\"https:\/\/fewo-am-rauhen-kulm.de\/#organization\",\"name\":\"Ferienwohnung am Rauhen Kulm\",\"url\":\"https:\/\/fewo-am-rauhen-kulm.de\/\",\"logo\":{\"@type\":\"ImageObject\",\"inLanguage\":\"cs\",\"@id\":\"https:\/\/fewo-am-rauhen-kulm.de\/#\/schema\/logo\/image\/\",\"url\":\"https:\/\/fewo-am-rauhen-kulm.de\/wp-content\/uploads\/2024\/06\/Unbenannt-1.jpg\",\"contentUrl\":\"https:\/\/fewo-am-rauhen-kulm.de\/wp-content\/uploads\/2024\/06\/Unbenannt-1.jpg\",\"width\":800,\"height\":620,\"caption\":\"Ferienwohnung am Rauhen Kulm\"},\"image\":{\"@id\":\"https:\/\/fewo-am-rauhen-kulm.de\/#\/schema\/logo\/image\/\"},\"email\":\"info@fewo-am-rauhen-kulm.de\"},{\"@type\":\"Person\",\"@id\":\"https:\/\/fewo-am-rauhen-kulm.de\/#\/schema\/person\/1399531c1585af7f9636c4712262fa99\",\"name\":\"AbsoluteGravity\",\"image\":{\"@type\":\"ImageObject\",\"inLanguage\":\"cs\",\"@id\":\"https:\/\/fewo-am-rauhen-kulm.de\/#\/schema\/person\/image\/\",\"url\":\"https:\/\/secure.gravatar.com\/avatar\/1e840d282d0425f458e9d9a566e20db444da3c3fb963c3b903f257abd5fc4b81?s=96&d=mm&r=g\",\"contentUrl\":\"https:\/\/secure.gravatar.com\/avatar\/1e840d282d0425f458e9d9a566e20db444da3c3fb963c3b903f257abd5fc4b81?s=96&d=mm&r=g\",\"caption\":\"AbsoluteGravity\"},\"sameAs\":[\"http:\/\/fewo-am-rauhen-kulm.de\"],\"url\":\"https:\/\/fewo-am-rauhen-kulm.de\/cs\/author\/absolutegravity\/\"}]}<\/script>\n<!-- \/ Yoast SEO Premium plugin. -->","yoast_head_json":{"title":"Zwischenstopp Italienreise","description":"Kehre bei uns als Zwischenstopp ein bei deiner Reise nach Italien. Wir sind g\u00fcnstig gelegen an der A9 und der ideale Ort um dich auszuruhen.","robots":{"index":"index","follow":"follow","max-snippet":"max-snippet:-1","max-image-preview":"max-image-preview:large","max-video-preview":"max-video-preview:-1"},"canonical":"https:\/\/fewo-am-rauhen-kulm.de\/cs\/zwischenstopp-italienreise\/","og_locale":"cs_CZ","og_type":"article","og_title":"Perfekter Zwischenstopp auf dem Weg nach Italien","og_description":"Lade deine Akkus auf in Neustadt am Kulm. Jetzt buchen!","og_url":"https:\/\/fewo-am-rauhen-kulm.de\/cs\/zwischenstopp-italienreise\/","og_site_name":"Ferienwohnung","article_published_time":"2024-08-22T14:31:51+00:00","article_modified_time":"2024-12-14T18:32:19+00:00","og_image":[{"width":1920,"height":1280,"url":"https:\/\/fewo-am-rauhen-kulm.de\/wp-content\/uploads\/2024\/08\/ludovico-lovisetto-7QNCtOZ0eyM-unsplash-1.jpg","type":"image\/jpeg"}],"author":"AbsoluteGravity","twitter_card":"summary_large_image","twitter_title":"Perfekter Zwischenstopp auf dem Weg nach Italien","twitter_description":"Lade deine Akkus auf in Neustadt am Kulm. Jetzt buchen!","twitter_misc":{"Napsal(a)":"AbsoluteGravity","Odhadovan\u00e1 doba \u010dten\u00ed":"3 minuty"},"schema":{"@context":"https:\/\/schema.org","@graph":[{"@type":"Article","@id":"https:\/\/fewo-am-rauhen-kulm.de\/zwischenstopp-italienreise\/#article","isPartOf":{"@id":"https:\/\/fewo-am-rauhen-kulm.de\/zwischenstopp-italienreise\/"},"author":{"name":"AbsoluteGravity","@id":"https:\/\/fewo-am-rauhen-kulm.de\/#\/schema\/person\/1399531c1585af7f9636c4712262fa99"},"headline":"Zwischenstopp Italienreise","datePublished":"2024-08-22T14:31:51+00:00","dateModified":"2024-12-14T18:32:19+00:00","mainEntityOfPage":{"@id":"https:\/\/fewo-am-rauhen-kulm.de\/zwischenstopp-italienreise\/"},"wordCount":318,"commentCount":0,"publisher":{"@id":"https:\/\/fewo-am-rauhen-kulm.de\/#organization"},"image":{"@id":"https:\/\/fewo-am-rauhen-kulm.de\/zwischenstopp-italienreise\/#primaryimage"},"thumbnailUrl":"https:\/\/fewo-am-rauhen-kulm.de\/wp-content\/uploads\/2024\/08\/ludovico-lovisetto-7QNCtOZ0eyM-unsplash-1.jpg","keywords":["Ausruhen","Deutschland","Italien","Pause","Unterkunft","Zwischenstopp"],"articleSection":["Blog"],"inLanguage":"cs","potentialAction":[{"@type":"CommentAction","name":"Comment","target":["https:\/\/fewo-am-rauhen-kulm.de\/zwischenstopp-italienreise\/#respond"]}]},{"@type":"WebPage","@id":"https:\/\/fewo-am-rauhen-kulm.de\/zwischenstopp-italienreise\/","url":"https:\/\/fewo-am-rauhen-kulm.de\/zwischenstopp-italienreise\/","name":"Zwischenstopp Italienreise","isPartOf":{"@id":"https:\/\/fewo-am-rauhen-kulm.de\/#website"},"primaryImageOfPage":{"@id":"https:\/\/fewo-am-rauhen-kulm.de\/zwischenstopp-italienreise\/#primaryimage"},"image":{"@id":"https:\/\/fewo-am-rauhen-kulm.de\/zwischenstopp-italienreise\/#primaryimage"},"thumbnailUrl":"https:\/\/fewo-am-rauhen-kulm.de\/wp-content\/uploads\/2024\/08\/ludovico-lovisetto-7QNCtOZ0eyM-unsplash-1.jpg","datePublished":"2024-08-22T14:31:51+00:00","dateModified":"2024-12-14T18:32:19+00:00","description":"Kehre bei uns als Zwischenstopp ein bei deiner Reise nach Italien. Wir sind g\u00fcnstig gelegen an der A9 und der ideale Ort um dich auszuruhen.","breadcrumb":{"@id":"https:\/\/fewo-am-rauhen-kulm.de\/zwischenstopp-italienreise\/#breadcrumb"},"inLanguage":"cs","potentialAction":[{"@type":"ReadAction","target":["https:\/\/fewo-am-rauhen-kulm.de\/zwischenstopp-italienreise\/"]}]},{"@type":"ImageObject","inLanguage":"cs","@id":"https:\/\/fewo-am-rauhen-kulm.de\/zwischenstopp-italienreise\/#primaryimage","url":"https:\/\/fewo-am-rauhen-kulm.de\/wp-content\/uploads\/2024\/08\/ludovico-lovisetto-7QNCtOZ0eyM-unsplash-1.jpg","contentUrl":"https:\/\/fewo-am-rauhen-kulm.de\/wp-content\/uploads\/2024\/08\/ludovico-lovisetto-7QNCtOZ0eyM-unsplash-1.jpg","width":1920,"height":1280},{"@type":"BreadcrumbList","@id":"https:\/\/fewo-am-rauhen-kulm.de\/zwischenstopp-italienreise\/#breadcrumb","itemListElement":[{"@type":"ListItem","position":1,"name":"Startseite","item":"https:\/\/fewo-am-rauhen-kulm.de\/"},{"@type":"ListItem","position":2,"name":"Zwischenstopp Italienreise"}]},{"@type":"WebSite","@id":"https:\/\/fewo-am-rauhen-kulm.de\/#website","url":"https:\/\/fewo-am-rauhen-kulm.de\/","name":"Ferienwohnung am Rauhen Kulm","description":"Unterkunft in Neustadt am Kulm","publisher":{"@id":"https:\/\/fewo-am-rauhen-kulm.de\/#organization"},"alternateName":"Urlaub in Neustadt am Kulm","potentialAction":[{"@type":"SearchAction","target":{"@type":"EntryPoint","urlTemplate":"https:\/\/fewo-am-rauhen-kulm.de\/?s={search_term_string}"},"query-input":{"@type":"PropertyValueSpecification","valueRequired":true,"valueName":"search_term_string"}}],"inLanguage":"cs"},{"@type":"Organization","@id":"https:\/\/fewo-am-rauhen-kulm.de\/#organization","name":"Ferienwohnung am Rauhen Kulm","url":"https:\/\/fewo-am-rauhen-kulm.de\/","logo":{"@type":"ImageObject","inLanguage":"cs","@id":"https:\/\/fewo-am-rauhen-kulm.de\/#\/schema\/logo\/image\/","url":"https:\/\/fewo-am-rauhen-kulm.de\/wp-content\/uploads\/2024\/06\/Unbenannt-1.jpg","contentUrl":"https:\/\/fewo-am-rauhen-kulm.de\/wp-content\/uploads\/2024\/06\/Unbenannt-1.jpg","width":800,"height":620,"caption":"Ferienwohnung am Rauhen Kulm"},"image":{"@id":"https:\/\/fewo-am-rauhen-kulm.de\/#\/schema\/logo\/image\/"},"email":"info@fewo-am-rauhen-kulm.de"},{"@type":"Person","@id":"https:\/\/fewo-am-rauhen-kulm.de\/#\/schema\/person\/1399531c1585af7f9636c4712262fa99","name":"AbsoluteGravity","image":{"@type":"ImageObject","inLanguage":"cs","@id":"https:\/\/fewo-am-rauhen-kulm.de\/#\/schema\/person\/image\/","url":"https:\/\/secure.gravatar.com\/avatar\/1e840d282d0425f458e9d9a566e20db444da3c3fb963c3b903f257abd5fc4b81?s=96&d=mm&r=g","contentUrl":"https:\/\/secure.gravatar.com\/avatar\/1e840d282d0425f458e9d9a566e20db444da3c3fb963c3b903f257abd5fc4b81?s=96&d=mm&r=g","caption":"AbsoluteGravity"},"sameAs":["http:\/\/fewo-am-rauhen-kulm.de"],"url":"https:\/\/fewo-am-rauhen-kulm.de\/cs\/author\/absolutegravity\/"}]}},"_links":{"self":[{"href":"https:\/\/fewo-am-rauhen-kulm.de\/cs\/wp-json\/wp\/v2\/posts\/1586","targetHints":{"allow":["GET"]}}],"collection":[{"href":"https:\/\/fewo-am-rauhen-kulm.de\/cs\/wp-json\/wp\/v2\/posts"}],"about":[{"href":"https:\/\/fewo-am-rauhen-kulm.de\/cs\/wp-json\/wp\/v2\/types\/post"}],"author":[{"embeddable":true,"href":"https:\/\/fewo-am-rauhen-kulm.de\/cs\/wp-json\/wp\/v2\/users\/1"}],"replies":[{"embeddable":true,"href":"https:\/\/fewo-am-rauhen-kulm.de\/cs\/wp-json\/wp\/v2\/comments?post=1586"}],"version-history":[{"count":0,"href":"https:\/\/fewo-am-rauhen-kulm.de\/cs\/wp-json\/wp\/v2\/posts\/1586\/revisions"}],"wp:featuredmedia":[{"embeddable":true,"href":"https:\/\/fewo-am-rauhen-kulm.de\/cs\/wp-json\/wp\/v2\/media\/1588"}],"wp:attachment":[{"href":"https:\/\/fewo-am-rauhen-kulm.de\/cs\/wp-json\/wp\/v2\/media?parent=1586"}],"wp:term":[{"taxonomy":"category","embeddable":true,"href":"https:\/\/fewo-am-rauhen-kulm.de\/cs\/wp-json\/wp\/v2\/categories?post=1586"},{"taxonomy":"post_tag","embeddable":true,"href":"https:\/\/fewo-am-rauhen-kulm.de\/cs\/wp-json\/wp\/v2\/tags?post=1586"}],"curies":[{"name":"wp","href":"https:\/\/api.w.org\/{rel}","templated":true}]}}