{"id":1737,"date":"2024-09-06T12:32:05","date_gmt":"2024-09-06T10:32:05","guid":{"rendered":"https:\/\/fewo-am-rauhen-kulm.de\/?p=1737"},"modified":"2024-09-11T18:26:41","modified_gmt":"2024-09-11T16:26:41","slug":"monteurunterkunft","status":"publish","type":"post","link":"https:\/\/fewo-am-rauhen-kulm.de\/cs\/monteurunterkunft\/","title":{"rendered":"Stressfrei zum erfolgreichen Einsatz: So finden Sie die perfekte Monteurunterkunft"},"content":{"rendered":"<div data-elementor-type=\"wp-post\" data-elementor-id=\"1737\" class=\"elementor elementor-1737\" data-elementor-post-type=\"post\">\n\t\t\t\t<div data-particle_enable=\"false\" data-particle-mobile-disabled=\"false\" class=\"elementor-element elementor-element-17513470 e-flex e-con-boxed e-con e-parent\" data-id=\"17513470\" data-element_type=\"container\">\n\t\t\t\t\t<div class=\"e-con-inner\">\n\t\t\t\t<div class=\"elementor-element elementor-element-b703932 elementor-widget elementor-widget-text-editor\" data-id=\"b703932\" data-element_type=\"widget\" data-widget_type=\"text-editor.default\">\n\t\t\t\t<div class=\"elementor-widget-container\">\n\t\t\t\t\t\t\t\t\t<p><\/p>\n<p data-sourcepos=\"9:1-9:69\"><strong>Die Herausforderungen bei der Suche nach einer Monteurunterkunft:<\/strong><\/p>\n<p><\/p>\t\t\t\t\t\t\t\t<\/div>\n\t\t\t\t<\/div>\n\t\t\t\t<div class=\"elementor-element elementor-element-0f50ac5 elementor-widget-divider--view-line elementor-widget elementor-widget-divider\" data-id=\"0f50ac5\" data-element_type=\"widget\" data-widget_type=\"divider.default\">\n\t\t\t\t<div class=\"elementor-widget-container\">\n\t\t\t\t\t\t\t<div class=\"elementor-divider\">\n\t\t\t<span class=\"elementor-divider-separator\">\n\t\t\t\t\t\t<\/span>\n\t\t<\/div>\n\t\t\t\t\t\t<\/div>\n\t\t\t\t<\/div>\n\t\t\t\t<div class=\"elementor-element elementor-element-b0c5575 elementor-widget elementor-widget-text-editor\" data-id=\"b0c5575\" data-element_type=\"widget\" data-widget_type=\"text-editor.default\">\n\t\t\t\t<div class=\"elementor-widget-container\">\n\t\t\t\t\t\t\t\t\t<p><\/p>\n<ul>\n<li data-sourcepos=\"11:1-11:136\"><strong>Zeitaufwand:<\/strong> Die Suche nach geeigneten Unterk\u00fcnften kostet wertvolle Zeit, die Sie besser in Ihr Kerngesch\u00e4ft investieren k\u00f6nnten.<\/li>\n<li data-sourcepos=\"12:1-12:163\"><strong>Unsicherheit:<\/strong> Welche Ausstattung ist wirklich notwendig? Welche Lage ist optimal? Fragen \u00fcber Fragen, die bei der Auswahl der richtigen Unterkunft aufkommen.<\/li>\n<li data-sourcepos=\"13:1-13:86\"><strong>Kosten:<\/strong> Die Kosten f\u00fcr Monteurunterk\u00fcnfte k\u00f6nnen schnell un\u00fcberschaubar werden.<\/li>\n<li data-sourcepos=\"14:1-15:0\"><strong>Organisation:<\/strong> Die Koordination von An- und Abreisen sowie die Kommunikation mit den Vermietern ist oft mit einem hohen organisatorischen Aufwand verbunden.<\/li>\n<\/ul>\n<p><\/p>\t\t\t\t\t\t\t\t<\/div>\n\t\t\t\t<\/div>\n\t\t\t\t\t<\/div>\n\t\t\t\t<\/div>\n\t\t<div data-particle_enable=\"false\" data-particle-mobile-disabled=\"false\" class=\"elementor-element elementor-element-fba9bf9 e-flex e-con-boxed e-con e-parent\" data-id=\"fba9bf9\" data-element_type=\"container\">\n\t\t\t\t\t<div class=\"e-con-inner\">\n\t\t<div data-particle_enable=\"false\" data-particle-mobile-disabled=\"false\" class=\"elementor-element elementor-element-1a6b211 e-con-full e-flex e-con e-child\" data-id=\"1a6b211\" data-element_type=\"container\">\n\t\t\t\t<div class=\"elementor-element elementor-element-e5debcd elementor-widget__width-initial elementor-widget elementor-widget-text-editor\" data-id=\"e5debcd\" data-element_type=\"widget\" data-widget_type=\"text-editor.default\">\n\t\t\t\t<div class=\"elementor-widget-container\">\n\t\t\t\t\t\t\t\t\t<h3 data-sourcepos=\"9:1-9:28\">Die perfekte Monteurwohnung f\u00fcr Ihre Mitarbeiter<\/h3>\n<p data-sourcepos=\"18:1-18:226\">Mit unserer Monteurwohnung bieten wir Ihnen eine unkomplizierte und zuverl\u00e4ssige L\u00f6sung. Wir nehmen Ihnen die gesamte Organisation ab und k\u00fcmmern uns um alles, was f\u00fcr einen angenehmen Aufenthalt Ihrer Mitarbeiter wichtig ist.<\/p>\n<p data-sourcepos=\"20:1-20:53\">\u00a0<\/p>\t\t\t\t\t\t\t\t<\/div>\n\t\t\t\t<\/div>\n\t\t\t\t<\/div>\n\t\t<div data-particle_enable=\"false\" data-particle-mobile-disabled=\"false\" class=\"elementor-element elementor-element-506c4a5 e-con-full e-flex e-con e-child\" data-id=\"506c4a5\" data-element_type=\"container\">\n\t\t\t\t<div class=\"elementor-element elementor-element-d483f8b elementor-widget elementor-widget-image\" data-id=\"d483f8b\" data-element_type=\"widget\" data-widget_type=\"image.default\">\n\t\t\t\t<div class=\"elementor-widget-container\">\n\t\t\t\t\t\t\t\t\t\t\t\t\t\t\t<img fetchpriority=\"high\" decoding=\"async\" width=\"717\" height=\"612\" src=\"https:\/\/fewo-am-rauhen-kulm.de\/wp-content\/uploads\/2024\/09\/IMG_7434-1.jpg\" class=\"attachment-large size-large wp-image-2352\" alt=\"\" srcset=\"https:\/\/fewo-am-rauhen-kulm.de\/wp-content\/uploads\/2024\/09\/IMG_7434-1.jpg 717w, https:\/\/fewo-am-rauhen-kulm.de\/wp-content\/uploads\/2024\/09\/IMG_7434-1-300x256.jpg 300w\" sizes=\"(max-width: 717px) 100vw, 717px\" \/>\t\t\t\t\t\t\t\t\t\t\t\t\t\t\t<\/div>\n\t\t\t\t<\/div>\n\t\t\t\t<\/div>\n\t\t\t\t\t<\/div>\n\t\t\t\t<\/div>\n\t\t<div data-particle_enable=\"false\" data-particle-mobile-disabled=\"false\" class=\"elementor-element elementor-element-6116d30 e-flex e-con-boxed e-con e-parent\" data-id=\"6116d30\" data-element_type=\"container\">\n\t\t\t\t\t<div class=\"e-con-inner\">\n\t\t<div data-particle_enable=\"false\" data-particle-mobile-disabled=\"false\" class=\"elementor-element elementor-element-36a2bea e-con-full e-flex e-con e-child\" data-id=\"36a2bea\" data-element_type=\"container\">\n\t\t\t\t<div class=\"elementor-element elementor-element-2dfa3dd elementor-widget__width-initial elementor-widget elementor-widget-image\" data-id=\"2dfa3dd\" data-element_type=\"widget\" data-widget_type=\"image.default\">\n\t\t\t\t<div class=\"elementor-widget-container\">\n\t\t\t\t\t\t\t\t\t\t\t\t\t\t\t<img decoding=\"async\" width=\"800\" height=\"600\" src=\"https:\/\/fewo-am-rauhen-kulm.de\/wp-content\/uploads\/2024\/09\/IMG_7442.jpg\" class=\"attachment-large size-large wp-image-1809\" alt=\"\" srcset=\"https:\/\/fewo-am-rauhen-kulm.de\/wp-content\/uploads\/2024\/09\/IMG_7442.jpg 1008w, https:\/\/fewo-am-rauhen-kulm.de\/wp-content\/uploads\/2024\/09\/IMG_7442-300x225.jpg 300w, https:\/\/fewo-am-rauhen-kulm.de\/wp-content\/uploads\/2024\/09\/IMG_7442-768x576.jpg 768w\" sizes=\"(max-width: 800px) 100vw, 800px\" \/>\t\t\t\t\t\t\t\t\t\t\t\t\t\t\t<\/div>\n\t\t\t\t<\/div>\n\t\t\t\t<\/div>\n\t\t<div data-particle_enable=\"false\" data-particle-mobile-disabled=\"false\" class=\"elementor-element elementor-element-8368371 e-con-full e-flex e-con e-child\" data-id=\"8368371\" data-element_type=\"container\">\n\t\t\t\t<div class=\"elementor-element elementor-element-18fe504 elementor-widget elementor-widget-text-editor\" data-id=\"18fe504\" data-element_type=\"widget\" data-widget_type=\"text-editor.default\">\n\t\t\t\t<div class=\"elementor-widget-container\">\n\t\t\t\t\t\t\t\t\t<h4 data-sourcepos=\"20:1-20:53\"><strong>Die Vorteile unserer Monteurwohnung im \u00dcberblick:<\/strong><\/h4>\n<ul data-sourcepos=\"10:1-11:100\">\n<li data-sourcepos=\"22:1-22:122\"><strong>Zeitersparnis:<\/strong> Sie konzentrieren sich auf Ihr Gesch\u00e4ft, w\u00e4hrend wir uns um die Unterkunft Ihrer Mitarbeiter k\u00fcmmern.<\/li>\n<li data-sourcepos=\"23:1-23:135\"><strong>Sicherheit:<\/strong> Alle Unterk\u00fcnfte entsprechen h\u00f6chsten Qualit\u00e4tsstandards und bieten Ihren Mitarbeitern einen komfortablen Aufenthalt.<\/li>\n<li data-sourcepos=\"24:1-24:120\"><strong>Flexibilit\u00e4t:<\/strong> Wir passen uns Ihren individuellen Bed\u00fcrfnissen an und finden die perfekte L\u00f6sung f\u00fcr jedes Projekt.<\/li>\n<li data-sourcepos=\"25:1-25:79\"><strong>Kostenkontrolle:<\/strong> Transparent kalkulierbare Preise ohne versteckte Kosten.<\/li>\n<li data-sourcepos=\"26:1-27:0\"><strong>Service:<\/strong> Wir stehen Ihnen jederzeit f\u00fcr Fragen zur Verf\u00fcgung und k\u00fcmmern uns um alle Belange Ihrer Mitarbeiter.<\/li>\n<\/ul>\t\t\t\t\t\t\t\t<\/div>\n\t\t\t\t<\/div>\n\t\t\t\t<\/div>\n\t\t\t\t\t<\/div>\n\t\t\t\t<\/div>\n\t\t<div data-particle_enable=\"false\" data-particle-mobile-disabled=\"false\" class=\"elementor-element elementor-element-64e95fa e-flex e-con-boxed e-con e-parent\" data-id=\"64e95fa\" data-element_type=\"container\">\n\t\t\t\t\t<div class=\"e-con-inner\">\n\t\t<div data-particle_enable=\"false\" data-particle-mobile-disabled=\"false\" class=\"elementor-element elementor-element-b343661 e-con-full e-flex e-con e-child\" data-id=\"b343661\" data-element_type=\"container\">\n\t\t\t\t<div class=\"elementor-element elementor-element-2bb6f5f elementor-widget elementor-widget-text-editor\" data-id=\"2bb6f5f\" data-element_type=\"widget\" data-widget_type=\"text-editor.default\">\n\t\t\t\t<div class=\"elementor-widget-container\">\n\t\t\t\t\t\t\t\t\t<h3>Warum Sie sich f\u00fcr unsere Monteurwohnung entscheiden sollten:\u200b<\/h3>\n<ul>\n<li data-sourcepos=\"30:1-30:99\"><strong>Zufriedene Mitarbeiter:<\/strong> Gut untergebrachte Mitarbeiter sind motivierter und leistungsf\u00e4higer.<\/li>\n<li data-sourcepos=\"31:1-31:105\"><strong>Geringer Verwaltungsaufwand:<\/strong> Sparen Sie Zeit und Nerven durch unsere umfassenden Serviceleistungen.<\/li>\n<li data-sourcepos=\"32:1-33:0\"><strong>Konzentration auf das Wesentliche:<\/strong> Widmen Sie sich Ihrem Kerngesch\u00e4ft und \u00fcberlassen Sie uns die Organisation der Unterk\u00fcnfte.<\/li>\n<\/ul>\t\t\t\t\t\t\t\t<\/div>\n\t\t\t\t<\/div>\n\t\t\t\t<\/div>\n\t\t<div data-particle_enable=\"false\" data-particle-mobile-disabled=\"false\" class=\"elementor-element elementor-element-fa84f6c e-con-full e-flex e-con e-child\" data-id=\"fa84f6c\" data-element_type=\"container\">\n\t\t\t\t<div class=\"elementor-element elementor-element-6d0bdd7 elementor-widget__width-initial elementor-widget elementor-widget-image\" data-id=\"6d0bdd7\" data-element_type=\"widget\" data-widget_type=\"image.default\">\n\t\t\t\t<div class=\"elementor-widget-container\">\n\t\t\t\t\t\t\t\t\t\t\t\t\t\t\t<img decoding=\"async\" width=\"1915\" height=\"1456\" src=\"https:\/\/fewo-am-rauhen-kulm.de\/wp-content\/uploads\/2024\/09\/rehina-sultanova-0Ymt53tBapQ-unsplash-1.jpg\" class=\"attachment-2048x2048 size-2048x2048 wp-image-1756\" alt=\"\" srcset=\"https:\/\/fewo-am-rauhen-kulm.de\/wp-content\/uploads\/2024\/09\/rehina-sultanova-0Ymt53tBapQ-unsplash-1.jpg 1915w, https:\/\/fewo-am-rauhen-kulm.de\/wp-content\/uploads\/2024\/09\/rehina-sultanova-0Ymt53tBapQ-unsplash-1-300x228.jpg 300w, https:\/\/fewo-am-rauhen-kulm.de\/wp-content\/uploads\/2024\/09\/rehina-sultanova-0Ymt53tBapQ-unsplash-1-1024x779.jpg 1024w, https:\/\/fewo-am-rauhen-kulm.de\/wp-content\/uploads\/2024\/09\/rehina-sultanova-0Ymt53tBapQ-unsplash-1-768x584.jpg 768w, https:\/\/fewo-am-rauhen-kulm.de\/wp-content\/uploads\/2024\/09\/rehina-sultanova-0Ymt53tBapQ-unsplash-1-1536x1168.jpg 1536w\" sizes=\"(max-width: 1915px) 100vw, 1915px\" \/>\t\t\t\t\t\t\t\t\t\t\t\t\t\t\t<\/div>\n\t\t\t\t<\/div>\n\t\t\t\t<\/div>\n\t\t\t\t\t<\/div>\n\t\t\t\t<\/div>\n\t\t<div data-particle_enable=\"false\" data-particle-mobile-disabled=\"false\" class=\"elementor-element elementor-element-d490655 e-flex e-con-boxed e-con e-parent\" data-id=\"d490655\" data-element_type=\"container\">\n\t\t\t\t\t<div class=\"e-con-inner\">\n\t\t<div data-particle_enable=\"false\" data-particle-mobile-disabled=\"false\" class=\"elementor-element elementor-element-6bcc56c e-con-full e-flex e-con e-child\" data-id=\"6bcc56c\" data-element_type=\"container\">\n\t\t\t\t<div class=\"elementor-element elementor-element-b3f9050 elementor-widget-divider--view-line elementor-widget elementor-widget-divider\" data-id=\"b3f9050\" data-element_type=\"widget\" data-widget_type=\"divider.default\">\n\t\t\t\t<div class=\"elementor-widget-container\">\n\t\t\t\t\t\t\t<div class=\"elementor-divider\">\n\t\t\t<span class=\"elementor-divider-separator\">\n\t\t\t\t\t\t<\/span>\n\t\t<\/div>\n\t\t\t\t\t\t<\/div>\n\t\t\t\t<\/div>\n\t\t\t\t<div class=\"elementor-element elementor-element-f310872 elementor-widget elementor-widget-spacer\" data-id=\"f310872\" data-element_type=\"widget\" data-widget_type=\"spacer.default\">\n\t\t\t\t<div class=\"elementor-widget-container\">\n\t\t\t\t\t\t\t<div class=\"elementor-spacer\">\n\t\t\t<div class=\"elementor-spacer-inner\"><\/div>\n\t\t<\/div>\n\t\t\t\t\t\t<\/div>\n\t\t\t\t<\/div>\n\t\t\t\t<div class=\"elementor-element elementor-element-f1dc40e elementor-cta--skin-cover elementor-cta--valign-middle elementor-animated-content elementor-bg-transform elementor-bg-transform-zoom-in elementor-widget elementor-widget-call-to-action\" data-id=\"f1dc40e\" data-element_type=\"widget\" data-widget_type=\"call-to-action.default\">\n\t\t\t\t<div class=\"elementor-widget-container\">\n\t\t\t\t\t\t\t<a class=\"elementor-cta\" href=\"\/apartment-sonnenseite\">\n\t\t\t\t\t<div class=\"elementor-cta__bg-wrapper\">\n\t\t\t\t<div class=\"elementor-cta__bg elementor-bg\" style=\"background-image: url(https:\/\/fewo-am-rauhen-kulm.de\/wp-content\/uploads\/2024\/09\/IMG_7442.jpg);\" role=\"img\" aria-label=\"IMG_7442\"><\/div>\n\t\t\t\t<div class=\"elementor-cta__bg-overlay\"><\/div>\n\t\t\t<\/div>\n\t\t\t\t\t\t\t<div class=\"elementor-cta__content\">\n\t\t\t\t\t\t\t\t\t<div class=\"elementor-content-item elementor-cta__content-item elementor-icon-wrapper elementor-cta__icon elementor-view-default elementor-animated-item--grow\">\n\t\t\t\t\t\t<div class=\"elementor-icon\">\n\t\t\t\t\t\t\t\t\t\t\t\t\t<\/div>\n\t\t\t\t\t<\/div>\n\t\t\t\t\n\t\t\t\t\t\t\t\t\t<h2 class=\"elementor-cta__title elementor-cta__content-item elementor-content-item elementor-animated-item--grow\">\n\t\t\t\t\t\tApartment Sonnenseite\t\t\t\t\t<\/h2>\n\t\t\t\t\n\t\t\t\t\t\t\t\t\t<div class=\"elementor-cta__description elementor-cta__content-item elementor-content-item elementor-animated-item--grow\">\n\t\t\t\t\t\tDie ideale Unterkunft f\u00fcr bis zu 5 Mitarbeiter.\t\t\t\t\t<\/div>\n\t\t\t\t\n\t\t\t\t\t\t\t\t\t<div class=\"elementor-cta__button-wrapper elementor-cta__content-item elementor-content-item elementor-animated-item--grow\">\n\t\t\t\t\t<span class=\"elementor-cta__button elementor-button elementor-size-\">\n\t\t\t\t\t\tUnterkunft ansehen\t\t\t\t\t<\/span>\n\t\t\t\t\t<\/div>\n\t\t\t\t\t\t\t<\/div>\n\t\t\t\t\t\t\t<div class=\"elementor-ribbon\">\n\t\t\t\t<div class=\"elementor-ribbon-inner\">Aktion<\/div>\n\t\t\t<\/div>\n\t\t\t\t<\/a>\n\t\t\t\t\t\t<\/div>\n\t\t\t\t<\/div>\n\t\t\t\t<div class=\"elementor-element elementor-element-908af99 elementor-widget elementor-widget-spacer\" data-id=\"908af99\" data-element_type=\"widget\" data-widget_type=\"spacer.default\">\n\t\t\t\t<div class=\"elementor-widget-container\">\n\t\t\t\t\t\t\t<div class=\"elementor-spacer\">\n\t\t\t<div class=\"elementor-spacer-inner\"><\/div>\n\t\t<\/div>\n\t\t\t\t\t\t<\/div>\n\t\t\t\t<\/div>\n\t\t\t\t<div class=\"elementor-element elementor-element-0a95d51 elementor-widget elementor-widget-text-editor\" data-id=\"0a95d51\" data-element_type=\"widget\" data-widget_type=\"text-editor.default\">\n\t\t\t\t<div class=\"elementor-widget-container\">\n\t\t\t\t\t\t\t\t\t<p data-sourcepos=\"20:1-21:216\">Mit unserer <strong>Monteurwohnung<\/strong> machen Sie Ihren <strong>Mitarbeitern<\/strong> ein attraktives Angebot und sorgen f\u00fcr einen <strong>reibungslosen<\/strong> <strong>Ablauf<\/strong> Ihrer <strong>Projekte<\/strong>. <strong>Kontaktieren<\/strong> Sie uns noch <strong>heute<\/strong> und lassen Sie sich von unserem umfassenden Service \u00fcberzeugen!<\/p>\t\t\t\t\t\t\t\t<\/div>\n\t\t\t\t<\/div>\n\t\t\t\t<div class=\"elementor-element elementor-element-161d25a elementor-align-center elementor-widget elementor-widget-button\" data-id=\"161d25a\" data-element_type=\"widget\" data-widget_type=\"button.default\">\n\t\t\t\t<div class=\"elementor-widget-container\">\n\t\t\t\t\t\t\t\t\t<div class=\"elementor-button-wrapper\">\n\t\t\t\t\t<a class=\"elementor-button elementor-button-link elementor-size-sm\" href=\"mailto:info@fewo-am-rauhen-kulm.de\" target=\"_blank\">\n\t\t\t\t\t\t<span class=\"elementor-button-content-wrapper\">\n\t\t\t\t\t\t\t\t\t<span class=\"elementor-button-text\">E-Mail schreiben<\/span>\n\t\t\t\t\t<\/span>\n\t\t\t\t\t<\/a>\n\t\t\t\t<\/div>\n\t\t\t\t\t\t\t\t<\/div>\n\t\t\t\t<\/div>\n\t\t\t\t<div class=\"elementor-element elementor-element-4098d00 elementor-widget elementor-widget-spacer\" data-id=\"4098d00\" data-element_type=\"widget\" data-widget_type=\"spacer.default\">\n\t\t\t\t<div class=\"elementor-widget-container\">\n\t\t\t\t\t\t\t<div class=\"elementor-spacer\">\n\t\t\t<div class=\"elementor-spacer-inner\"><\/div>\n\t\t<\/div>\n\t\t\t\t\t\t<\/div>\n\t\t\t\t<\/div>\n\t\t\t\t<\/div>\n\t\t\t\t\t<\/div>\n\t\t\t\t<\/div>\n\t\t\t\t<\/div>","protected":false},"excerpt":{"rendered":"<p>Als Unternehmer oder Selbstst\u00e4ndiger sind Sie mit zahlreichen Aufgaben besch\u00e4ftigt. Die Organisation von Monteurunterk\u00fcnften sollte nicht zu einer zus\u00e4tzlichen Belastung werden. Denn eine passende Mitarbeiterunterkunft ist entscheidend f\u00fcr die Zufriedenheit Ihrer Mitarbeiter und den reibungslosen Ablauf Ihrer Projekte.<\/p>","protected":false},"author":1,"featured_media":1742,"comment_status":"closed","ping_status":"open","sticky":false,"template":"elementor_theme","format":"standard","meta":{"_monsterinsights_skip_tracking":false,"_monsterinsights_sitenote_active":false,"_monsterinsights_sitenote_note":"","_monsterinsights_sitenote_category":0,"footnotes":""},"categories":[1],"tags":[21,23,22,20,19,24],"class_list":["post-1737","post","type-post","status-publish","format-standard","has-post-thumbnail","hentry","category-blog","tag-firmenwohnung","tag-geschaeftsreise","tag-mitarbeiterunterkunft","tag-mitarbeiterzufriedenheit","tag-stressfrei","tag-unterkunft-fuer-monteure"],"yoast_head":"<!-- This site is optimized with the Yoast SEO Premium plugin v24.1 (Yoast SEO v24.2) - https:\/\/yoast.com\/wordpress\/plugins\/seo\/ -->\n<title>Monteurunterkunft - Schnell, flexible Buchung und g\u00fcnstig.<\/title>\n<meta name=\"description\" content=\"Keine Zeit f\u00fcr die Suche nach passenden Unterk\u00fcnften? Mit unseren Monteurwohnungen finden Sie die perfekte L\u00f6sung f\u00fcr Ihre Mitarbeiter. Profitieren Sie von flexiblen Buchungen, transparenten Preisen und einem umfassenden Service.\" \/>\n<meta name=\"robots\" content=\"index, follow, max-snippet:-1, max-image-preview:large, max-video-preview:-1\" \/>\n<link rel=\"canonical\" href=\"https:\/\/fewo-am-rauhen-kulm.de\/cs\/monteurunterkunft\/\" \/>\n<meta property=\"og:locale\" content=\"cs_CZ\" \/>\n<meta property=\"og:type\" content=\"article\" \/>\n<meta property=\"og:title\" content=\"Monteurunterkunft: Zufriedenheit f\u00fcr Ihr Team\" \/>\n<meta property=\"og:description\" content=\"Monteurunterkunft f\u00fcr Ihre Mitarbeiter. Finden Sie die ideale L\u00f6sung f\u00fcr Ihr Projekt!\" \/>\n<meta property=\"og:url\" content=\"https:\/\/fewo-am-rauhen-kulm.de\/cs\/monteurunterkunft\/\" \/>\n<meta property=\"og:site_name\" content=\"Ferienwohnung\" \/>\n<meta property=\"article:published_time\" content=\"2024-09-06T10:32:05+00:00\" \/>\n<meta property=\"article:modified_time\" content=\"2024-09-11T16:26:41+00:00\" \/>\n<meta property=\"og:image\" content=\"https:\/\/fewo-am-rauhen-kulm.de\/wp-content\/uploads\/2024\/09\/david-siglin-UuW4psOb388-unsplash-1.jpg\" \/>\n\t<meta property=\"og:image:width\" content=\"1920\" \/>\n\t<meta property=\"og:image:height\" content=\"1371\" \/>\n\t<meta property=\"og:image:type\" content=\"image\/jpeg\" \/>\n<meta name=\"author\" content=\"AbsoluteGravity\" \/>\n<meta name=\"twitter:card\" content=\"summary_large_image\" \/>\n<meta name=\"twitter:title\" content=\"Monteurunterkunft: Zufriedenheit f\u00fcr Ihr Team\" \/>\n<meta name=\"twitter:description\" content=\"Monteurunterkunft f\u00fcr Ihre Mitarbeiter. Finden Sie die ideale L\u00f6sung f\u00fcr Ihr Projekt!\" \/>\n<meta name=\"twitter:label1\" content=\"Napsal(a)\" \/>\n\t<meta name=\"twitter:data1\" content=\"AbsoluteGravity\" \/>\n\t<meta name=\"twitter:label2\" content=\"Odhadovan\u00e1 doba \u010dten\u00ed\" \/>\n\t<meta name=\"twitter:data2\" content=\"3 minuty\" \/>\n<script type=\"application\/ld+json\" class=\"yoast-schema-graph\">{\"@context\":\"https:\/\/schema.org\",\"@graph\":[{\"@type\":\"Article\",\"@id\":\"https:\/\/fewo-am-rauhen-kulm.de\/monteurunterkunft\/#article\",\"isPartOf\":{\"@id\":\"https:\/\/fewo-am-rauhen-kulm.de\/monteurunterkunft\/\"},\"author\":{\"name\":\"AbsoluteGravity\",\"@id\":\"https:\/\/fewo-am-rauhen-kulm.de\/#\/schema\/person\/1399531c1585af7f9636c4712262fa99\"},\"headline\":\"Stressfrei zum erfolgreichen Einsatz: So finden Sie die perfekte Monteurunterkunft\",\"datePublished\":\"2024-09-06T10:32:05+00:00\",\"dateModified\":\"2024-09-11T16:26:41+00:00\",\"mainEntityOfPage\":{\"@id\":\"https:\/\/fewo-am-rauhen-kulm.de\/monteurunterkunft\/\"},\"wordCount\":321,\"publisher\":{\"@id\":\"https:\/\/fewo-am-rauhen-kulm.de\/#organization\"},\"image\":{\"@id\":\"https:\/\/fewo-am-rauhen-kulm.de\/monteurunterkunft\/#primaryimage\"},\"thumbnailUrl\":\"https:\/\/fewo-am-rauhen-kulm.de\/wp-content\/uploads\/2024\/09\/david-siglin-UuW4psOb388-unsplash-1.jpg\",\"keywords\":[\"FIrmenwohnung\",\"Gesch\u00e4ftsreise\",\"Mitarbeiterunterkunft\",\"Mitarbeiterzufriedenheit\",\"stressfrei\",\"Unterkunft f\u00fcr Monteure\"],\"articleSection\":[\"Blog\"],\"inLanguage\":\"cs\"},{\"@type\":\"WebPage\",\"@id\":\"https:\/\/fewo-am-rauhen-kulm.de\/monteurunterkunft\/\",\"url\":\"https:\/\/fewo-am-rauhen-kulm.de\/monteurunterkunft\/\",\"name\":\"Monteurunterkunft - Schnell, flexible Buchung und g\u00fcnstig.\",\"isPartOf\":{\"@id\":\"https:\/\/fewo-am-rauhen-kulm.de\/#website\"},\"primaryImageOfPage\":{\"@id\":\"https:\/\/fewo-am-rauhen-kulm.de\/monteurunterkunft\/#primaryimage\"},\"image\":{\"@id\":\"https:\/\/fewo-am-rauhen-kulm.de\/monteurunterkunft\/#primaryimage\"},\"thumbnailUrl\":\"https:\/\/fewo-am-rauhen-kulm.de\/wp-content\/uploads\/2024\/09\/david-siglin-UuW4psOb388-unsplash-1.jpg\",\"datePublished\":\"2024-09-06T10:32:05+00:00\",\"dateModified\":\"2024-09-11T16:26:41+00:00\",\"description\":\"Keine Zeit f\u00fcr die Suche nach passenden Unterk\u00fcnften? Mit unseren Monteurwohnungen finden Sie die perfekte L\u00f6sung f\u00fcr Ihre Mitarbeiter. Profitieren Sie von flexiblen Buchungen, transparenten Preisen und einem umfassenden Service.\",\"breadcrumb\":{\"@id\":\"https:\/\/fewo-am-rauhen-kulm.de\/monteurunterkunft\/#breadcrumb\"},\"inLanguage\":\"cs\",\"potentialAction\":[{\"@type\":\"ReadAction\",\"target\":[\"https:\/\/fewo-am-rauhen-kulm.de\/monteurunterkunft\/\"]}]},{\"@type\":\"ImageObject\",\"inLanguage\":\"cs\",\"@id\":\"https:\/\/fewo-am-rauhen-kulm.de\/monteurunterkunft\/#primaryimage\",\"url\":\"https:\/\/fewo-am-rauhen-kulm.de\/wp-content\/uploads\/2024\/09\/david-siglin-UuW4psOb388-unsplash-1.jpg\",\"contentUrl\":\"https:\/\/fewo-am-rauhen-kulm.de\/wp-content\/uploads\/2024\/09\/david-siglin-UuW4psOb388-unsplash-1.jpg\",\"width\":1920,\"height\":1371},{\"@type\":\"BreadcrumbList\",\"@id\":\"https:\/\/fewo-am-rauhen-kulm.de\/monteurunterkunft\/#breadcrumb\",\"itemListElement\":[{\"@type\":\"ListItem\",\"position\":1,\"name\":\"Startseite\",\"item\":\"https:\/\/fewo-am-rauhen-kulm.de\/\"},{\"@type\":\"ListItem\",\"position\":2,\"name\":\"Stressfrei zum erfolgreichen Einsatz: So finden Sie die perfekte Monteurunterkunft\"}]},{\"@type\":\"WebSite\",\"@id\":\"https:\/\/fewo-am-rauhen-kulm.de\/#website\",\"url\":\"https:\/\/fewo-am-rauhen-kulm.de\/\",\"name\":\"Ferienwohnung am Rauhen Kulm\",\"description\":\"Unterkunft in Neustadt am Kulm\",\"publisher\":{\"@id\":\"https:\/\/fewo-am-rauhen-kulm.de\/#organization\"},\"alternateName\":\"Urlaub in Neustadt am Kulm\",\"potentialAction\":[{\"@type\":\"SearchAction\",\"target\":{\"@type\":\"EntryPoint\",\"urlTemplate\":\"https:\/\/fewo-am-rauhen-kulm.de\/?s={search_term_string}\"},\"query-input\":{\"@type\":\"PropertyValueSpecification\",\"valueRequired\":true,\"valueName\":\"search_term_string\"}}],\"inLanguage\":\"cs\"},{\"@type\":\"Organization\",\"@id\":\"https:\/\/fewo-am-rauhen-kulm.de\/#organization\",\"name\":\"Ferienwohnung am Rauhen Kulm\",\"url\":\"https:\/\/fewo-am-rauhen-kulm.de\/\",\"logo\":{\"@type\":\"ImageObject\",\"inLanguage\":\"cs\",\"@id\":\"https:\/\/fewo-am-rauhen-kulm.de\/#\/schema\/logo\/image\/\",\"url\":\"https:\/\/fewo-am-rauhen-kulm.de\/wp-content\/uploads\/2024\/06\/Unbenannt-1.jpg\",\"contentUrl\":\"https:\/\/fewo-am-rauhen-kulm.de\/wp-content\/uploads\/2024\/06\/Unbenannt-1.jpg\",\"width\":800,\"height\":620,\"caption\":\"Ferienwohnung am Rauhen Kulm\"},\"image\":{\"@id\":\"https:\/\/fewo-am-rauhen-kulm.de\/#\/schema\/logo\/image\/\"},\"email\":\"info@fewo-am-rauhen-kulm.de\"},{\"@type\":\"Person\",\"@id\":\"https:\/\/fewo-am-rauhen-kulm.de\/#\/schema\/person\/1399531c1585af7f9636c4712262fa99\",\"name\":\"AbsoluteGravity\",\"image\":{\"@type\":\"ImageObject\",\"inLanguage\":\"cs\",\"@id\":\"https:\/\/fewo-am-rauhen-kulm.de\/#\/schema\/person\/image\/\",\"url\":\"https:\/\/secure.gravatar.com\/avatar\/1e840d282d0425f458e9d9a566e20db444da3c3fb963c3b903f257abd5fc4b81?s=96&d=mm&r=g\",\"contentUrl\":\"https:\/\/secure.gravatar.com\/avatar\/1e840d282d0425f458e9d9a566e20db444da3c3fb963c3b903f257abd5fc4b81?s=96&d=mm&r=g\",\"caption\":\"AbsoluteGravity\"},\"sameAs\":[\"http:\/\/fewo-am-rauhen-kulm.de\"],\"url\":\"https:\/\/fewo-am-rauhen-kulm.de\/cs\/author\/absolutegravity\/\"}]}<\/script>\n<!-- \/ Yoast SEO Premium plugin. -->","yoast_head_json":{"title":"Monteurunterkunft - Schnell, flexible Buchung und g\u00fcnstig.","description":"Keine Zeit f\u00fcr die Suche nach passenden Unterk\u00fcnften? Mit unseren Monteurwohnungen finden Sie die perfekte L\u00f6sung f\u00fcr Ihre Mitarbeiter. Profitieren Sie von flexiblen Buchungen, transparenten Preisen und einem umfassenden Service.","robots":{"index":"index","follow":"follow","max-snippet":"max-snippet:-1","max-image-preview":"max-image-preview:large","max-video-preview":"max-video-preview:-1"},"canonical":"https:\/\/fewo-am-rauhen-kulm.de\/cs\/monteurunterkunft\/","og_locale":"cs_CZ","og_type":"article","og_title":"Monteurunterkunft: Zufriedenheit f\u00fcr Ihr Team","og_description":"Monteurunterkunft f\u00fcr Ihre Mitarbeiter. Finden Sie die ideale L\u00f6sung f\u00fcr Ihr Projekt!","og_url":"https:\/\/fewo-am-rauhen-kulm.de\/cs\/monteurunterkunft\/","og_site_name":"Ferienwohnung","article_published_time":"2024-09-06T10:32:05+00:00","article_modified_time":"2024-09-11T16:26:41+00:00","og_image":[{"width":1920,"height":1371,"url":"https:\/\/fewo-am-rauhen-kulm.de\/wp-content\/uploads\/2024\/09\/david-siglin-UuW4psOb388-unsplash-1.jpg","type":"image\/jpeg"}],"author":"AbsoluteGravity","twitter_card":"summary_large_image","twitter_title":"Monteurunterkunft: Zufriedenheit f\u00fcr Ihr Team","twitter_description":"Monteurunterkunft f\u00fcr Ihre Mitarbeiter. Finden Sie die ideale L\u00f6sung f\u00fcr Ihr Projekt!","twitter_misc":{"Napsal(a)":"AbsoluteGravity","Odhadovan\u00e1 doba \u010dten\u00ed":"3 minuty"},"schema":{"@context":"https:\/\/schema.org","@graph":[{"@type":"Article","@id":"https:\/\/fewo-am-rauhen-kulm.de\/monteurunterkunft\/#article","isPartOf":{"@id":"https:\/\/fewo-am-rauhen-kulm.de\/monteurunterkunft\/"},"author":{"name":"AbsoluteGravity","@id":"https:\/\/fewo-am-rauhen-kulm.de\/#\/schema\/person\/1399531c1585af7f9636c4712262fa99"},"headline":"Stressfrei zum erfolgreichen Einsatz: So finden Sie die perfekte Monteurunterkunft","datePublished":"2024-09-06T10:32:05+00:00","dateModified":"2024-09-11T16:26:41+00:00","mainEntityOfPage":{"@id":"https:\/\/fewo-am-rauhen-kulm.de\/monteurunterkunft\/"},"wordCount":321,"publisher":{"@id":"https:\/\/fewo-am-rauhen-kulm.de\/#organization"},"image":{"@id":"https:\/\/fewo-am-rauhen-kulm.de\/monteurunterkunft\/#primaryimage"},"thumbnailUrl":"https:\/\/fewo-am-rauhen-kulm.de\/wp-content\/uploads\/2024\/09\/david-siglin-UuW4psOb388-unsplash-1.jpg","keywords":["FIrmenwohnung","Gesch\u00e4ftsreise","Mitarbeiterunterkunft","Mitarbeiterzufriedenheit","stressfrei","Unterkunft f\u00fcr Monteure"],"articleSection":["Blog"],"inLanguage":"cs"},{"@type":"WebPage","@id":"https:\/\/fewo-am-rauhen-kulm.de\/monteurunterkunft\/","url":"https:\/\/fewo-am-rauhen-kulm.de\/monteurunterkunft\/","name":"Monteurunterkunft - Schnell, flexible Buchung und g\u00fcnstig.","isPartOf":{"@id":"https:\/\/fewo-am-rauhen-kulm.de\/#website"},"primaryImageOfPage":{"@id":"https:\/\/fewo-am-rauhen-kulm.de\/monteurunterkunft\/#primaryimage"},"image":{"@id":"https:\/\/fewo-am-rauhen-kulm.de\/monteurunterkunft\/#primaryimage"},"thumbnailUrl":"https:\/\/fewo-am-rauhen-kulm.de\/wp-content\/uploads\/2024\/09\/david-siglin-UuW4psOb388-unsplash-1.jpg","datePublished":"2024-09-06T10:32:05+00:00","dateModified":"2024-09-11T16:26:41+00:00","description":"Keine Zeit f\u00fcr die Suche nach passenden Unterk\u00fcnften? Mit unseren Monteurwohnungen finden Sie die perfekte L\u00f6sung f\u00fcr Ihre Mitarbeiter. Profitieren Sie von flexiblen Buchungen, transparenten Preisen und einem umfassenden Service.","breadcrumb":{"@id":"https:\/\/fewo-am-rauhen-kulm.de\/monteurunterkunft\/#breadcrumb"},"inLanguage":"cs","potentialAction":[{"@type":"ReadAction","target":["https:\/\/fewo-am-rauhen-kulm.de\/monteurunterkunft\/"]}]},{"@type":"ImageObject","inLanguage":"cs","@id":"https:\/\/fewo-am-rauhen-kulm.de\/monteurunterkunft\/#primaryimage","url":"https:\/\/fewo-am-rauhen-kulm.de\/wp-content\/uploads\/2024\/09\/david-siglin-UuW4psOb388-unsplash-1.jpg","contentUrl":"https:\/\/fewo-am-rauhen-kulm.de\/wp-content\/uploads\/2024\/09\/david-siglin-UuW4psOb388-unsplash-1.jpg","width":1920,"height":1371},{"@type":"BreadcrumbList","@id":"https:\/\/fewo-am-rauhen-kulm.de\/monteurunterkunft\/#breadcrumb","itemListElement":[{"@type":"ListItem","position":1,"name":"Startseite","item":"https:\/\/fewo-am-rauhen-kulm.de\/"},{"@type":"ListItem","position":2,"name":"Stressfrei zum erfolgreichen Einsatz: So finden Sie die perfekte Monteurunterkunft"}]},{"@type":"WebSite","@id":"https:\/\/fewo-am-rauhen-kulm.de\/#website","url":"https:\/\/fewo-am-rauhen-kulm.de\/","name":"Ferienwohnung am Rauhen Kulm","description":"Unterkunft in Neustadt am Kulm","publisher":{"@id":"https:\/\/fewo-am-rauhen-kulm.de\/#organization"},"alternateName":"Urlaub in Neustadt am Kulm","potentialAction":[{"@type":"SearchAction","target":{"@type":"EntryPoint","urlTemplate":"https:\/\/fewo-am-rauhen-kulm.de\/?s={search_term_string}"},"query-input":{"@type":"PropertyValueSpecification","valueRequired":true,"valueName":"search_term_string"}}],"inLanguage":"cs"},{"@type":"Organization","@id":"https:\/\/fewo-am-rauhen-kulm.de\/#organization","name":"Ferienwohnung am Rauhen Kulm","url":"https:\/\/fewo-am-rauhen-kulm.de\/","logo":{"@type":"ImageObject","inLanguage":"cs","@id":"https:\/\/fewo-am-rauhen-kulm.de\/#\/schema\/logo\/image\/","url":"https:\/\/fewo-am-rauhen-kulm.de\/wp-content\/uploads\/2024\/06\/Unbenannt-1.jpg","contentUrl":"https:\/\/fewo-am-rauhen-kulm.de\/wp-content\/uploads\/2024\/06\/Unbenannt-1.jpg","width":800,"height":620,"caption":"Ferienwohnung am Rauhen Kulm"},"image":{"@id":"https:\/\/fewo-am-rauhen-kulm.de\/#\/schema\/logo\/image\/"},"email":"info@fewo-am-rauhen-kulm.de"},{"@type":"Person","@id":"https:\/\/fewo-am-rauhen-kulm.de\/#\/schema\/person\/1399531c1585af7f9636c4712262fa99","name":"AbsoluteGravity","image":{"@type":"ImageObject","inLanguage":"cs","@id":"https:\/\/fewo-am-rauhen-kulm.de\/#\/schema\/person\/image\/","url":"https:\/\/secure.gravatar.com\/avatar\/1e840d282d0425f458e9d9a566e20db444da3c3fb963c3b903f257abd5fc4b81?s=96&d=mm&r=g","contentUrl":"https:\/\/secure.gravatar.com\/avatar\/1e840d282d0425f458e9d9a566e20db444da3c3fb963c3b903f257abd5fc4b81?s=96&d=mm&r=g","caption":"AbsoluteGravity"},"sameAs":["http:\/\/fewo-am-rauhen-kulm.de"],"url":"https:\/\/fewo-am-rauhen-kulm.de\/cs\/author\/absolutegravity\/"}]}},"_links":{"self":[{"href":"https:\/\/fewo-am-rauhen-kulm.de\/cs\/wp-json\/wp\/v2\/posts\/1737","targetHints":{"allow":["GET"]}}],"collection":[{"href":"https:\/\/fewo-am-rauhen-kulm.de\/cs\/wp-json\/wp\/v2\/posts"}],"about":[{"href":"https:\/\/fewo-am-rauhen-kulm.de\/cs\/wp-json\/wp\/v2\/types\/post"}],"author":[{"embeddable":true,"href":"https:\/\/fewo-am-rauhen-kulm.de\/cs\/wp-json\/wp\/v2\/users\/1"}],"replies":[{"embeddable":true,"href":"https:\/\/fewo-am-rauhen-kulm.de\/cs\/wp-json\/wp\/v2\/comments?post=1737"}],"version-history":[{"count":0,"href":"https:\/\/fewo-am-rauhen-kulm.de\/cs\/wp-json\/wp\/v2\/posts\/1737\/revisions"}],"wp:featuredmedia":[{"embeddable":true,"href":"https:\/\/fewo-am-rauhen-kulm.de\/cs\/wp-json\/wp\/v2\/media\/1742"}],"wp:attachment":[{"href":"https:\/\/fewo-am-rauhen-kulm.de\/cs\/wp-json\/wp\/v2\/media?parent=1737"}],"wp:term":[{"taxonomy":"category","embeddable":true,"href":"https:\/\/fewo-am-rauhen-kulm.de\/cs\/wp-json\/wp\/v2\/categories?post=1737"},{"taxonomy":"post_tag","embeddable":true,"href":"https:\/\/fewo-am-rauhen-kulm.de\/cs\/wp-json\/wp\/v2\/tags?post=1737"}],"curies":[{"name":"wp","href":"https:\/\/api.w.org\/{rel}","templated":true}]}}