{"id":3511,"date":"2025-04-09T11:43:13","date_gmt":"2025-04-09T09:43:13","guid":{"rendered":"https:\/\/fewo-am-rauhen-kulm.de\/?p=3511"},"modified":"2025-04-09T12:23:49","modified_gmt":"2025-04-09T10:23:49","slug":"perfekter-zwischenstopp-mit-kindern-nach-kroatien-slowenien-nahe-der-a9-a93","status":"publish","type":"post","link":"https:\/\/fewo-am-rauhen-kulm.de\/cs\/perfekter-zwischenstopp-mit-kindern-nach-kroatien-slowenien-nahe-der-a9-a93\/","title":{"rendered":"Perfekter Zwischenstopp mit Kindern nach Kroatien\/Slowenien Nahe der A9\/A93:"},"content":{"rendered":"<div data-elementor-type=\"wp-post\" data-elementor-id=\"3511\" class=\"elementor elementor-3511\" data-elementor-post-type=\"post\">\n\t\t\t\t<div data-particle_enable=\"false\" data-particle-mobile-disabled=\"false\" class=\"elementor-element elementor-element-17513470 e-flex e-con-boxed e-con e-parent\" data-id=\"17513470\" data-element_type=\"container\">\n\t\t\t\t\t<div class=\"e-con-inner\">\n\t\t\t\t<div class=\"elementor-element elementor-element-0f50ac5 elementor-widget-divider--view-line elementor-widget elementor-widget-divider\" data-id=\"0f50ac5\" data-element_type=\"widget\" data-widget_type=\"divider.default\">\n\t\t\t\t<div class=\"elementor-widget-container\">\n\t\t\t\t\t\t\t<div class=\"elementor-divider\">\n\t\t\t<span class=\"elementor-divider-separator\">\n\t\t\t\t\t\t<\/span>\n\t\t<\/div>\n\t\t\t\t\t\t<\/div>\n\t\t\t\t<\/div>\n\t\t\t\t<div class=\"elementor-element elementor-element-b0c5575 elementor-widget elementor-widget-text-editor\" data-id=\"b0c5575\" data-element_type=\"widget\" data-widget_type=\"text-editor.default\">\n\t\t\t\t<div class=\"elementor-widget-container\">\n\t\t\t\t\t\t\t\t\t<p data-sourcepos=\"13:1-13:308\">Die Koffer sind gepackt, die Vorfreude auf den <strong>Urlaub<\/strong> in <strong>Kroatien<\/strong> oder <strong>Slowenien<\/strong> ist riesig \u2013 doch die lange <strong>Autofahrt<\/strong> <strong>mit Kindern<\/strong> steht bevor? Viele Eltern kennen das: Quengelnde Kinder auf der R\u00fcckbank, Stau auf der Autobahn und die Suche nach einer <strong>geeigneten<\/strong>, <strong>kinderfreundlichen<\/strong> <strong>\u00dcbernachtung<\/strong> f\u00fcr einen <strong>Zwischenstopp mit Kindern auf dem Weg nach Kroatien \/ Slowenien<\/strong>.\u00a0<\/p><p><!-- \/wp:paragraph --><\/p>\t\t\t\t\t\t\t\t<\/div>\n\t\t\t\t<\/div>\n\t\t\t\t<div class=\"elementor-element elementor-element-5f6c68f elementor-widget elementor-widget-text-editor\" data-id=\"5f6c68f\" data-element_type=\"widget\" data-widget_type=\"text-editor.default\">\n\t\t\t\t<div class=\"elementor-widget-container\">\n\t\t\t\t\t\t\t\t\t<p data-sourcepos=\"13:1-13:308\">Autobahnrastst\u00e4tten sind oft laut, unpers\u00f6nlich und teuer. Aber es gibt eine bessere L\u00f6sung! Wie w\u00e4re es mit einem entspannten Zwischenstopp abseits des Trubels, in einer gem\u00fctlichen Ferienwohnung, wo die Kinder sich austoben und die ganze Familie neue Energie tanken kann? Entdeckt unsere FeWo am Rauhen Kulm in Neustadt am Kulm \u2013 euer idealer Boxenstopp auf dem Weg in den S\u00fcden!<\/p><p><!-- \/wp:paragraph --><\/p>\t\t\t\t\t\t\t\t<\/div>\n\t\t\t\t<\/div>\n\t\t\t\t\t<\/div>\n\t\t\t\t<\/div>\n\t\t<div data-particle_enable=\"false\" data-particle-mobile-disabled=\"false\" class=\"elementor-element elementor-element-ce3f4c5 e-con-full e-flex e-con e-parent\" data-id=\"ce3f4c5\" data-element_type=\"container\" data-settings=\"{&quot;background_background&quot;:&quot;classic&quot;}\">\n\t\t<div data-particle_enable=\"false\" data-particle-mobile-disabled=\"false\" class=\"elementor-element elementor-element-8cc5376 e-con-full e-flex e-con e-child\" data-id=\"8cc5376\" data-element_type=\"container\">\n\t\t\t\t<div class=\"elementor-element elementor-element-5841a83 elementor-widget elementor-widget-heading\" data-id=\"5841a83\" data-element_type=\"widget\" data-widget_type=\"heading.default\">\n\t\t\t\t<div class=\"elementor-widget-container\">\n\t\t\t\t\t<h2 class=\"elementor-heading-title elementor-size-default\">Stressfrei in den Urlaub<\/h2>\t\t\t\t<\/div>\n\t\t\t\t<\/div>\n\t\t\t\t<div class=\"elementor-element elementor-element-700e974 elementor-widget elementor-widget-text-editor\" data-id=\"700e974\" data-element_type=\"widget\" data-widget_type=\"text-editor.default\">\n\t\t\t\t<div class=\"elementor-widget-container\">\n\t\t\t\t\t\t\t\t\t<h3 data-sourcepos=\"29:1-29:50\">Gerade mit Kindern verwandelt ein geplanter Zwischenstopp die anstrengende Langstreckenfahrt in ein kleines Abenteuer.<\/h3>\t\t\t\t\t\t\t\t<\/div>\n\t\t\t\t<\/div>\n\t\t\t\t<\/div>\n\t\t\t\t<\/div>\n\t\t<div data-particle_enable=\"false\" data-particle-mobile-disabled=\"false\" class=\"elementor-element elementor-element-fba9bf9 e-flex e-con-boxed e-con e-parent\" data-id=\"fba9bf9\" data-element_type=\"container\">\n\t\t\t\t\t<div class=\"e-con-inner\">\n\t\t<div data-particle_enable=\"false\" data-particle-mobile-disabled=\"false\" class=\"elementor-element elementor-element-1a6b211 e-con-full e-flex e-con e-child\" data-id=\"1a6b211\" data-element_type=\"container\">\n\t\t\t\t<div class=\"elementor-element elementor-element-e5debcd elementor-widget__width-initial elementor-widget elementor-widget-text-editor\" data-id=\"e5debcd\" data-element_type=\"widget\" data-widget_type=\"text-editor.default\">\n\t\t\t\t<div class=\"elementor-widget-container\">\n\t\t\t\t\t\t\t\t\t<h3 data-sourcepos=\"15:1-15:53\">Die Vorteile liegen auf der Hand:<\/h3><ul data-sourcepos=\"22:1-22:24\"><li data-sourcepos=\"23:1-23:56\"><strong>Weniger Stress:<\/strong> Keine Hetze, entspannteres Fahren.<\/li><li data-sourcepos=\"24:1-24:65\"><strong>Mehr Sicherheit:<\/strong> Ausgeruhte Fahrer sind sicherer unterwegs.<\/li><li data-sourcepos=\"25:1-25:89\"><strong>Gl\u00fccklichere Kinder:<\/strong> Eine Pause zum Spielen, Bewegen und gut Schlafen wirkt Wunder.<\/li><li data-sourcepos=\"26:1-27:0\"><strong>Sch\u00f6ne Erinnerungen:<\/strong> Ein Zwischenstopp kann selbst schon ein kleiner Urlaub sein.<\/li><\/ul>\t\t\t\t\t\t\t\t<\/div>\n\t\t\t\t<\/div>\n\t\t\t\t<\/div>\n\t\t<div data-particle_enable=\"false\" data-particle-mobile-disabled=\"false\" class=\"elementor-element elementor-element-506c4a5 e-con-full e-flex e-con e-child\" data-id=\"506c4a5\" data-element_type=\"container\">\n\t\t\t\t<div class=\"elementor-element elementor-element-26ba2b8 elementor-widget elementor-widget-image\" data-id=\"26ba2b8\" data-element_type=\"widget\" data-widget_type=\"image.default\">\n\t\t\t\t<div class=\"elementor-widget-container\">\n\t\t\t\t\t\t\t\t\t\t\t\t\t\t\t<img fetchpriority=\"high\" decoding=\"async\" width=\"800\" height=\"800\" src=\"https:\/\/fewo-am-rauhen-kulm.de\/wp-content\/uploads\/2025\/04\/f8464031-afdb-4bdb-995d-3e99a2d78345.webp\" class=\"attachment-large size-large wp-image-3558\" alt=\"Eine Familie steht mit einem Hund vor einem Haus und einem roten Auto auf einer Wiese.\" srcset=\"https:\/\/fewo-am-rauhen-kulm.de\/wp-content\/uploads\/2025\/04\/f8464031-afdb-4bdb-995d-3e99a2d78345.webp 1024w, https:\/\/fewo-am-rauhen-kulm.de\/wp-content\/uploads\/2025\/04\/f8464031-afdb-4bdb-995d-3e99a2d78345-300x300.webp 300w, https:\/\/fewo-am-rauhen-kulm.de\/wp-content\/uploads\/2025\/04\/f8464031-afdb-4bdb-995d-3e99a2d78345-150x150.webp 150w, https:\/\/fewo-am-rauhen-kulm.de\/wp-content\/uploads\/2025\/04\/f8464031-afdb-4bdb-995d-3e99a2d78345-768x768.webp 768w\" sizes=\"(max-width: 800px) 100vw, 800px\" \/>\t\t\t\t\t\t\t\t\t\t\t\t\t\t\t<\/div>\n\t\t\t\t<\/div>\n\t\t\t\t<\/div>\n\t\t\t\t\t<\/div>\n\t\t\t\t<\/div>\n\t\t<div data-particle_enable=\"false\" data-particle-mobile-disabled=\"false\" class=\"elementor-element elementor-element-793df98 e-con-full e-flex e-con e-parent\" data-id=\"793df98\" data-element_type=\"container\" data-settings=\"{&quot;background_background&quot;:&quot;classic&quot;}\">\n\t\t<div data-particle_enable=\"false\" data-particle-mobile-disabled=\"false\" class=\"elementor-element elementor-element-c49fade e-con-full e-flex e-con e-child\" data-id=\"c49fade\" data-element_type=\"container\">\n\t\t\t\t<div class=\"elementor-element elementor-element-6a9fb1b elementor-widget elementor-widget-heading\" data-id=\"6a9fb1b\" data-element_type=\"widget\" data-widget_type=\"heading.default\">\n\t\t\t\t<div class=\"elementor-widget-container\">\n\t\t\t\t\t<h2 class=\"elementor-heading-title elementor-size-default\">Der ideale Ort: Neustadt am Kulm &amp; unsere FeWo:\n\n<\/h2>\t\t\t\t<\/div>\n\t\t\t\t<\/div>\n\t\t\t\t<div class=\"elementor-element elementor-element-e11f45d elementor-widget elementor-widget-text-editor\" data-id=\"e11f45d\" data-element_type=\"widget\" data-widget_type=\"text-editor.default\">\n\t\t\t\t<div class=\"elementor-widget-container\">\n\t\t\t\t\t\t\t\t\t<p data-sourcepos=\"30:1-30:262\">Unsere Ferienwohnung liegt verkehrsg\u00fcnstig in der Oberpfalz, nicht weit von den Autobahnen A9 und A93 entfernt \u2013 eine ideale Lage f\u00fcr Reisende aus Nord-, West- und Ostdeutschland auf dem Weg Richtung S\u00fcden (Passau\/Regensburg -&gt; \u00d6sterreich -&gt; Slowenien\/Kroatien).<\/p><p data-sourcepos=\"32:1-32:59\">\u00a0<\/p>\t\t\t\t\t\t\t\t<\/div>\n\t\t\t\t<\/div>\n\t\t\t\t<\/div>\n\t\t\t\t<\/div>\n\t\t<div data-particle_enable=\"false\" data-particle-mobile-disabled=\"false\" class=\"elementor-element elementor-element-af33813 e-flex e-con-boxed e-con e-parent\" data-id=\"af33813\" data-element_type=\"container\">\n\t\t\t\t\t<div class=\"e-con-inner\">\n\t\t<div data-particle_enable=\"false\" data-particle-mobile-disabled=\"false\" class=\"elementor-element elementor-element-705bb70 e-con-full e-flex e-con e-child\" data-id=\"705bb70\" data-element_type=\"container\">\n\t\t\t\t<div class=\"elementor-element elementor-element-e78f5a8 elementor-widget elementor-widget-image\" data-id=\"e78f5a8\" data-element_type=\"widget\" data-widget_type=\"image.default\">\n\t\t\t\t<div class=\"elementor-widget-container\">\n\t\t\t\t\t\t\t\t\t\t\t\t\t\t\t<img decoding=\"async\" width=\"448\" height=\"640\" src=\"https:\/\/fewo-am-rauhen-kulm.de\/wp-content\/uploads\/2025\/04\/b9f9b481-f04e-47f8-a1af-c6f6c57627ba.png\" class=\"attachment-large size-large wp-image-3537\" alt=\"Panoramablick auf eine Berglandschaft mit Sonnenuntergang und einem Fluss im Hintergrund.\" srcset=\"https:\/\/fewo-am-rauhen-kulm.de\/wp-content\/uploads\/2025\/04\/b9f9b481-f04e-47f8-a1af-c6f6c57627ba.png 448w, https:\/\/fewo-am-rauhen-kulm.de\/wp-content\/uploads\/2025\/04\/b9f9b481-f04e-47f8-a1af-c6f6c57627ba-210x300.png 210w\" sizes=\"(max-width: 448px) 100vw, 448px\" \/>\t\t\t\t\t\t\t\t\t\t\t\t\t\t\t<\/div>\n\t\t\t\t<\/div>\n\t\t\t\t<\/div>\n\t\t<div data-particle_enable=\"false\" data-particle-mobile-disabled=\"false\" class=\"elementor-element elementor-element-1e6f94c e-con-full e-flex e-con e-child\" data-id=\"1e6f94c\" data-element_type=\"container\">\n\t\t\t\t<div class=\"elementor-element elementor-element-01507d6 elementor-widget__width-initial elementor-widget elementor-widget-text-editor\" data-id=\"01507d6\" data-element_type=\"widget\" data-widget_type=\"text-editor.default\">\n\t\t\t\t<div class=\"elementor-widget-container\">\n\t\t\t\t\t\t\t\t\t<h3 data-sourcepos=\"32:1-32:59\"><strong>Warum die FeWo am Rauhen Kulm perfekt f\u00fcr Familien ist:<\/strong><\/h3><ul data-sourcepos=\"22:1-22:24\"><li data-sourcepos=\"34:1-34:150\"><strong>Platz zum Wohlf\u00fchlen:<\/strong> Anders als im engen Hotelzimmer bietet unsere Ferienwohnung 3 Zimmer und viel Platz zum Spielen und Entspannen.<\/li><li data-sourcepos=\"35:1-35:207\"><strong>Familienfreundliche Ausstattung:<\/strong> Mit [z.B. voll ausgestatteter K\u00fcche, Kinderbett, Spielzeug &#8211; seid ihr bestens versorgt. Koche selbst, was die Kinder m\u00f6gen und spare Geld!<\/li><li data-sourcepos=\"36:1-36:260\"><strong>Ruhe &amp; Natur:<\/strong> Tankt Kraft abseits des Autobahnl\u00e4rms. Der markante Vulkanberg &#8222;Rauher Kulm&#8220; direkt vor der Haust\u00fcr l\u00e4dt zu einem kleinen Spaziergang oder einer Erkundungstour nach der langen Fahrt ein. <span style=\"text-decoration: underline;\">Direkt Neben der Unterkunft gibt es einen Spielplatz.<\/span><\/li><li data-sourcepos=\"37:1-37:123\"><strong>Flexibilit\u00e4t:<\/strong> Kommt an, wann es f\u00fcr euch passt (ab 14 Uhr) und genie\u00dft die Unabh\u00e4ngigkeit einer eigenen Wohnung.<\/li><li data-sourcepos=\"38:1-39:0\"><strong>Faires Preis-Leistungs-Verh\u00e4ltnis:<\/strong> Viel g\u00fcnstiger als zwei Hotelzimmer f\u00fcr die ganze Familie.<\/li><\/ul>\t\t\t\t\t\t\t\t<\/div>\n\t\t\t\t<\/div>\n\t\t\t\t<div class=\"elementor-element elementor-element-f28ffdd elementor-widget elementor-widget-button\" data-id=\"f28ffdd\" data-element_type=\"widget\" data-widget_type=\"button.default\">\n\t\t\t\t<div class=\"elementor-widget-container\">\n\t\t\t\t\t\t\t\t\t<div class=\"elementor-button-wrapper\">\n\t\t\t\t\t<a class=\"elementor-button elementor-button-link elementor-size-sm\" href=\"http:\/\/airbnb.de\/h\/fewonak\" target=\"_blank\">\n\t\t\t\t\t\t<span class=\"elementor-button-content-wrapper\">\n\t\t\t\t\t\t\t\t\t<span class=\"elementor-button-text\">Airbnb entdecken<\/span>\n\t\t\t\t\t<\/span>\n\t\t\t\t\t<\/a>\n\t\t\t\t<\/div>\n\t\t\t\t\t\t\t\t<\/div>\n\t\t\t\t<\/div>\n\t\t\t\t<\/div>\n\t\t\t\t\t<\/div>\n\t\t\t\t<\/div>\n\t\t<div data-particle_enable=\"false\" data-particle-mobile-disabled=\"false\" class=\"elementor-element elementor-element-37c3c90 e-con-full e-flex e-con e-parent\" data-id=\"37c3c90\" data-element_type=\"container\">\n\t\t<div data-particle_enable=\"false\" data-particle-mobile-disabled=\"false\" class=\"elementor-element elementor-element-8e11637 e-con-full e-flex e-con e-child\" data-id=\"8e11637\" data-element_type=\"container\" data-settings=\"{&quot;background_background&quot;:&quot;classic&quot;}\">\n\t\t\t\t<div class=\"elementor-element elementor-element-3fef499 elementor-widget elementor-widget-heading\" data-id=\"3fef499\" data-element_type=\"widget\" data-widget_type=\"heading.default\">\n\t\t\t\t<div class=\"elementor-widget-container\">\n\t\t\t\t\t<h2 class=\"elementor-heading-title elementor-size-default\">Unser Ausflugstipp:<\/h2>\t\t\t\t<\/div>\n\t\t\t\t<\/div>\n\t\t\t\t<div class=\"elementor-element elementor-element-e61ea4b elementor-widget elementor-widget-text-editor\" data-id=\"e61ea4b\" data-element_type=\"widget\" data-widget_type=\"text-editor.default\">\n\t\t\t\t<div class=\"elementor-widget-container\">\n\t\t\t\t\t\t\t\t\t<p data-sourcepos=\"42:1-42:342\">Auch wenn es nur f\u00fcr eine Nacht ist \u2013 nutzt die Pause! Ein kurzer Aufstieg auf den Rauhen Kulm <a href=\"https:\/\/www.google.com\/maps\/place\/Kulmterrasse\/@49.8278954,11.8410324,52m\/data=!3m1!1e3!4m14!1m7!3m6!1s0x47a1b309821867cb:0xd3a4eaaf9d9cb124!2sKulmterrasse!8m2!3d49.8278176!4d11.8411104!16s%2Fg%2F11rfpdhf0c!3m5!1s0x47a1b309821867cb:0xd3a4eaaf9d9cb124!8m2!3d49.8278176!4d11.8411104!16s%2Fg%2F11rfpdhf0c?entry=ttu&amp;g_ep=EgoyMDI1MDQwNi4wIKXMDSoASAFQAw%3D%3D\" target=\"_blank\" rel=\"noopener\">[Anfahrt]<\/a> belohnt mit einer tollen Aussicht und m\u00fcde Beine k\u00f6nnen sich vertreten. Oder besucht den \u00f6rtlichen Spielplatz [falls vorhanden, beschreiben]. So wird der <strong>Zwischenstopp mit Kindern<\/strong> zum Mini-Erlebnis.<\/p><p data-sourcepos=\"44:1-44:37\">\u00a0<\/p>\t\t\t\t\t\t\t\t<\/div>\n\t\t\t\t<\/div>\n\t\t\t\t<\/div>\n\t\t\t\t<\/div>\n\t\t<div data-particle_enable=\"false\" data-particle-mobile-disabled=\"false\" class=\"elementor-element elementor-element-addbf23 e-flex e-con-boxed e-con e-parent\" data-id=\"addbf23\" data-element_type=\"container\">\n\t\t\t\t\t<div class=\"e-con-inner\">\n\t\t<div data-particle_enable=\"false\" data-particle-mobile-disabled=\"false\" class=\"elementor-element elementor-element-02683f5 e-con-full e-flex e-con e-child\" data-id=\"02683f5\" data-element_type=\"container\">\n\t\t\t\t<div class=\"elementor-element elementor-element-63114b9 elementor-widget elementor-widget-text-editor\" data-id=\"63114b9\" data-element_type=\"widget\" data-widget_type=\"text-editor.default\">\n\t\t\t\t<div class=\"elementor-widget-container\">\n\t\t\t\t\t\t\t\t\t<h3 data-sourcepos=\"28:1-28:68\">Praktische Infos &amp; Buchung<\/h3><ul data-sourcepos=\"22:1-22:24\"><li data-sourcepos=\"46:1-46:83\"><strong>Lage:<\/strong> FeWo am Rauhen Kulm, Lindenallee 5, 95514 Neustadt am Kulm<\/li><li data-sourcepos=\"47:1-47:128\"><strong>Entfernung Autobahn:<\/strong> Ca. 20 Minuten von der A9 (Ausfahrt [Bayreuth-S\u00fcd]) \/ A93 (Ausfahrt [Weiden-West])\u00a0<\/li><li data-sourcepos=\"48:1-48:167\"><strong>Buchung &amp; Verf\u00fcgbarkeit:<\/strong> Pr\u00fcft gleich hier die Verf\u00fcgbarkeit und Preise f\u00fcr euren Wunschtermin: <a href=\"http:\/\/airbnb.de\/h\/fewonak\" target=\"_blank\" rel=\"noopener\"><strong>Airbnb<\/strong><\/a><\/li><li data-sourcepos=\"49:1-50:0\"><strong>Kontakt:<\/strong> Habt ihr Fragen? Kontaktiert uns gerne: 015158718450 \/ E-Mail info@fewo-am-rauhen-kulm.de\u00a0<\/li><\/ul>\t\t\t\t\t\t\t\t<\/div>\n\t\t\t\t<\/div>\n\t\t\t\t<\/div>\n\t\t\t\t\t<\/div>\n\t\t\t\t<\/div>\n\t\t<div data-particle_enable=\"false\" data-particle-mobile-disabled=\"false\" class=\"elementor-element elementor-element-20eb19f e-flex e-con-boxed e-con e-parent\" data-id=\"20eb19f\" data-element_type=\"container\">\n\t\t\t\t\t<div class=\"e-con-inner\">\n\t\t<div data-particle_enable=\"false\" data-particle-mobile-disabled=\"false\" class=\"elementor-element elementor-element-b0706e2 e-con-full e-flex e-con e-child\" data-id=\"b0706e2\" data-element_type=\"container\">\n\t\t\t\t<div class=\"elementor-element elementor-element-92ca880 elementor-widget-divider--view-line elementor-widget elementor-widget-divider\" data-id=\"92ca880\" data-element_type=\"widget\" data-widget_type=\"divider.default\">\n\t\t\t\t<div class=\"elementor-widget-container\">\n\t\t\t\t\t\t\t<div class=\"elementor-divider\">\n\t\t\t<span class=\"elementor-divider-separator\">\n\t\t\t\t\t\t<\/span>\n\t\t<\/div>\n\t\t\t\t\t\t<\/div>\n\t\t\t\t<\/div>\n\t\t\t\t<div class=\"elementor-element elementor-element-c2a97a2 elementor-widget elementor-widget-spacer\" data-id=\"c2a97a2\" data-element_type=\"widget\" data-widget_type=\"spacer.default\">\n\t\t\t\t<div class=\"elementor-widget-container\">\n\t\t\t\t\t\t\t<div class=\"elementor-spacer\">\n\t\t\t<div class=\"elementor-spacer-inner\"><\/div>\n\t\t<\/div>\n\t\t\t\t\t\t<\/div>\n\t\t\t\t<\/div>\n\t\t\t\t<div class=\"elementor-element elementor-element-90b06fe elementor-widget elementor-widget-heading\" data-id=\"90b06fe\" data-element_type=\"widget\" data-widget_type=\"heading.default\">\n\t\t\t\t<div class=\"elementor-widget-container\">\n\t\t\t\t\t<h2 class=\"elementor-heading-title elementor-size-default\">Unsere Unterkunft<\/h2>\t\t\t\t<\/div>\n\t\t\t\t<\/div>\n\t\t\t\t<div class=\"elementor-element elementor-element-3912026 elementor-widget elementor-widget-text-editor\" data-id=\"3912026\" data-element_type=\"widget\" data-widget_type=\"text-editor.default\">\n\t\t\t\t<div class=\"elementor-widget-container\">\n\t\t\t\t\t\t\t\t\t<p data-sourcepos=\"42:1-42:265\">Der ideale Ausgangspunkt f\u00fcr deine Zwischenstopp in den S\u00fcden.<\/p>\t\t\t\t\t\t\t\t<\/div>\n\t\t\t\t<\/div>\n\t\t\t\t<div class=\"elementor-element elementor-element-053a4d0 elementor-cta--skin-cover elementor-cta--valign-middle elementor-animated-content elementor-bg-transform elementor-bg-transform-zoom-in elementor-widget elementor-widget-call-to-action\" data-id=\"053a4d0\" data-element_type=\"widget\" data-widget_type=\"call-to-action.default\">\n\t\t\t\t<div class=\"elementor-widget-container\">\n\t\t\t\t\t\t\t<a class=\"elementor-cta\" href=\"\/fewo-panoramablick\">\n\t\t\t\t\t<div class=\"elementor-cta__bg-wrapper\">\n\t\t\t\t<div class=\"elementor-cta__bg elementor-bg\" style=\"background-image: url(https:\/\/fewo-am-rauhen-kulm.de\/wp-content\/uploads\/2024\/09\/fewo-panoramablick.jpg);\" role=\"img\" aria-label=\"Balkon mit Holzstuhl und Blick auf eine gr\u00fcne Landschaft, kombiniert mit einem Wohnzimmer mit Fernseher und Sofa.\"><\/div>\n\t\t\t\t<div class=\"elementor-cta__bg-overlay\"><\/div>\n\t\t\t<\/div>\n\t\t\t\t\t\t\t<div class=\"elementor-cta__content\">\n\t\t\t\t\t\t\t\t\t<div class=\"elementor-content-item elementor-cta__content-item elementor-icon-wrapper elementor-cta__icon elementor-view-default elementor-animated-item--grow\">\n\t\t\t\t\t\t<div class=\"elementor-icon\">\n\t\t\t\t\t\t\t\t\t\t\t\t\t<\/div>\n\t\t\t\t\t<\/div>\n\t\t\t\t\n\t\t\t\t\t\t\t\t\t<h2 class=\"elementor-cta__title elementor-cta__content-item elementor-content-item elementor-animated-item--grow\">\n\t\t\t\t\t\tFeWo Panoramablick\t\t\t\t\t<\/h2>\n\t\t\t\t\n\t\t\t\t\t\t\t\t\t<div class=\"elementor-cta__description elementor-cta__content-item elementor-content-item elementor-animated-item--grow\">\n\t\t\t\t\t\tDie ideale Unterkunft f\u00fcr bis zu 5 Personen.\t\t\t\t\t<\/div>\n\t\t\t\t\n\t\t\t\t\t\t\t\t\t<div class=\"elementor-cta__button-wrapper elementor-cta__content-item elementor-content-item elementor-animated-item--grow\">\n\t\t\t\t\t<span class=\"elementor-cta__button elementor-button elementor-size-\">\n\t\t\t\t\t\tUnterkunft ansehen\t\t\t\t\t<\/span>\n\t\t\t\t\t<\/div>\n\t\t\t\t\t\t\t<\/div>\n\t\t\t\t\t\t\t<div class=\"elementor-ribbon\">\n\t\t\t\t<div class=\"elementor-ribbon-inner\">Aktion<\/div>\n\t\t\t<\/div>\n\t\t\t\t<\/a>\n\t\t\t\t\t\t<\/div>\n\t\t\t\t<\/div>\n\t\t\t\t<div class=\"elementor-element elementor-element-0fd8c99 elementor-widget elementor-widget-spacer\" data-id=\"0fd8c99\" data-element_type=\"widget\" data-widget_type=\"spacer.default\">\n\t\t\t\t<div class=\"elementor-widget-container\">\n\t\t\t\t\t\t\t<div class=\"elementor-spacer\">\n\t\t\t<div class=\"elementor-spacer-inner\"><\/div>\n\t\t<\/div>\n\t\t\t\t\t\t<\/div>\n\t\t\t\t<\/div>\n\t\t\t\t<div class=\"elementor-element elementor-element-3259481 elementor-widget elementor-widget-author-box\" data-id=\"3259481\" data-element_type=\"widget\" data-widget_type=\"author-box.default\">\n\t\t\t\t<div class=\"elementor-widget-container\">\n\t\t\t\t\t\t\t<div class=\"elementor-author-box\">\n\t\t\t\t\t\t\t<a href=\"mailto:info@fewo-am-rauhen-kulm.de\" class=\"elementor-author-box__avatar\">\n\t\t\t\t\t<img decoding=\"async\" src=\"https:\/\/fewo-am-rauhen-kulm.de\/wp-content\/uploads\/2024\/07\/Gastgeber-Arnold-Greitan-288x300.jpg\" alt=\"Picture of Arnold Greitan\" loading=\"lazy\">\n\t\t\t\t<\/a>\n\t\t\t\n\t\t\t<div class=\"elementor-author-box__text\">\n\t\t\t\t\t\t\t\t\t<a href=\"mailto:info@fewo-am-rauhen-kulm.de\">\n\t\t\t\t\t\t<h4 class=\"elementor-author-box__name\">\n\t\t\t\t\t\t\tArnold Greitan\t\t\t\t\t\t<\/h4>\n\t\t\t\t\t<\/a>\n\t\t\t\t\n\t\t\t\t\t\t\t\t\t<div class=\"elementor-author-box__bio\">\n\t\t\t\t\t\t<p>Hi, ich bin Arnold! Als leidenschaftlicher Gastgeber freue ich mich darauf, dir einen tollen Aufenthalt in Neustadt am Kulm zu bereiten. Meine gem\u00fctliche Ferienwohnung liegt in einer ruhigen Gegend mit grandiosem Ausblick. Ich sch\u00e4tze den pers\u00f6nlichen Kontakt zu meinen G\u00e4sten und helfe gerne bei der Planung deines Aufenthalts. Ob du die Umgebung erkunden oder einfach nur entspannen m\u00f6chtest, ich stehe dir mit Rat und Tat zur Seite. Bis bald!<\/p>\n\t\t\t\t\t<\/div>\n\t\t\t\t\n\t\t\t\t\t\t\t<\/div>\n\t\t<\/div>\n\t\t\t\t\t\t<\/div>\n\t\t\t\t<\/div>\n\t\t\t\t<div class=\"elementor-element elementor-element-ad80a93 elementor-align-center elementor-widget elementor-widget-button\" data-id=\"ad80a93\" data-element_type=\"widget\" data-widget_type=\"button.default\">\n\t\t\t\t<div class=\"elementor-widget-container\">\n\t\t\t\t\t\t\t\t\t<div class=\"elementor-button-wrapper\">\n\t\t\t\t\t<a class=\"elementor-button elementor-button-link elementor-size-sm\" href=\"http:\/\/airbnb.de\/h\/fewonak\" target=\"_blank\">\n\t\t\t\t\t\t<span class=\"elementor-button-content-wrapper\">\n\t\t\t\t\t\t<span class=\"elementor-button-icon\">\n\t\t\t\t<svg aria-hidden=\"true\" class=\"e-font-icon-svg e-fab-airbnb\" viewbox=\"0 0 448 512\" xmlns=\"http:\/\/www.w3.org\/2000\/svg\"><path d=\"M224 373.12c-25.24-31.67-40.08-59.43-45-83.18-22.55-88 112.61-88 90.06 0-5.45 24.25-20.29 52-45 83.18zm138.15 73.23c-42.06 18.31-83.67-10.88-119.3-50.47 103.9-130.07 46.11-200-18.85-200-54.92 0-85.16 46.51-73.28 100.5 6.93 29.19 25.23 62.39 54.43 99.5-32.53 36.05-60.55 52.69-85.15 54.92-50 7.43-89.11-41.06-71.3-91.09 15.1-39.16 111.72-231.18 115.87-241.56 15.75-30.07 25.56-57.4 59.38-57.4 32.34 0 43.4 25.94 60.37 59.87 36 70.62 89.35 177.48 114.84 239.09 13.17 33.07-1.37 71.29-37.01 86.64zm47-136.12C280.27 35.93 273.13 32 224 32c-45.52 0-64.87 31.67-84.66 72.79C33.18 317.1 22.89 347.19 22 349.81-3.22 419.14 48.74 480 111.63 480c21.71 0 60.61-6.06 112.37-62.4 58.68 63.78 101.26 62.4 112.37 62.4 62.89.05 114.85-60.86 89.61-130.19.02-3.89-16.82-38.9-16.82-39.58z\"><\/path><\/svg>\t\t\t<\/span>\n\t\t\t\t\t\t\t\t\t<span class=\"elementor-button-text\">Jetzt Verf\u00fcgbarkeit pr\u00fcfen<\/span>\n\t\t\t\t\t<\/span>\n\t\t\t\t\t<\/a>\n\t\t\t\t<\/div>\n\t\t\t\t\t\t\t\t<\/div>\n\t\t\t\t<\/div>\n\t\t\t\t<div class=\"elementor-element elementor-element-e40882e elementor-widget elementor-widget-spacer\" data-id=\"e40882e\" data-element_type=\"widget\" data-widget_type=\"spacer.default\">\n\t\t\t\t<div class=\"elementor-widget-container\">\n\t\t\t\t\t\t\t<div class=\"elementor-spacer\">\n\t\t\t<div class=\"elementor-spacer-inner\"><\/div>\n\t\t<\/div>\n\t\t\t\t\t\t<\/div>\n\t\t\t\t<\/div>\n\t\t\t\t<\/div>\n\t\t\t\t\t<\/div>\n\t\t\t\t<\/div>\n\t\t<div data-particle_enable=\"false\" data-particle-mobile-disabled=\"false\" class=\"elementor-element elementor-element-dcea15d e-flex e-con-boxed e-con e-parent\" data-id=\"dcea15d\" data-element_type=\"container\">\n\t\t\t\t\t<div class=\"e-con-inner\">\n\t\t\t\t<div class=\"elementor-element elementor-element-5082a5f elementor-widget elementor-widget-shortcode\" data-id=\"5082a5f\" data-element_type=\"widget\" data-widget_type=\"shortcode.default\">\n\t\t\t\t<div class=\"elementor-widget-container\">\n\t\t\t\t\t\t\t<div class=\"elementor-shortcode\"><pre class=\"ti-widget\" style=\"display: none\"><template id=\"trustindex-airbnb-widget-html\"><div class=\"ti-widget ti-airb ti-show-rating-text ti-review-text-mode-readmore ti-text-align-left\" data-no-translation=\"true\" data-layout-id=\"5\" data-layout-category=\"slider\" data-set-id=\"ligth-border\" data-pid=\"\" data-language=\"de\" data-review-target-width=\"275\" data-css-version=\"2\" data-review-text-mode=\"readmore\" data-reply-by-locale=\"Antwort des Eigent\u00fcmers\" data-pager-autoplay-timeout=\"6\" > <div class=\"ti-widget-container ti-col-4\"> <div class=\"ti-footer source-Airbnb\"> <div class=\"ti-rating-text\"> <strong class=\"ti-rating ti-rating-large\"> AUSGEZEICHNET <\/strong> <\/div> <span class=\"ti-stars star-lg\"><trustindex-image class=\"ti-star\" data-imgurl=\"https:\/\/cdn.trustindex.io\/assets\/platform\/Airbnb\/star\/f.svg\" alt=\"Airbnb\" width=\"17\" height=\"17\" loading=\"lazy\" ><\/trustindex-image><trustindex-image class=\"ti-star\" data-imgurl=\"https:\/\/cdn.trustindex.io\/assets\/platform\/Airbnb\/star\/f.svg\" alt=\"Airbnb\" width=\"17\" height=\"17\" loading=\"lazy\" ><\/trustindex-image><trustindex-image class=\"ti-star\" data-imgurl=\"https:\/\/cdn.trustindex.io\/assets\/platform\/Airbnb\/star\/f.svg\" alt=\"Airbnb\" width=\"17\" height=\"17\" loading=\"lazy\" ><\/trustindex-image><trustindex-image class=\"ti-star\" data-imgurl=\"https:\/\/cdn.trustindex.io\/assets\/platform\/Airbnb\/star\/f.svg\" alt=\"Airbnb\" width=\"17\" height=\"17\" loading=\"lazy\" ><\/trustindex-image><trustindex-image class=\"ti-star\" data-imgurl=\"https:\/\/cdn.trustindex.io\/assets\/platform\/Airbnb\/star\/f.svg\" alt=\"Airbnb\" width=\"17\" height=\"17\" loading=\"lazy\" ><\/trustindex-image><\/span> <div class=\"ti-rating-text\"> <span class=\"nowrap\">Basierend auf <strong>145 Bewertungen<\/strong><\/span> <\/div> <div class=\"ti-large-logo\"> <div class=\"ti-v-center\"> <trustindex-image class=\"ti-logo-fb\" data-imgurl=\"https:\/\/cdn.trustindex.io\/assets\/platform\/Airbnb\/logo.svg\" width=\"150\" height=\"25\" loading=\"lazy\" alt=\"Airbnb\" ><\/trustindex-image> <\/div> <\/div> <\/div> <div class=\"ti-reviews-container\"> <div class=\"ti-controls\"> <div class=\"ti-next\" aria-label=\"N\u00e4chste Bewertung\" role=\"button\"><\/div> <div class=\"ti-prev\" aria-label=\"Vorherige Bewertung\" role=\"button\"><\/div> <\/div> <div class=\"ti-reviews-container-wrapper\">  <div data-empty=\"0\" class=\"ti-review-item source-Airbnb ti-image-layout-thumbnail\" data-id=\"cfcd208495d565ef66e7dff9f98764da\" > <div class=\"ti-inner\"> <div class=\"ti-review-header\"> <trustindex-image class=\"ti-platform-icon\" data-imgurl=\"https:\/\/cdn.trustindex.io\/assets\/platform\/Airbnb\/icon.svg\" alt=\"Airbnb\" width=\"20\" height=\"20\" loading=\"lazy\" ><\/trustindex-image> <div class=\"ti-profile-img\"> <trustindex-image data-imgurl=\"https:\/\/a0.muscache.com\/im\/pictures\/user\/b47c0926-45f8-4edc-94ee-8c6fcf507e81.jpg\" data-imgurlset=\"https:\/\/a0.muscache.com\/im\/pictures\/user\/b47c0926-45f8-4edc-94ee-8c6fcf507e81.jpg 2x\" alt=\"Evers & Fritz\" loading=\"lazy\" ><\/trustindex-image> <\/div> <div class=\"ti-profile-details\"> <div class=\"ti-name\"> Evers & Fritz <\/div> <div class=\"ti-date\">2025-10-01<\/div> <\/div> <\/div> <span class=\"ti-stars\"><trustindex-image class=\"ti-star\" data-imgurl=\"https:\/\/cdn.trustindex.io\/assets\/platform\/Airbnb\/star\/f.svg\" alt=\"Airbnb\" width=\"17\" height=\"17\" loading=\"lazy\" ><\/trustindex-image><trustindex-image class=\"ti-star\" data-imgurl=\"https:\/\/cdn.trustindex.io\/assets\/platform\/Airbnb\/star\/f.svg\" alt=\"Airbnb\" width=\"17\" height=\"17\" loading=\"lazy\" ><\/trustindex-image><trustindex-image class=\"ti-star\" data-imgurl=\"https:\/\/cdn.trustindex.io\/assets\/platform\/Airbnb\/star\/f.svg\" alt=\"Airbnb\" width=\"17\" height=\"17\" loading=\"lazy\" ><\/trustindex-image><trustindex-image class=\"ti-star\" data-imgurl=\"https:\/\/cdn.trustindex.io\/assets\/platform\/Airbnb\/star\/f.svg\" alt=\"Airbnb\" width=\"17\" height=\"17\" loading=\"lazy\" ><\/trustindex-image><trustindex-image class=\"ti-star\" data-imgurl=\"https:\/\/cdn.trustindex.io\/assets\/platform\/Airbnb\/star\/f.svg\" alt=\"Airbnb\" width=\"17\" height=\"17\" loading=\"lazy\" ><\/trustindex-image><span class=\"ti-verified-review\"><span class=\"ti-verified-tooltip\">Verifiziert<\/span><\/span><\/span> <div class=\"ti-review-text-container ti-review-content\"><!-- R-CONTENT -->Die Unterkunft war f\u00fcr unsere Mitarbeiter gebucht.Alles war in Ordnung, gute Kommunikation und keinerlei Probleme.Vielen Dank.<!-- R-CONTENT --><\/div> <span class=\"ti-read-more\" data-container=\".ti-review-content\" data-collapse-text=\"Ausblenden\" data-open-text=\"Weiterlesen\" ><\/span> <\/div> <\/div>  <div data-empty=\"0\" class=\"ti-review-item source-Airbnb ti-image-layout-thumbnail\" data-id=\"cfcd208495d565ef66e7dff9f98764da\" > <div class=\"ti-inner\"> <div class=\"ti-review-header\"> <trustindex-image class=\"ti-platform-icon\" data-imgurl=\"https:\/\/cdn.trustindex.io\/assets\/platform\/Airbnb\/icon.svg\" alt=\"Airbnb\" width=\"20\" height=\"20\" loading=\"lazy\" ><\/trustindex-image> <div class=\"ti-profile-img\"> <trustindex-image data-imgurl=\"https:\/\/a0.muscache.com\/im\/pictures\/user\/e960e919-1094-48a3-9e10-410fd9d4b25e.jpg\" data-imgurlset=\"https:\/\/a0.muscache.com\/im\/pictures\/user\/e960e919-1094-48a3-9e10-410fd9d4b25e.jpg 2x\" alt=\"Siim\" loading=\"lazy\" ><\/trustindex-image> <\/div> <div class=\"ti-profile-details\"> <div class=\"ti-name\"> Siim <\/div> <div class=\"ti-date\">2025-09-29<\/div> <\/div> <\/div> <span class=\"ti-stars\"><trustindex-image class=\"ti-star\" data-imgurl=\"https:\/\/cdn.trustindex.io\/assets\/platform\/Airbnb\/star\/f.svg\" alt=\"Airbnb\" width=\"17\" height=\"17\" loading=\"lazy\" ><\/trustindex-image><trustindex-image class=\"ti-star\" data-imgurl=\"https:\/\/cdn.trustindex.io\/assets\/platform\/Airbnb\/star\/f.svg\" alt=\"Airbnb\" width=\"17\" height=\"17\" loading=\"lazy\" ><\/trustindex-image><trustindex-image class=\"ti-star\" data-imgurl=\"https:\/\/cdn.trustindex.io\/assets\/platform\/Airbnb\/star\/f.svg\" alt=\"Airbnb\" width=\"17\" height=\"17\" loading=\"lazy\" ><\/trustindex-image><trustindex-image class=\"ti-star\" data-imgurl=\"https:\/\/cdn.trustindex.io\/assets\/platform\/Airbnb\/star\/f.svg\" alt=\"Airbnb\" width=\"17\" height=\"17\" loading=\"lazy\" ><\/trustindex-image><trustindex-image class=\"ti-star\" data-imgurl=\"https:\/\/cdn.trustindex.io\/assets\/platform\/Airbnb\/star\/f.svg\" alt=\"Airbnb\" width=\"17\" height=\"17\" loading=\"lazy\" ><\/trustindex-image><span class=\"ti-verified-review\"><span class=\"ti-verified-tooltip\">Verifiziert<\/span><\/span><\/span> <div class=\"ti-review-text-container ti-review-content\"><!-- R-CONTENT -->Good for money<!-- R-CONTENT --><\/div> <span class=\"ti-read-more\" data-container=\".ti-review-content\" data-collapse-text=\"Ausblenden\" data-open-text=\"Weiterlesen\" ><\/span> <\/div> <\/div>  <div data-empty=\"0\" class=\"ti-review-item source-Airbnb ti-image-layout-thumbnail\" data-id=\"cfcd208495d565ef66e7dff9f98764da\" > <div class=\"ti-inner\"> <div class=\"ti-review-header\"> <trustindex-image class=\"ti-platform-icon\" data-imgurl=\"https:\/\/cdn.trustindex.io\/assets\/platform\/Airbnb\/icon.svg\" alt=\"Airbnb\" width=\"20\" height=\"20\" loading=\"lazy\" ><\/trustindex-image> <div class=\"ti-profile-img\"> <trustindex-image data-imgurl=\"https:\/\/a0.muscache.com\/im\/pictures\/user\/User-551031394\/original\/052e5dae-2cf8-43c0-a069-708cd3e7982a.jpeg\" data-imgurlset=\"https:\/\/a0.muscache.com\/im\/pictures\/user\/User-551031394\/original\/052e5dae-2cf8-43c0-a069-708cd3e7982a.jpeg 2x\" alt=\"Jinhan\" loading=\"lazy\" ><\/trustindex-image> <\/div> <div class=\"ti-profile-details\"> <div class=\"ti-name\"> Jinhan <\/div> <div class=\"ti-date\">2025-09-19<\/div> <\/div> <\/div> <span class=\"ti-stars\"><trustindex-image class=\"ti-star\" data-imgurl=\"https:\/\/cdn.trustindex.io\/assets\/platform\/Airbnb\/star\/f.svg\" alt=\"Airbnb\" width=\"17\" height=\"17\" loading=\"lazy\" ><\/trustindex-image><trustindex-image class=\"ti-star\" data-imgurl=\"https:\/\/cdn.trustindex.io\/assets\/platform\/Airbnb\/star\/f.svg\" alt=\"Airbnb\" width=\"17\" height=\"17\" loading=\"lazy\" ><\/trustindex-image><trustindex-image class=\"ti-star\" data-imgurl=\"https:\/\/cdn.trustindex.io\/assets\/platform\/Airbnb\/star\/f.svg\" alt=\"Airbnb\" width=\"17\" height=\"17\" loading=\"lazy\" ><\/trustindex-image><trustindex-image class=\"ti-star\" data-imgurl=\"https:\/\/cdn.trustindex.io\/assets\/platform\/Airbnb\/star\/f.svg\" alt=\"Airbnb\" width=\"17\" height=\"17\" loading=\"lazy\" ><\/trustindex-image><trustindex-image class=\"ti-star\" data-imgurl=\"https:\/\/cdn.trustindex.io\/assets\/platform\/Airbnb\/star\/f.svg\" alt=\"Airbnb\" width=\"17\" height=\"17\" loading=\"lazy\" ><\/trustindex-image><span class=\"ti-verified-review\"><span class=\"ti-verified-tooltip\">Verifiziert<\/span><\/span><\/span> <div class=\"ti-review-text-container ti-review-content\"><!-- R-CONTENT -->Perfect!<!-- R-CONTENT --><\/div> <span class=\"ti-read-more\" data-container=\".ti-review-content\" data-collapse-text=\"Ausblenden\" data-open-text=\"Weiterlesen\" ><\/span> <\/div> <\/div>  <div data-empty=\"0\" class=\"ti-review-item source-Airbnb ti-image-layout-thumbnail\" data-id=\"cfcd208495d565ef66e7dff9f98764da\" > <div class=\"ti-inner\"> <div class=\"ti-review-header\"> <trustindex-image class=\"ti-platform-icon\" data-imgurl=\"https:\/\/cdn.trustindex.io\/assets\/platform\/Airbnb\/icon.svg\" alt=\"Airbnb\" width=\"20\" height=\"20\" loading=\"lazy\" ><\/trustindex-image> <div class=\"ti-profile-img\"> <trustindex-image data-imgurl=\"https:\/\/a0.muscache.com\/im\/pictures\/user\/23e62eb1-0dee-40e7-ad6e-0d151d189103.jpg\" data-imgurlset=\"https:\/\/a0.muscache.com\/im\/pictures\/user\/23e62eb1-0dee-40e7-ad6e-0d151d189103.jpg 2x\" alt=\"Florian\" loading=\"lazy\" ><\/trustindex-image> <\/div> <div class=\"ti-profile-details\"> <div class=\"ti-name\"> Florian <\/div> <div class=\"ti-date\">2025-09-17<\/div> <\/div> <\/div> <span class=\"ti-stars\"><trustindex-image class=\"ti-star\" data-imgurl=\"https:\/\/cdn.trustindex.io\/assets\/platform\/Airbnb\/star\/f.svg\" alt=\"Airbnb\" width=\"17\" height=\"17\" loading=\"lazy\" ><\/trustindex-image><trustindex-image class=\"ti-star\" data-imgurl=\"https:\/\/cdn.trustindex.io\/assets\/platform\/Airbnb\/star\/f.svg\" alt=\"Airbnb\" width=\"17\" height=\"17\" loading=\"lazy\" ><\/trustindex-image><trustindex-image class=\"ti-star\" data-imgurl=\"https:\/\/cdn.trustindex.io\/assets\/platform\/Airbnb\/star\/f.svg\" alt=\"Airbnb\" width=\"17\" height=\"17\" loading=\"lazy\" ><\/trustindex-image><trustindex-image class=\"ti-star\" data-imgurl=\"https:\/\/cdn.trustindex.io\/assets\/platform\/Airbnb\/star\/f.svg\" alt=\"Airbnb\" width=\"17\" height=\"17\" loading=\"lazy\" ><\/trustindex-image><trustindex-image class=\"ti-star\" data-imgurl=\"https:\/\/cdn.trustindex.io\/assets\/platform\/Airbnb\/star\/f.svg\" alt=\"Airbnb\" width=\"17\" height=\"17\" loading=\"lazy\" ><\/trustindex-image><span class=\"ti-verified-review\"><span class=\"ti-verified-tooltip\">Verifiziert<\/span><\/span><\/span> <div class=\"ti-review-text-container ti-review-content\"><!-- R-CONTENT -->Wir waren auf Durchreise von Kroatien nach Hamburg bei Arnold. Eine kleine, nicht mehr die modernste, aber mit liebe eingerichtete Wohnung. Es wurde noch ein Babybett aufgestellt und die Kommunikation mit Arnold war Top. Kann man nur empfehlen. Super Preis-Leistung-Verh\u00e4ltnis.<!-- R-CONTENT --><\/div> <span class=\"ti-read-more\" data-container=\".ti-review-content\" data-collapse-text=\"Ausblenden\" data-open-text=\"Weiterlesen\" ><\/span> <\/div> <\/div>  <div data-empty=\"0\" class=\"ti-review-item source-Airbnb ti-image-layout-thumbnail\" data-id=\"cfcd208495d565ef66e7dff9f98764da\" > <div class=\"ti-inner\"> <div class=\"ti-review-header\"> <trustindex-image class=\"ti-platform-icon\" data-imgurl=\"https:\/\/cdn.trustindex.io\/assets\/platform\/Airbnb\/icon.svg\" alt=\"Airbnb\" width=\"20\" height=\"20\" loading=\"lazy\" ><\/trustindex-image> <div class=\"ti-profile-img\"> <trustindex-image data-imgurl=\"https:\/\/a0.muscache.com\/im\/pictures\/user\/9a713ce9-0d36-42b7-82c6-9d9f09d99803.jpg\" data-imgurlset=\"https:\/\/a0.muscache.com\/im\/pictures\/user\/9a713ce9-0d36-42b7-82c6-9d9f09d99803.jpg 2x\" alt=\"Guntida\" loading=\"lazy\" ><\/trustindex-image> <\/div> <div class=\"ti-profile-details\"> <div class=\"ti-name\"> Guntida <\/div> <div class=\"ti-date\">2025-08-31<\/div> <\/div> <\/div> <span class=\"ti-stars\"><trustindex-image class=\"ti-star\" data-imgurl=\"https:\/\/cdn.trustindex.io\/assets\/platform\/Airbnb\/star\/f.svg\" alt=\"Airbnb\" width=\"17\" height=\"17\" loading=\"lazy\" ><\/trustindex-image><trustindex-image class=\"ti-star\" data-imgurl=\"https:\/\/cdn.trustindex.io\/assets\/platform\/Airbnb\/star\/f.svg\" alt=\"Airbnb\" width=\"17\" height=\"17\" loading=\"lazy\" ><\/trustindex-image><trustindex-image class=\"ti-star\" data-imgurl=\"https:\/\/cdn.trustindex.io\/assets\/platform\/Airbnb\/star\/f.svg\" alt=\"Airbnb\" width=\"17\" height=\"17\" loading=\"lazy\" ><\/trustindex-image><trustindex-image class=\"ti-star\" data-imgurl=\"https:\/\/cdn.trustindex.io\/assets\/platform\/Airbnb\/star\/f.svg\" alt=\"Airbnb\" width=\"17\" height=\"17\" loading=\"lazy\" ><\/trustindex-image><trustindex-image class=\"ti-star\" data-imgurl=\"https:\/\/cdn.trustindex.io\/assets\/platform\/Airbnb\/star\/f.svg\" alt=\"Airbnb\" width=\"17\" height=\"17\" loading=\"lazy\" ><\/trustindex-image><span class=\"ti-verified-review\"><span class=\"ti-verified-tooltip\">Verifiziert<\/span><\/span><\/span> <div class=\"ti-review-text-container ti-review-content\"><!-- R-CONTENT -->Super netter Gastgeber :) Wohnung war wie beschrieben.Schnelle und freundliche Antwort auf Nachrichten. War alles super!<!-- R-CONTENT --><\/div> <span class=\"ti-read-more\" data-container=\".ti-review-content\" data-collapse-text=\"Ausblenden\" data-open-text=\"Weiterlesen\" ><\/span> <\/div> <\/div>  <div data-empty=\"0\" class=\"ti-review-item source-Airbnb ti-image-layout-thumbnail\" data-id=\"cfcd208495d565ef66e7dff9f98764da\" > <div class=\"ti-inner\"> <div class=\"ti-review-header\"> <trustindex-image class=\"ti-platform-icon\" data-imgurl=\"https:\/\/cdn.trustindex.io\/assets\/platform\/Airbnb\/icon.svg\" alt=\"Airbnb\" width=\"20\" height=\"20\" loading=\"lazy\" ><\/trustindex-image> <div class=\"ti-profile-img\"> <trustindex-image data-imgurl=\"https:\/\/a0.muscache.com\/im\/pictures\/user\/User\/original\/2bac8e9d-62e9-48a5-a06c-f46d92703c52.jpeg\" data-imgurlset=\"https:\/\/a0.muscache.com\/im\/pictures\/user\/User\/original\/2bac8e9d-62e9-48a5-a06c-f46d92703c52.jpeg 2x\" alt=\"Mita\" loading=\"lazy\" ><\/trustindex-image> <\/div> <div class=\"ti-profile-details\"> <div class=\"ti-name\"> Mita <\/div> <div class=\"ti-date\">2025-08-28<\/div> <\/div> <\/div> <span class=\"ti-stars\"><trustindex-image class=\"ti-star\" data-imgurl=\"https:\/\/cdn.trustindex.io\/assets\/platform\/Airbnb\/star\/f.svg\" alt=\"Airbnb\" width=\"17\" height=\"17\" loading=\"lazy\" ><\/trustindex-image><trustindex-image class=\"ti-star\" data-imgurl=\"https:\/\/cdn.trustindex.io\/assets\/platform\/Airbnb\/star\/f.svg\" alt=\"Airbnb\" width=\"17\" height=\"17\" loading=\"lazy\" ><\/trustindex-image><trustindex-image class=\"ti-star\" data-imgurl=\"https:\/\/cdn.trustindex.io\/assets\/platform\/Airbnb\/star\/f.svg\" alt=\"Airbnb\" width=\"17\" height=\"17\" loading=\"lazy\" ><\/trustindex-image><trustindex-image class=\"ti-star\" data-imgurl=\"https:\/\/cdn.trustindex.io\/assets\/platform\/Airbnb\/star\/f.svg\" alt=\"Airbnb\" width=\"17\" height=\"17\" loading=\"lazy\" ><\/trustindex-image><trustindex-image class=\"ti-star\" data-imgurl=\"https:\/\/cdn.trustindex.io\/assets\/platform\/Airbnb\/star\/f.svg\" alt=\"Airbnb\" width=\"17\" height=\"17\" loading=\"lazy\" ><\/trustindex-image><span class=\"ti-verified-review\"><span class=\"ti-verified-tooltip\">Verifiziert<\/span><\/span><\/span> <div class=\"ti-review-text-container ti-review-content\"><!-- R-CONTENT -->Siamo tornati nell\u2019appartamento di Arnold perch\u00e9 sapevamo che c\u2019era tutto quello di cui avevamo bisogno per concludere il nostro viaggio. Abbiamo soggiornato qui quasi un mese fa.Letti comodissimi e lenzuola pulite e profumate. All\u2019arrivo sembra di essere in albergo\u2026 tutto curato e bello da vedere\u2026 grazie!<!-- R-CONTENT --><\/div> <span class=\"ti-read-more\" data-container=\".ti-review-content\" data-collapse-text=\"Ausblenden\" data-open-text=\"Weiterlesen\" ><\/span> <\/div> <\/div>  <div data-empty=\"0\" class=\"ti-review-item source-Airbnb ti-image-layout-thumbnail\" data-id=\"cfcd208495d565ef66e7dff9f98764da\" > <div class=\"ti-inner\"> <div class=\"ti-review-header\"> <trustindex-image class=\"ti-platform-icon\" data-imgurl=\"https:\/\/cdn.trustindex.io\/assets\/platform\/Airbnb\/icon.svg\" alt=\"Airbnb\" width=\"20\" height=\"20\" loading=\"lazy\" ><\/trustindex-image> <div class=\"ti-profile-img\"> <trustindex-image data-imgurl=\"https:\/\/a0.muscache.com\/im\/pictures\/user\/8fea3f8c-2ab5-45cc-8cc0-13ebd18cb8ac.jpg\" data-imgurlset=\"https:\/\/a0.muscache.com\/im\/pictures\/user\/8fea3f8c-2ab5-45cc-8cc0-13ebd18cb8ac.jpg 2x\" alt=\"Sandy\" loading=\"lazy\" ><\/trustindex-image> <\/div> <div class=\"ti-profile-details\"> <div class=\"ti-name\"> Sandy <\/div> <div class=\"ti-date\">2025-08-22<\/div> <\/div> <\/div> <span class=\"ti-stars\"><trustindex-image class=\"ti-star\" data-imgurl=\"https:\/\/cdn.trustindex.io\/assets\/platform\/Airbnb\/star\/f.svg\" alt=\"Airbnb\" width=\"17\" height=\"17\" loading=\"lazy\" ><\/trustindex-image><trustindex-image class=\"ti-star\" data-imgurl=\"https:\/\/cdn.trustindex.io\/assets\/platform\/Airbnb\/star\/f.svg\" alt=\"Airbnb\" width=\"17\" height=\"17\" loading=\"lazy\" ><\/trustindex-image><trustindex-image class=\"ti-star\" data-imgurl=\"https:\/\/cdn.trustindex.io\/assets\/platform\/Airbnb\/star\/f.svg\" alt=\"Airbnb\" width=\"17\" height=\"17\" loading=\"lazy\" ><\/trustindex-image><trustindex-image class=\"ti-star\" data-imgurl=\"https:\/\/cdn.trustindex.io\/assets\/platform\/Airbnb\/star\/f.svg\" alt=\"Airbnb\" width=\"17\" height=\"17\" loading=\"lazy\" ><\/trustindex-image><trustindex-image class=\"ti-star\" data-imgurl=\"https:\/\/cdn.trustindex.io\/assets\/platform\/Airbnb\/star\/f.svg\" alt=\"Airbnb\" width=\"17\" height=\"17\" loading=\"lazy\" ><\/trustindex-image><span class=\"ti-verified-review\"><span class=\"ti-verified-tooltip\">Verifiziert<\/span><\/span><\/span> <div class=\"ti-review-text-container ti-review-content\"><!-- R-CONTENT -->Wir wurden sehr herzlich empfangen. Die Wohnung hat einen wunderbaren Ausblick und lag f\u00fcr uns super auf dem Weg. Die Umgebung ist toll, v.a. die spontane Wanderung auf den Rauhen Kulm. Es war toll, vielen Dank f\u00fcr die Gastfreundschaft.<!-- R-CONTENT --><\/div> <span class=\"ti-read-more\" data-container=\".ti-review-content\" data-collapse-text=\"Ausblenden\" data-open-text=\"Weiterlesen\" ><\/span> <\/div> <\/div>  <\/div> <div class=\"ti-controls-line\"> <div class=\"dot\"><\/div> <\/div>   <\/div> <\/div> <\/div> <\/template><\/pre><div data-src=\"https:\/\/cdn.trustindex.io\/loader.js?wp-widget\" data-template-id=\"trustindex-airbnb-widget-html\" data-css-url=\"https:\/\/fewo-am-rauhen-kulm.de\/wp-content\/uploads\/trustindex-airbnb-widget.css?1732722972\"><\/div><\/div>\n\t\t\t\t\t\t<\/div>\n\t\t\t\t<\/div>\n\t\t\t\t\t<\/div>\n\t\t\t\t<\/div>\n\t\t\t\t<\/div>","protected":false},"excerpt":{"rendered":"<p>Entspannt \u00fcbernachten in der FeWo am Rauhen Kulm!<\/p>","protected":false},"author":1,"featured_media":3552,"comment_status":"closed","ping_status":"open","sticky":false,"template":"elementor_theme","format":"standard","meta":{"_monsterinsights_skip_tracking":false,"_monsterinsights_sitenote_active":false,"_monsterinsights_sitenote_note":"","_monsterinsights_sitenote_category":0,"footnotes":""},"categories":[1],"tags":[44,42,51,31,45,48,50,49,52,46,34,30,43,33,35,47],"class_list":["post-3511","post","type-post","status-publish","format-standard","has-post-thumbnail","hentry","category-blog","tag-aktivitaeten","tag-ausflugsziele","tag-familie","tag-fichtelgebirge","tag-fraenkische-schweiz","tag-fruehling","tag-geheimtipps","tag-kultur","tag-natur","tag-neustadt-am-kulm","tag-oberpfaelzer-wald","tag-rauher-kulm","tag-sehenswuerdigkeiten","tag-urlaub","tag-waldnaab","tag-wanderwege"],"yoast_head":"<!-- This site is optimized with the Yoast SEO Premium plugin v24.1 (Yoast SEO v24.2) - https:\/\/yoast.com\/wordpress\/plugins\/seo\/ -->\n<title>FeWo Rauher Kulm: Idealer Zwischenstopp mit Kindern (A9\/A93)<\/title>\n<meta name=\"description\" content=\"Entspannter Zwischenstopp mit Kindern auf dem Weg nach Kroatien\/Slowenien! Gem\u00fctliche FeWo am Rauhen Kulm in Neustadt (Bayern). Platz f\u00fcr die ganze Familie. Infos &amp; Buchung hier!\" \/>\n<meta name=\"robots\" content=\"index, follow, max-snippet:-1, max-image-preview:large, max-video-preview:-1\" \/>\n<link rel=\"canonical\" href=\"https:\/\/fewo-am-rauhen-kulm.de\/cs\/perfekter-zwischenstopp-mit-kindern-nach-kroatien-slowenien-nahe-der-a9-a93\/\" \/>\n<meta property=\"og:locale\" content=\"cs_CZ\" \/>\n<meta property=\"og:type\" content=\"article\" \/>\n<meta property=\"og:title\" content=\"Perfekter Familien-Zwischenstopp nach Kroatien\/Slowenien\" \/>\n<meta property=\"og:description\" content=\"Zwischenstopp Kinder Kroatien: Buchen Sie jetzt Ihre FeWo am Rauhen Kulm!\" \/>\n<meta property=\"og:url\" content=\"https:\/\/fewo-am-rauhen-kulm.de\/cs\/perfekter-zwischenstopp-mit-kindern-nach-kroatien-slowenien-nahe-der-a9-a93\/\" \/>\n<meta property=\"og:site_name\" content=\"Ferienwohnung\" \/>\n<meta property=\"article:published_time\" content=\"2025-04-09T09:43:13+00:00\" \/>\n<meta property=\"article:modified_time\" content=\"2025-04-09T10:23:49+00:00\" \/>\n<meta property=\"og:image\" content=\"https:\/\/fewo-am-rauhen-kulm.de\/wp-content\/uploads\/2025\/04\/6d67c44c-223b-4acb-9854-a7856b88beef-e1744194219438.webp\" \/>\n\t<meta property=\"og:image:width\" content=\"1024\" \/>\n\t<meta property=\"og:image:height\" content=\"1175\" \/>\n\t<meta property=\"og:image:type\" content=\"image\/webp\" \/>\n<meta name=\"author\" content=\"AbsoluteGravity\" \/>\n<meta name=\"twitter:card\" content=\"summary_large_image\" \/>\n<meta name=\"twitter:title\" content=\"Perfekter Familien-Zwischenstopp nach Kroatien\/Slowenien\" \/>\n<meta name=\"twitter:description\" content=\"Zwischenstopp Kinder Kroatien: Buchen Sie jetzt Ihre FeWo am Rauhen Kulm!\" \/>\n<meta name=\"twitter:label1\" content=\"Napsal(a)\" \/>\n\t<meta name=\"twitter:data1\" content=\"AbsoluteGravity\" \/>\n\t<meta name=\"twitter:label2\" content=\"Odhadovan\u00e1 doba \u010dten\u00ed\" \/>\n\t<meta name=\"twitter:data2\" content=\"4 minuty\" \/>\n<script type=\"application\/ld+json\" class=\"yoast-schema-graph\">{\"@context\":\"https:\/\/schema.org\",\"@graph\":[{\"@type\":\"Article\",\"@id\":\"https:\/\/fewo-am-rauhen-kulm.de\/perfekter-zwischenstopp-mit-kindern-nach-kroatien-slowenien-nahe-der-a9-a93\/#article\",\"isPartOf\":{\"@id\":\"https:\/\/fewo-am-rauhen-kulm.de\/perfekter-zwischenstopp-mit-kindern-nach-kroatien-slowenien-nahe-der-a9-a93\/\"},\"author\":{\"name\":\"AbsoluteGravity\",\"@id\":\"https:\/\/fewo-am-rauhen-kulm.de\/#\/schema\/person\/1399531c1585af7f9636c4712262fa99\"},\"headline\":\"Perfekter Zwischenstopp mit Kindern nach Kroatien\/Slowenien Nahe der A9\/A93:\",\"datePublished\":\"2025-04-09T09:43:13+00:00\",\"dateModified\":\"2025-04-09T10:23:49+00:00\",\"mainEntityOfPage\":{\"@id\":\"https:\/\/fewo-am-rauhen-kulm.de\/perfekter-zwischenstopp-mit-kindern-nach-kroatien-slowenien-nahe-der-a9-a93\/\"},\"wordCount\":522,\"publisher\":{\"@id\":\"https:\/\/fewo-am-rauhen-kulm.de\/#organization\"},\"image\":{\"@id\":\"https:\/\/fewo-am-rauhen-kulm.de\/perfekter-zwischenstopp-mit-kindern-nach-kroatien-slowenien-nahe-der-a9-a93\/#primaryimage\"},\"thumbnailUrl\":\"https:\/\/fewo-am-rauhen-kulm.de\/wp-content\/uploads\/2025\/04\/6d67c44c-223b-4acb-9854-a7856b88beef-e1744194219438.webp\",\"keywords\":[\"Aktivit\u00e4ten\",\"Ausflugsziele\",\"Familie\",\"Fichtelgebirge\",\"Fr\u00e4nkische Schweiz\",\"Fr\u00fchling\",\"Geheimtipps\",\"Kultur\",\"Natur\",\"Neustadt am Kulm\",\"Oberpf\u00e4lzer Wald\",\"Rauher Kulm\",\"Sehensw\u00fcrdigkeiten\",\"Urlaub\",\"Waldnaab\",\"Wanderwege\"],\"articleSection\":[\"Blog\"],\"inLanguage\":\"cs\"},{\"@type\":\"WebPage\",\"@id\":\"https:\/\/fewo-am-rauhen-kulm.de\/perfekter-zwischenstopp-mit-kindern-nach-kroatien-slowenien-nahe-der-a9-a93\/\",\"url\":\"https:\/\/fewo-am-rauhen-kulm.de\/perfekter-zwischenstopp-mit-kindern-nach-kroatien-slowenien-nahe-der-a9-a93\/\",\"name\":\"FeWo Rauher Kulm: Idealer Zwischenstopp mit Kindern (A9\/A93)\",\"isPartOf\":{\"@id\":\"https:\/\/fewo-am-rauhen-kulm.de\/#website\"},\"primaryImageOfPage\":{\"@id\":\"https:\/\/fewo-am-rauhen-kulm.de\/perfekter-zwischenstopp-mit-kindern-nach-kroatien-slowenien-nahe-der-a9-a93\/#primaryimage\"},\"image\":{\"@id\":\"https:\/\/fewo-am-rauhen-kulm.de\/perfekter-zwischenstopp-mit-kindern-nach-kroatien-slowenien-nahe-der-a9-a93\/#primaryimage\"},\"thumbnailUrl\":\"https:\/\/fewo-am-rauhen-kulm.de\/wp-content\/uploads\/2025\/04\/6d67c44c-223b-4acb-9854-a7856b88beef-e1744194219438.webp\",\"datePublished\":\"2025-04-09T09:43:13+00:00\",\"dateModified\":\"2025-04-09T10:23:49+00:00\",\"description\":\"Entspannter Zwischenstopp mit Kindern auf dem Weg nach Kroatien\/Slowenien! Gem\u00fctliche FeWo am Rauhen Kulm in Neustadt (Bayern). Platz f\u00fcr die ganze Familie. Infos & Buchung hier!\",\"breadcrumb\":{\"@id\":\"https:\/\/fewo-am-rauhen-kulm.de\/perfekter-zwischenstopp-mit-kindern-nach-kroatien-slowenien-nahe-der-a9-a93\/#breadcrumb\"},\"inLanguage\":\"cs\",\"potentialAction\":[{\"@type\":\"ReadAction\",\"target\":[\"https:\/\/fewo-am-rauhen-kulm.de\/perfekter-zwischenstopp-mit-kindern-nach-kroatien-slowenien-nahe-der-a9-a93\/\"]}]},{\"@type\":\"ImageObject\",\"inLanguage\":\"cs\",\"@id\":\"https:\/\/fewo-am-rauhen-kulm.de\/perfekter-zwischenstopp-mit-kindern-nach-kroatien-slowenien-nahe-der-a9-a93\/#primaryimage\",\"url\":\"https:\/\/fewo-am-rauhen-kulm.de\/wp-content\/uploads\/2025\/04\/6d67c44c-223b-4acb-9854-a7856b88beef-e1744194219438.webp\",\"contentUrl\":\"https:\/\/fewo-am-rauhen-kulm.de\/wp-content\/uploads\/2025\/04\/6d67c44c-223b-4acb-9854-a7856b88beef-e1744194219438.webp\",\"width\":1024,\"height\":1175,\"caption\":\"Familie posiert vor ihrem Haus mit einem Hund und einem SUV.\"},{\"@type\":\"BreadcrumbList\",\"@id\":\"https:\/\/fewo-am-rauhen-kulm.de\/perfekter-zwischenstopp-mit-kindern-nach-kroatien-slowenien-nahe-der-a9-a93\/#breadcrumb\",\"itemListElement\":[{\"@type\":\"ListItem\",\"position\":1,\"name\":\"Startseite\",\"item\":\"https:\/\/fewo-am-rauhen-kulm.de\/\"},{\"@type\":\"ListItem\",\"position\":2,\"name\":\"Perfekter Zwischenstopp mit Kindern nach Kroatien\/Slowenien Nahe der A9\/A93:\"}]},{\"@type\":\"WebSite\",\"@id\":\"https:\/\/fewo-am-rauhen-kulm.de\/#website\",\"url\":\"https:\/\/fewo-am-rauhen-kulm.de\/\",\"name\":\"Ferienwohnung am Rauhen Kulm\",\"description\":\"Unterkunft in Neustadt am Kulm\",\"publisher\":{\"@id\":\"https:\/\/fewo-am-rauhen-kulm.de\/#organization\"},\"alternateName\":\"Urlaub in Neustadt am Kulm\",\"potentialAction\":[{\"@type\":\"SearchAction\",\"target\":{\"@type\":\"EntryPoint\",\"urlTemplate\":\"https:\/\/fewo-am-rauhen-kulm.de\/?s={search_term_string}\"},\"query-input\":{\"@type\":\"PropertyValueSpecification\",\"valueRequired\":true,\"valueName\":\"search_term_string\"}}],\"inLanguage\":\"cs\"},{\"@type\":\"Organization\",\"@id\":\"https:\/\/fewo-am-rauhen-kulm.de\/#organization\",\"name\":\"Ferienwohnung am Rauhen Kulm\",\"url\":\"https:\/\/fewo-am-rauhen-kulm.de\/\",\"logo\":{\"@type\":\"ImageObject\",\"inLanguage\":\"cs\",\"@id\":\"https:\/\/fewo-am-rauhen-kulm.de\/#\/schema\/logo\/image\/\",\"url\":\"https:\/\/fewo-am-rauhen-kulm.de\/wp-content\/uploads\/2024\/06\/Unbenannt-1.jpg\",\"contentUrl\":\"https:\/\/fewo-am-rauhen-kulm.de\/wp-content\/uploads\/2024\/06\/Unbenannt-1.jpg\",\"width\":800,\"height\":620,\"caption\":\"Ferienwohnung am Rauhen Kulm\"},\"image\":{\"@id\":\"https:\/\/fewo-am-rauhen-kulm.de\/#\/schema\/logo\/image\/\"},\"email\":\"info@fewo-am-rauhen-kulm.de\"},{\"@type\":\"Person\",\"@id\":\"https:\/\/fewo-am-rauhen-kulm.de\/#\/schema\/person\/1399531c1585af7f9636c4712262fa99\",\"name\":\"AbsoluteGravity\",\"image\":{\"@type\":\"ImageObject\",\"inLanguage\":\"cs\",\"@id\":\"https:\/\/fewo-am-rauhen-kulm.de\/#\/schema\/person\/image\/\",\"url\":\"https:\/\/secure.gravatar.com\/avatar\/1e840d282d0425f458e9d9a566e20db444da3c3fb963c3b903f257abd5fc4b81?s=96&d=mm&r=g\",\"contentUrl\":\"https:\/\/secure.gravatar.com\/avatar\/1e840d282d0425f458e9d9a566e20db444da3c3fb963c3b903f257abd5fc4b81?s=96&d=mm&r=g\",\"caption\":\"AbsoluteGravity\"},\"sameAs\":[\"http:\/\/fewo-am-rauhen-kulm.de\"],\"url\":\"https:\/\/fewo-am-rauhen-kulm.de\/cs\/author\/absolutegravity\/\"}]}<\/script>\n<!-- \/ Yoast SEO Premium plugin. -->","yoast_head_json":{"title":"FeWo Rauher Kulm: Idealer Zwischenstopp mit Kindern (A9\/A93)","description":"Entspannter Zwischenstopp mit Kindern auf dem Weg nach Kroatien\/Slowenien! Gem\u00fctliche FeWo am Rauhen Kulm in Neustadt (Bayern). Platz f\u00fcr die ganze Familie. Infos & Buchung hier!","robots":{"index":"index","follow":"follow","max-snippet":"max-snippet:-1","max-image-preview":"max-image-preview:large","max-video-preview":"max-video-preview:-1"},"canonical":"https:\/\/fewo-am-rauhen-kulm.de\/cs\/perfekter-zwischenstopp-mit-kindern-nach-kroatien-slowenien-nahe-der-a9-a93\/","og_locale":"cs_CZ","og_type":"article","og_title":"Perfekter Familien-Zwischenstopp nach Kroatien\/Slowenien","og_description":"Zwischenstopp Kinder Kroatien: Buchen Sie jetzt Ihre FeWo am Rauhen Kulm!","og_url":"https:\/\/fewo-am-rauhen-kulm.de\/cs\/perfekter-zwischenstopp-mit-kindern-nach-kroatien-slowenien-nahe-der-a9-a93\/","og_site_name":"Ferienwohnung","article_published_time":"2025-04-09T09:43:13+00:00","article_modified_time":"2025-04-09T10:23:49+00:00","og_image":[{"width":1024,"height":1175,"url":"https:\/\/fewo-am-rauhen-kulm.de\/wp-content\/uploads\/2025\/04\/6d67c44c-223b-4acb-9854-a7856b88beef-e1744194219438.webp","type":"image\/webp"}],"author":"AbsoluteGravity","twitter_card":"summary_large_image","twitter_title":"Perfekter Familien-Zwischenstopp nach Kroatien\/Slowenien","twitter_description":"Zwischenstopp Kinder Kroatien: Buchen Sie jetzt Ihre FeWo am Rauhen Kulm!","twitter_misc":{"Napsal(a)":"AbsoluteGravity","Odhadovan\u00e1 doba \u010dten\u00ed":"4 minuty"},"schema":{"@context":"https:\/\/schema.org","@graph":[{"@type":"Article","@id":"https:\/\/fewo-am-rauhen-kulm.de\/perfekter-zwischenstopp-mit-kindern-nach-kroatien-slowenien-nahe-der-a9-a93\/#article","isPartOf":{"@id":"https:\/\/fewo-am-rauhen-kulm.de\/perfekter-zwischenstopp-mit-kindern-nach-kroatien-slowenien-nahe-der-a9-a93\/"},"author":{"name":"AbsoluteGravity","@id":"https:\/\/fewo-am-rauhen-kulm.de\/#\/schema\/person\/1399531c1585af7f9636c4712262fa99"},"headline":"Perfekter Zwischenstopp mit Kindern nach Kroatien\/Slowenien Nahe der A9\/A93:","datePublished":"2025-04-09T09:43:13+00:00","dateModified":"2025-04-09T10:23:49+00:00","mainEntityOfPage":{"@id":"https:\/\/fewo-am-rauhen-kulm.de\/perfekter-zwischenstopp-mit-kindern-nach-kroatien-slowenien-nahe-der-a9-a93\/"},"wordCount":522,"publisher":{"@id":"https:\/\/fewo-am-rauhen-kulm.de\/#organization"},"image":{"@id":"https:\/\/fewo-am-rauhen-kulm.de\/perfekter-zwischenstopp-mit-kindern-nach-kroatien-slowenien-nahe-der-a9-a93\/#primaryimage"},"thumbnailUrl":"https:\/\/fewo-am-rauhen-kulm.de\/wp-content\/uploads\/2025\/04\/6d67c44c-223b-4acb-9854-a7856b88beef-e1744194219438.webp","keywords":["Aktivit\u00e4ten","Ausflugsziele","Familie","Fichtelgebirge","Fr\u00e4nkische Schweiz","Fr\u00fchling","Geheimtipps","Kultur","Natur","Neustadt am Kulm","Oberpf\u00e4lzer Wald","Rauher Kulm","Sehensw\u00fcrdigkeiten","Urlaub","Waldnaab","Wanderwege"],"articleSection":["Blog"],"inLanguage":"cs"},{"@type":"WebPage","@id":"https:\/\/fewo-am-rauhen-kulm.de\/perfekter-zwischenstopp-mit-kindern-nach-kroatien-slowenien-nahe-der-a9-a93\/","url":"https:\/\/fewo-am-rauhen-kulm.de\/perfekter-zwischenstopp-mit-kindern-nach-kroatien-slowenien-nahe-der-a9-a93\/","name":"FeWo Rauher Kulm: Idealer Zwischenstopp mit Kindern (A9\/A93)","isPartOf":{"@id":"https:\/\/fewo-am-rauhen-kulm.de\/#website"},"primaryImageOfPage":{"@id":"https:\/\/fewo-am-rauhen-kulm.de\/perfekter-zwischenstopp-mit-kindern-nach-kroatien-slowenien-nahe-der-a9-a93\/#primaryimage"},"image":{"@id":"https:\/\/fewo-am-rauhen-kulm.de\/perfekter-zwischenstopp-mit-kindern-nach-kroatien-slowenien-nahe-der-a9-a93\/#primaryimage"},"thumbnailUrl":"https:\/\/fewo-am-rauhen-kulm.de\/wp-content\/uploads\/2025\/04\/6d67c44c-223b-4acb-9854-a7856b88beef-e1744194219438.webp","datePublished":"2025-04-09T09:43:13+00:00","dateModified":"2025-04-09T10:23:49+00:00","description":"Entspannter Zwischenstopp mit Kindern auf dem Weg nach Kroatien\/Slowenien! Gem\u00fctliche FeWo am Rauhen Kulm in Neustadt (Bayern). Platz f\u00fcr die ganze Familie. Infos & Buchung hier!","breadcrumb":{"@id":"https:\/\/fewo-am-rauhen-kulm.de\/perfekter-zwischenstopp-mit-kindern-nach-kroatien-slowenien-nahe-der-a9-a93\/#breadcrumb"},"inLanguage":"cs","potentialAction":[{"@type":"ReadAction","target":["https:\/\/fewo-am-rauhen-kulm.de\/perfekter-zwischenstopp-mit-kindern-nach-kroatien-slowenien-nahe-der-a9-a93\/"]}]},{"@type":"ImageObject","inLanguage":"cs","@id":"https:\/\/fewo-am-rauhen-kulm.de\/perfekter-zwischenstopp-mit-kindern-nach-kroatien-slowenien-nahe-der-a9-a93\/#primaryimage","url":"https:\/\/fewo-am-rauhen-kulm.de\/wp-content\/uploads\/2025\/04\/6d67c44c-223b-4acb-9854-a7856b88beef-e1744194219438.webp","contentUrl":"https:\/\/fewo-am-rauhen-kulm.de\/wp-content\/uploads\/2025\/04\/6d67c44c-223b-4acb-9854-a7856b88beef-e1744194219438.webp","width":1024,"height":1175,"caption":"Familie posiert vor ihrem Haus mit einem Hund und einem SUV."},{"@type":"BreadcrumbList","@id":"https:\/\/fewo-am-rauhen-kulm.de\/perfekter-zwischenstopp-mit-kindern-nach-kroatien-slowenien-nahe-der-a9-a93\/#breadcrumb","itemListElement":[{"@type":"ListItem","position":1,"name":"Startseite","item":"https:\/\/fewo-am-rauhen-kulm.de\/"},{"@type":"ListItem","position":2,"name":"Perfekter Zwischenstopp mit Kindern nach Kroatien\/Slowenien Nahe der A9\/A93:"}]},{"@type":"WebSite","@id":"https:\/\/fewo-am-rauhen-kulm.de\/#website","url":"https:\/\/fewo-am-rauhen-kulm.de\/","name":"Ferienwohnung am Rauhen Kulm","description":"Unterkunft in Neustadt am Kulm","publisher":{"@id":"https:\/\/fewo-am-rauhen-kulm.de\/#organization"},"alternateName":"Urlaub in Neustadt am Kulm","potentialAction":[{"@type":"SearchAction","target":{"@type":"EntryPoint","urlTemplate":"https:\/\/fewo-am-rauhen-kulm.de\/?s={search_term_string}"},"query-input":{"@type":"PropertyValueSpecification","valueRequired":true,"valueName":"search_term_string"}}],"inLanguage":"cs"},{"@type":"Organization","@id":"https:\/\/fewo-am-rauhen-kulm.de\/#organization","name":"Ferienwohnung am Rauhen Kulm","url":"https:\/\/fewo-am-rauhen-kulm.de\/","logo":{"@type":"ImageObject","inLanguage":"cs","@id":"https:\/\/fewo-am-rauhen-kulm.de\/#\/schema\/logo\/image\/","url":"https:\/\/fewo-am-rauhen-kulm.de\/wp-content\/uploads\/2024\/06\/Unbenannt-1.jpg","contentUrl":"https:\/\/fewo-am-rauhen-kulm.de\/wp-content\/uploads\/2024\/06\/Unbenannt-1.jpg","width":800,"height":620,"caption":"Ferienwohnung am Rauhen Kulm"},"image":{"@id":"https:\/\/fewo-am-rauhen-kulm.de\/#\/schema\/logo\/image\/"},"email":"info@fewo-am-rauhen-kulm.de"},{"@type":"Person","@id":"https:\/\/fewo-am-rauhen-kulm.de\/#\/schema\/person\/1399531c1585af7f9636c4712262fa99","name":"AbsoluteGravity","image":{"@type":"ImageObject","inLanguage":"cs","@id":"https:\/\/fewo-am-rauhen-kulm.de\/#\/schema\/person\/image\/","url":"https:\/\/secure.gravatar.com\/avatar\/1e840d282d0425f458e9d9a566e20db444da3c3fb963c3b903f257abd5fc4b81?s=96&d=mm&r=g","contentUrl":"https:\/\/secure.gravatar.com\/avatar\/1e840d282d0425f458e9d9a566e20db444da3c3fb963c3b903f257abd5fc4b81?s=96&d=mm&r=g","caption":"AbsoluteGravity"},"sameAs":["http:\/\/fewo-am-rauhen-kulm.de"],"url":"https:\/\/fewo-am-rauhen-kulm.de\/cs\/author\/absolutegravity\/"}]}},"_links":{"self":[{"href":"https:\/\/fewo-am-rauhen-kulm.de\/cs\/wp-json\/wp\/v2\/posts\/3511","targetHints":{"allow":["GET"]}}],"collection":[{"href":"https:\/\/fewo-am-rauhen-kulm.de\/cs\/wp-json\/wp\/v2\/posts"}],"about":[{"href":"https:\/\/fewo-am-rauhen-kulm.de\/cs\/wp-json\/wp\/v2\/types\/post"}],"author":[{"embeddable":true,"href":"https:\/\/fewo-am-rauhen-kulm.de\/cs\/wp-json\/wp\/v2\/users\/1"}],"replies":[{"embeddable":true,"href":"https:\/\/fewo-am-rauhen-kulm.de\/cs\/wp-json\/wp\/v2\/comments?post=3511"}],"version-history":[{"count":11,"href":"https:\/\/fewo-am-rauhen-kulm.de\/cs\/wp-json\/wp\/v2\/posts\/3511\/revisions"}],"predecessor-version":[{"id":3585,"href":"https:\/\/fewo-am-rauhen-kulm.de\/cs\/wp-json\/wp\/v2\/posts\/3511\/revisions\/3585"}],"wp:featuredmedia":[{"embeddable":true,"href":"https:\/\/fewo-am-rauhen-kulm.de\/cs\/wp-json\/wp\/v2\/media\/3552"}],"wp:attachment":[{"href":"https:\/\/fewo-am-rauhen-kulm.de\/cs\/wp-json\/wp\/v2\/media?parent=3511"}],"wp:term":[{"taxonomy":"category","embeddable":true,"href":"https:\/\/fewo-am-rauhen-kulm.de\/cs\/wp-json\/wp\/v2\/categories?post=3511"},{"taxonomy":"post_tag","embeddable":true,"href":"https:\/\/fewo-am-rauhen-kulm.de\/cs\/wp-json\/wp\/v2\/tags?post=3511"}],"curies":[{"name":"wp","href":"https:\/\/api.w.org\/{rel}","templated":true}]}}