{"id":2413,"date":"2024-09-12T12:00:14","date_gmt":"2024-09-12T10:00:14","guid":{"rendered":"https:\/\/fewo-am-rauhen-kulm.de\/?p=2413"},"modified":"2024-12-14T19:34:30","modified_gmt":"2024-12-14T18:34:30","slug":"verborgene-schaetze-entdecken-dein-aktivurlaub-rund-um-den-rauhen-kulm","status":"publish","type":"post","link":"https:\/\/fewo-am-rauhen-kulm.de\/en\/verborgene-schaetze-entdecken-dein-aktivurlaub-rund-um-den-rauhen-kulm\/","title":{"rendered":"Verborgene Sch\u00e4tze entdecken: Dein Aktivurlaub rund um den Rauhen Kulm"},"content":{"rendered":"<div data-elementor-type=\"wp-post\" data-elementor-id=\"2413\" class=\"elementor elementor-2413\" data-elementor-post-type=\"post\">\n\t\t\t\t<div data-particle_enable=\"false\" data-particle-mobile-disabled=\"false\" class=\"elementor-element elementor-element-17513470 e-flex e-con-boxed e-con e-parent\" data-id=\"17513470\" data-element_type=\"container\">\n\t\t\t\t\t<div class=\"e-con-inner\">\n\t\t\t\t<div class=\"elementor-element elementor-element-b703932 elementor-widget__width-initial elementor-widget elementor-widget-text-editor\" data-id=\"b703932\" data-element_type=\"widget\" data-widget_type=\"text-editor.default\">\n\t\t\t\t<div class=\"elementor-widget-container\">\n\t\t\t\t\t\t\t\t\t<p><\/p>\n<p data-sourcepos=\"7:1-7:62\"><strong>Die Vulkanlandschaft Rauher Kulm \u2013 Ein geologisches Wunder<\/strong><\/p>\n<p data-sourcepos=\"9:1-9:347\">\u00a0<\/p>\n<p><\/p>\t\t\t\t\t\t\t\t<\/div>\n\t\t\t\t<\/div>\n\t\t\t\t<div class=\"elementor-element elementor-element-0f50ac5 elementor-widget-divider--view-line elementor-widget elementor-widget-divider\" data-id=\"0f50ac5\" data-element_type=\"widget\" data-widget_type=\"divider.default\">\n\t\t\t\t<div class=\"elementor-widget-container\">\n\t\t\t\t\t\t\t<div class=\"elementor-divider\">\n\t\t\t<span class=\"elementor-divider-separator\">\n\t\t\t\t\t\t<\/span>\n\t\t<\/div>\n\t\t\t\t\t\t<\/div>\n\t\t\t\t<\/div>\n\t\t\t\t<div class=\"elementor-element elementor-element-b0c5575 elementor-widget elementor-widget-text-editor\" data-id=\"b0c5575\" data-element_type=\"widget\" data-widget_type=\"text-editor.default\">\n\t\t\t\t<div class=\"elementor-widget-container\">\n\t\t\t\t\t\t\t\t\t<p><\/p>\n<p data-sourcepos=\"10:1-10:366\">Die einzigartige Vulkanlandschaft rund um den Rauhen Kulm ist gepr\u00e4gt von basaltischen Felsformationen und tiefen W\u00e4ldern. Besonders sehenswert ist der <em class=\"\">Basaltkegel<\/em> des Rauhen Kulms selbst, der einen atemberaubenden Panoramablick \u00fcber die Umgebung bietet. Wanderwege f\u00fchren dich zu verborgenen T\u00fcmpeln, durch bizarre Felslabyrinthe und zu historischen Steinbr\u00fcchen.<\/p>\n<h3 class=\"\" data-sourcepos=\"12:1-12:76\">\u00a0<\/h3>\n<p><\/p>\t\t\t\t\t\t\t\t<\/div>\n\t\t\t\t<\/div>\n\t\t\t\t\t<\/div>\n\t\t\t\t<\/div>\n\t\t<div data-particle_enable=\"false\" data-particle-mobile-disabled=\"false\" class=\"elementor-element elementor-element-fba9bf9 e-flex e-con-boxed e-con e-parent\" data-id=\"fba9bf9\" data-element_type=\"container\">\n\t\t\t\t\t<div class=\"e-con-inner\">\n\t\t<div data-particle_enable=\"false\" data-particle-mobile-disabled=\"false\" class=\"elementor-element elementor-element-1a6b211 e-con-full e-flex e-con e-child\" data-id=\"1a6b211\" data-element_type=\"container\">\n\t\t\t\t<div class=\"elementor-element elementor-element-e5debcd elementor-widget__width-initial elementor-widget elementor-widget-text-editor\" data-id=\"e5debcd\" data-element_type=\"widget\" data-widget_type=\"text-editor.default\">\n\t\t\t\t<div class=\"elementor-widget-container\">\n\t\t\t\t\t\t\t\t\t<h3 class=\"\" data-sourcepos=\"12:1-12:76\"><strong>Das Fichtelgebirge \u2013 Deutschlands h\u00f6chstgelegene Mittelgebirgsregion<\/strong><\/h3>\n<p data-sourcepos=\"13:1-13:47\">\u00a0<\/p>\n<p data-sourcepos=\"13:1-13:385\">Das Fichtelgebirge besticht durch seine unber\u00fchrte Natur, tiefe W\u00e4lder und zahlreichen Seen. Der <em class=\"\">Ochsenkopf<\/em> ist mit 1024 Metern der h\u00f6chste Berg Bayerns n\u00f6rdlich der Alpen und bietet einen fantastischen Rundblick. Weitere Highlights sind der <em class=\"\">Goldene Steig<\/em>, ein Fernwanderweg durch das Fichtelgebirge, und die <em class=\"\">Luitpoldh\u00fctte<\/em>, eine historische Schutzh\u00fctte mit gem\u00fctlicher Gaststube.<\/p>\n<h3 class=\"\" data-sourcepos=\"15:1-15:52\">\u00a0<\/h3>\n<p data-sourcepos=\"20:1-20:53\">\u00a0<\/p>\t\t\t\t\t\t\t\t<\/div>\n\t\t\t\t<\/div>\n\t\t\t\t<div class=\"elementor-element elementor-element-8c87914 elementor-widget elementor-widget-button\" data-id=\"8c87914\" data-element_type=\"widget\" data-widget_type=\"button.default\">\n\t\t\t\t<div class=\"elementor-widget-container\">\n\t\t\t\t\t\t\t\t\t<div class=\"elementor-button-wrapper\">\n\t\t\t\t\t<a class=\"elementor-button elementor-button-link elementor-size-sm\" href=\"https:\/\/www.fichtelgebirge.bayern\/\" target=\"_blank\">\n\t\t\t\t\t\t<span class=\"elementor-button-content-wrapper\">\n\t\t\t\t\t\t\t\t\t<span class=\"elementor-button-text\">Learn more<\/span>\n\t\t\t\t\t<\/span>\n\t\t\t\t\t<\/a>\n\t\t\t\t<\/div>\n\t\t\t\t\t\t\t\t<\/div>\n\t\t\t\t<\/div>\n\t\t\t\t<\/div>\n\t\t<div data-particle_enable=\"false\" data-particle-mobile-disabled=\"false\" class=\"elementor-element elementor-element-506c4a5 e-con-full e-flex e-con e-child\" data-id=\"506c4a5\" data-element_type=\"container\">\n\t\t\t\t<div class=\"elementor-element elementor-element-d483f8b elementor-widget elementor-widget-image\" data-id=\"d483f8b\" data-element_type=\"widget\" data-widget_type=\"image.default\">\n\t\t\t\t<div class=\"elementor-widget-container\">\n\t\t\t\t\t\t\t\t\t\t\t\t\t\t\t<img fetchpriority=\"high\" decoding=\"async\" width=\"600\" height=\"600\" src=\"https:\/\/fewo-am-rauhen-kulm.de\/wp-content\/uploads\/2024\/09\/test_17T0494-1.jpg\" class=\"attachment-large size-large wp-image-2437\" alt=\"\" srcset=\"https:\/\/fewo-am-rauhen-kulm.de\/wp-content\/uploads\/2024\/09\/test_17T0494-1.jpg 600w, https:\/\/fewo-am-rauhen-kulm.de\/wp-content\/uploads\/2024\/09\/test_17T0494-1-300x300.jpg 300w, https:\/\/fewo-am-rauhen-kulm.de\/wp-content\/uploads\/2024\/09\/test_17T0494-1-150x150.jpg 150w\" sizes=\"(max-width: 600px) 100vw, 600px\" \/>\t\t\t\t\t\t\t\t\t\t\t\t\t\t\t<\/div>\n\t\t\t\t<\/div>\n\t\t\t\t<\/div>\n\t\t\t\t\t<\/div>\n\t\t\t\t<\/div>\n\t\t<div data-particle_enable=\"false\" data-particle-mobile-disabled=\"false\" class=\"elementor-element elementor-element-6116d30 e-flex e-con-boxed e-con e-parent\" data-id=\"6116d30\" data-element_type=\"container\">\n\t\t\t\t\t<div class=\"e-con-inner\">\n\t\t<div data-particle_enable=\"false\" data-particle-mobile-disabled=\"false\" class=\"elementor-element elementor-element-36a2bea e-con-full e-flex e-con e-child\" data-id=\"36a2bea\" data-element_type=\"container\">\n\t\t\t\t<div class=\"elementor-element elementor-element-2dfa3dd elementor-widget__width-initial elementor-widget elementor-widget-image\" data-id=\"2dfa3dd\" data-element_type=\"widget\" data-widget_type=\"image.default\">\n\t\t\t\t<div class=\"elementor-widget-container\">\n\t\t\t\t\t\t\t\t\t\t\t\t\t\t\t<img decoding=\"async\" width=\"500\" height=\"500\" src=\"https:\/\/fewo-am-rauhen-kulm.de\/wp-content\/uploads\/2024\/09\/Tuechersfeld-Fraenkische-Schweiz_Depositphotos_367605492_S-1.jpg\" class=\"attachment-large size-large wp-image-2441\" alt=\"\" srcset=\"https:\/\/fewo-am-rauhen-kulm.de\/wp-content\/uploads\/2024\/09\/Tuechersfeld-Fraenkische-Schweiz_Depositphotos_367605492_S-1.jpg 500w, https:\/\/fewo-am-rauhen-kulm.de\/wp-content\/uploads\/2024\/09\/Tuechersfeld-Fraenkische-Schweiz_Depositphotos_367605492_S-1-300x300.jpg 300w, https:\/\/fewo-am-rauhen-kulm.de\/wp-content\/uploads\/2024\/09\/Tuechersfeld-Fraenkische-Schweiz_Depositphotos_367605492_S-1-150x150.jpg 150w\" sizes=\"(max-width: 500px) 100vw, 500px\" \/>\t\t\t\t\t\t\t\t\t\t\t\t\t\t\t<\/div>\n\t\t\t\t<\/div>\n\t\t\t\t<\/div>\n\t\t<div data-particle_enable=\"false\" data-particle-mobile-disabled=\"false\" class=\"elementor-element elementor-element-8368371 e-con-full e-flex e-con e-child\" data-id=\"8368371\" data-element_type=\"container\">\n\t\t\t\t<div class=\"elementor-element elementor-element-18fe504 elementor-widget elementor-widget-text-editor\" data-id=\"18fe504\" data-element_type=\"widget\" data-widget_type=\"text-editor.default\">\n\t\t\t\t<div class=\"elementor-widget-container\">\n\t\t\t\t\t\t\t\t\t<p data-sourcepos=\"15:1-15:48\"><strong>Die Fr\u00e4nkische Schweiz \u2013 ein Kletterparadies<\/strong><\/p>\n<p data-sourcepos=\"16:1-16:26\">Die Fr\u00e4nkische Schweiz ist f\u00fcr ihre bizarren Felsformationen, tief eingeschnittenen T\u00e4ler und zahlreichen H\u00f6hlen bekannt. Das <em class=\"\">Walberla<\/em> ist ein beliebtes Ausflugsziel und bietet einen herrlichen Blick \u00fcber die Fr\u00e4nkische Schweiz. Kletterfreunde finden hier ein Eldorado mit unz\u00e4hligen Routen in allen Schwierigkeitsgraden.<\/p>\n<h3 class=\"\" data-sourcepos=\"18:1-18:65\">\u00a0<\/h3>\t\t\t\t\t\t\t\t<\/div>\n\t\t\t\t<\/div>\n\t\t\t\t<div class=\"elementor-element elementor-element-c563f46 elementor-widget elementor-widget-button\" data-id=\"c563f46\" data-element_type=\"widget\" data-widget_type=\"button.default\">\n\t\t\t\t<div class=\"elementor-widget-container\">\n\t\t\t\t\t\t\t\t\t<div class=\"elementor-button-wrapper\">\n\t\t\t\t\t<a class=\"elementor-button elementor-button-link elementor-size-sm\" href=\"https:\/\/www.fraenkische-schweiz.com\/\" target=\"_blank\">\n\t\t\t\t\t\t<span class=\"elementor-button-content-wrapper\">\n\t\t\t\t\t\t\t\t\t<span class=\"elementor-button-text\">Learn more<\/span>\n\t\t\t\t\t<\/span>\n\t\t\t\t\t<\/a>\n\t\t\t\t<\/div>\n\t\t\t\t\t\t\t\t<\/div>\n\t\t\t\t<\/div>\n\t\t\t\t<\/div>\n\t\t\t\t\t<\/div>\n\t\t\t\t<\/div>\n\t\t<div data-particle_enable=\"false\" data-particle-mobile-disabled=\"false\" class=\"elementor-element elementor-element-014be7b e-flex e-con-boxed e-con e-parent\" data-id=\"014be7b\" data-element_type=\"container\">\n\t\t\t\t\t<div class=\"e-con-inner\">\n\t\t<div data-particle_enable=\"false\" data-particle-mobile-disabled=\"false\" class=\"elementor-element elementor-element-5b9bb21 e-con-full e-flex e-con e-child\" data-id=\"5b9bb21\" data-element_type=\"container\">\n\t\t\t\t<div class=\"elementor-element elementor-element-af2699e elementor-widget__width-initial elementor-widget elementor-widget-text-editor\" data-id=\"af2699e\" data-element_type=\"widget\" data-widget_type=\"text-editor.default\">\n\t\t\t\t<div class=\"elementor-widget-container\">\n\t\t\t\t\t\t\t\t\t<h3 class=\"\" data-sourcepos=\"18:1-18:65\"><strong>Der Steinwald \u2013 ein Naturparadies im Herzen der Oberpfalz<\/strong><\/h3>\n<p data-sourcepos=\"13:1-13:47\">\u00a0<\/p>\n<p data-sourcepos=\"19:1-19:176\">Der Steinwald ist ein weitl\u00e4ufiges Waldgebiet mit einer artenreichen Flora und Fauna. Besonders sehenswert sind die <em class=\"\">Gro\u00dfe und Kleine Vilse<\/em> mit ihren kristallklaren Gew\u00e4ssern. Der <em class=\"\">Gro\u00dfe Vilse<\/em> ist ein beliebtes Ziel f\u00fcr Wassersportler und Naturliebhaber.<\/p>\n<h3 class=\"\" data-sourcepos=\"21:1-21:55\">\u00a0<\/h3>\n<h3 class=\"\" data-sourcepos=\"15:1-15:52\">\u00a0<\/h3>\n<p data-sourcepos=\"20:1-20:53\">\u00a0<\/p>\t\t\t\t\t\t\t\t<\/div>\n\t\t\t\t<\/div>\n\t\t\t\t<div class=\"elementor-element elementor-element-bd31f85 elementor-widget elementor-widget-button\" data-id=\"bd31f85\" data-element_type=\"widget\" data-widget_type=\"button.default\">\n\t\t\t\t<div class=\"elementor-widget-container\">\n\t\t\t\t\t\t\t\t\t<div class=\"elementor-button-wrapper\">\n\t\t\t\t\t<a class=\"elementor-button elementor-button-link elementor-size-sm\" href=\"https:\/\/naturpark-steinwald.de\/\" target=\"_blank\">\n\t\t\t\t\t\t<span class=\"elementor-button-content-wrapper\">\n\t\t\t\t\t\t\t\t\t<span class=\"elementor-button-text\">Learn more<\/span>\n\t\t\t\t\t<\/span>\n\t\t\t\t\t<\/a>\n\t\t\t\t<\/div>\n\t\t\t\t\t\t\t\t<\/div>\n\t\t\t\t<\/div>\n\t\t\t\t<\/div>\n\t\t<div data-particle_enable=\"false\" data-particle-mobile-disabled=\"false\" class=\"elementor-element elementor-element-e8b33c3 e-con-full e-flex e-con e-child\" data-id=\"e8b33c3\" data-element_type=\"container\">\n\t\t\t\t<div class=\"elementor-element elementor-element-b00b65e elementor-widget elementor-widget-image\" data-id=\"b00b65e\" data-element_type=\"widget\" data-widget_type=\"image.default\">\n\t\t\t\t<div class=\"elementor-widget-container\">\n\t\t\t\t\t\t\t\t\t\t\t\t\t\t\t<img decoding=\"async\" width=\"600\" height=\"600\" src=\"https:\/\/fewo-am-rauhen-kulm.de\/wp-content\/uploads\/2024\/09\/freizeit-landkreis-tirschenreuth-24-H-Steinwald-erleben_Sagenwanderung-zur-Burgruine-Weissenstein-Peter-von-Felbert.jpg-1.jpg\" class=\"attachment-large size-large wp-image-2454\" alt=\"Ruinen der Burgruine Weissenstein mit einem hohen Steinturm und umgebenden Felsen.\" srcset=\"https:\/\/fewo-am-rauhen-kulm.de\/wp-content\/uploads\/2024\/09\/freizeit-landkreis-tirschenreuth-24-H-Steinwald-erleben_Sagenwanderung-zur-Burgruine-Weissenstein-Peter-von-Felbert.jpg-1.jpg 600w, https:\/\/fewo-am-rauhen-kulm.de\/wp-content\/uploads\/2024\/09\/freizeit-landkreis-tirschenreuth-24-H-Steinwald-erleben_Sagenwanderung-zur-Burgruine-Weissenstein-Peter-von-Felbert.jpg-1-300x300.jpg 300w, https:\/\/fewo-am-rauhen-kulm.de\/wp-content\/uploads\/2024\/09\/freizeit-landkreis-tirschenreuth-24-H-Steinwald-erleben_Sagenwanderung-zur-Burgruine-Weissenstein-Peter-von-Felbert.jpg-1-150x150.jpg 150w\" sizes=\"(max-width: 600px) 100vw, 600px\" \/>\t\t\t\t\t\t\t\t\t\t\t\t\t\t\t<\/div>\n\t\t\t\t<\/div>\n\t\t\t\t<\/div>\n\t\t\t\t\t<\/div>\n\t\t\t\t<\/div>\n\t\t<div data-particle_enable=\"false\" data-particle-mobile-disabled=\"false\" class=\"elementor-element elementor-element-793df98 e-flex e-con-boxed e-con e-parent\" data-id=\"793df98\" data-element_type=\"container\">\n\t\t\t\t\t<div class=\"e-con-inner\">\n\t\t<div data-particle_enable=\"false\" data-particle-mobile-disabled=\"false\" class=\"elementor-element elementor-element-c49fade e-con-full e-flex e-con e-child\" data-id=\"c49fade\" data-element_type=\"container\">\n\t\t\t\t<div class=\"elementor-element elementor-element-f26a829 elementor-widget__width-initial elementor-widget elementor-widget-image\" data-id=\"f26a829\" data-element_type=\"widget\" data-widget_type=\"image.default\">\n\t\t\t\t<div class=\"elementor-widget-container\">\n\t\t\t\t\t\t\t\t\t\t\t\t\t\t\t<img loading=\"lazy\" decoding=\"async\" width=\"800\" height=\"800\" src=\"https:\/\/fewo-am-rauhen-kulm.de\/wp-content\/uploads\/2024\/09\/csm__MG_8461-Bearbeitet_454384f05f-1-1024x1024.webp\" class=\"attachment-large size-large wp-image-2458\" alt=\"Ruine auf einem Felsen mit Blick auf eine Landschaft bei Sonnenuntergang.\" srcset=\"https:\/\/fewo-am-rauhen-kulm.de\/wp-content\/uploads\/2024\/09\/csm__MG_8461-Bearbeitet_454384f05f-1-1024x1024.webp 1024w, https:\/\/fewo-am-rauhen-kulm.de\/wp-content\/uploads\/2024\/09\/csm__MG_8461-Bearbeitet_454384f05f-1-300x300.webp 300w, https:\/\/fewo-am-rauhen-kulm.de\/wp-content\/uploads\/2024\/09\/csm__MG_8461-Bearbeitet_454384f05f-1-150x150.webp 150w, https:\/\/fewo-am-rauhen-kulm.de\/wp-content\/uploads\/2024\/09\/csm__MG_8461-Bearbeitet_454384f05f-1-768x768.webp 768w, https:\/\/fewo-am-rauhen-kulm.de\/wp-content\/uploads\/2024\/09\/csm__MG_8461-Bearbeitet_454384f05f-1.webp 1235w\" sizes=\"(max-width: 800px) 100vw, 800px\" \/>\t\t\t\t\t\t\t\t\t\t\t\t\t\t\t<\/div>\n\t\t\t\t<\/div>\n\t\t\t\t<\/div>\n\t\t<div data-particle_enable=\"false\" data-particle-mobile-disabled=\"false\" class=\"elementor-element elementor-element-9167014 e-con-full e-flex e-con e-child\" data-id=\"9167014\" data-element_type=\"container\">\n\t\t\t\t<div class=\"elementor-element elementor-element-b9c373b elementor-widget elementor-widget-text-editor\" data-id=\"b9c373b\" data-element_type=\"widget\" data-widget_type=\"text-editor.default\">\n\t\t\t\t<div class=\"elementor-widget-container\">\n\t\t\t\t\t\t\t\t\t<h3 class=\"\" data-sourcepos=\"21:1-21:55\"><strong>Der Oberpf\u00e4lzer Wald \u2013 eine gr\u00fcne Lunge Bayerns<\/strong><\/h3>\n<p data-sourcepos=\"22:1-22:208\">\u00a0<\/p>\n<p data-sourcepos=\"22:1-22:208\">Der Oberpf\u00e4lzer Wald ist ein ausgedehntes Waldgebiet mit zahlreichen Wanderwegen und Radstrecken. Der <em class=\"\">Gro\u00dfe Arber<\/em> ist mit 1456 Metern der h\u00f6chste Berg Bayerns und bietet einen beeindruckenden Panoramablick.<\/p>\n<h3 class=\"\" data-sourcepos=\"24:1-24:77\">\u00a0<\/h3>\n<h3 class=\"\" data-sourcepos=\"18:1-18:65\">\u00a0<\/h3>\t\t\t\t\t\t\t\t<\/div>\n\t\t\t\t<\/div>\n\t\t\t\t<div class=\"elementor-element elementor-element-5d7d2fe elementor-widget elementor-widget-button\" data-id=\"5d7d2fe\" data-element_type=\"widget\" data-widget_type=\"button.default\">\n\t\t\t\t<div class=\"elementor-widget-container\">\n\t\t\t\t\t\t\t\t\t<div class=\"elementor-button-wrapper\">\n\t\t\t\t\t<a class=\"elementor-button elementor-button-link elementor-size-sm\" href=\"https:\/\/www.oberpfaelzerwald.de\/\" target=\"_blank\">\n\t\t\t\t\t\t<span class=\"elementor-button-content-wrapper\">\n\t\t\t\t\t\t\t\t\t<span class=\"elementor-button-text\">Learn more<\/span>\n\t\t\t\t\t<\/span>\n\t\t\t\t\t<\/a>\n\t\t\t\t<\/div>\n\t\t\t\t\t\t\t\t<\/div>\n\t\t\t\t<\/div>\n\t\t\t\t<\/div>\n\t\t\t\t\t<\/div>\n\t\t\t\t<\/div>\n\t\t<div data-particle_enable=\"false\" data-particle-mobile-disabled=\"false\" class=\"elementor-element elementor-element-64e95fa e-flex e-con-boxed e-con e-parent\" data-id=\"64e95fa\" data-element_type=\"container\">\n\t\t\t\t\t<div class=\"e-con-inner\">\n\t\t<div data-particle_enable=\"false\" data-particle-mobile-disabled=\"false\" class=\"elementor-element elementor-element-b343661 e-con-full e-flex e-con e-child\" data-id=\"b343661\" data-element_type=\"container\">\n\t\t\t\t<div class=\"elementor-element elementor-element-2bb6f5f elementor-widget elementor-widget-text-editor\" data-id=\"2bb6f5f\" data-element_type=\"widget\" data-widget_type=\"text-editor.default\">\n\t\t\t\t<div class=\"elementor-widget-container\">\n\t\t\t\t\t\t\t\t\t<h3 data-sourcepos=\"19:1-19:73\"><strong>Ferienwohnung Panoramablick \u2013 dein Ausgangspunkt f\u00fcr unvergessliche Abenteuer<\/strong><\/h3>\n<p data-sourcepos=\"21:1-21:329\">\n<\/p><p>Unsere gem\u00fctliche Ferienwohnung ist der ideale Ausgangspunkt f\u00fcr deine Erkundungstouren. Von hier aus erreichst du bequem alle wichtigen Ausgangspunkte f\u00fcr Wanderungen, Radtouren und weitere Aktivit\u00e4ten. Und nach einem erlebnisreichen Tag kannst du dich in unserer gem\u00fctlichen Ferienwohnung entspannen und die Seele baumeln lassen.<\/p>\t\t\t\t\t\t\t\t<\/div>\n\t\t\t\t<\/div>\n\t\t\t\t<\/div>\n\t\t<div data-particle_enable=\"false\" data-particle-mobile-disabled=\"false\" class=\"elementor-element elementor-element-fa84f6c e-con-full e-flex e-con e-child\" data-id=\"fa84f6c\" data-element_type=\"container\">\n\t\t\t\t<div class=\"elementor-element elementor-element-6d0bdd7 elementor-widget__width-initial elementor-widget elementor-widget-image\" data-id=\"6d0bdd7\" data-element_type=\"widget\" data-widget_type=\"image.default\">\n\t\t\t\t<div class=\"elementor-widget-container\">\n\t\t\t\t\t\t\t\t\t\t\t\t\t\t\t<img loading=\"lazy\" decoding=\"async\" width=\"2016\" height=\"1512\" src=\"https:\/\/fewo-am-rauhen-kulm.de\/wp-content\/uploads\/2024\/09\/IMG_6594.jpg\" class=\"attachment-2048x2048 size-2048x2048 wp-image-2343\" alt=\"\" srcset=\"https:\/\/fewo-am-rauhen-kulm.de\/wp-content\/uploads\/2024\/09\/IMG_6594.jpg 2016w, https:\/\/fewo-am-rauhen-kulm.de\/wp-content\/uploads\/2024\/09\/IMG_6594-300x225.jpg 300w, https:\/\/fewo-am-rauhen-kulm.de\/wp-content\/uploads\/2024\/09\/IMG_6594-1024x768.jpg 1024w, https:\/\/fewo-am-rauhen-kulm.de\/wp-content\/uploads\/2024\/09\/IMG_6594-768x576.jpg 768w, https:\/\/fewo-am-rauhen-kulm.de\/wp-content\/uploads\/2024\/09\/IMG_6594-1536x1152.jpg 1536w\" sizes=\"(max-width: 2016px) 100vw, 2016px\" \/>\t\t\t\t\t\t\t\t\t\t\t\t\t\t\t<\/div>\n\t\t\t\t<\/div>\n\t\t\t\t<\/div>\n\t\t\t\t\t<\/div>\n\t\t\t\t<\/div>\n\t\t<div data-particle_enable=\"false\" data-particle-mobile-disabled=\"false\" class=\"elementor-element elementor-element-d490655 elementor-hidden-desktop elementor-hidden-tablet elementor-hidden-mobile e-flex e-con-boxed e-con e-parent\" data-id=\"d490655\" data-element_type=\"container\">\n\t\t\t\t\t<div class=\"e-con-inner\">\n\t\t<div data-particle_enable=\"false\" data-particle-mobile-disabled=\"false\" class=\"elementor-element elementor-element-6bcc56c e-con-full e-flex e-con e-child\" data-id=\"6bcc56c\" data-element_type=\"container\">\n\t\t\t\t<div class=\"elementor-element elementor-element-3193cbf elementor-align-center elementor-widget elementor-widget-button\" data-id=\"3193cbf\" data-element_type=\"widget\" data-widget_type=\"button.default\">\n\t\t\t\t<div class=\"elementor-widget-container\">\n\t\t\t\t\t\t\t\t\t<div class=\"elementor-button-wrapper\">\n\t\t\t\t\t<a class=\"elementor-button elementor-button-link elementor-size-sm\" href=\"http:\/\/airbnb.de\/h\/fewonak\" target=\"_blank\">\n\t\t\t\t\t\t<span class=\"elementor-button-content-wrapper\">\n\t\t\t\t\t\t\t\t\t<span class=\"elementor-button-text\">Airbnb<\/span>\n\t\t\t\t\t<\/span>\n\t\t\t\t\t<\/a>\n\t\t\t\t<\/div>\n\t\t\t\t\t\t\t\t<\/div>\n\t\t\t\t<\/div>\n\t\t\t\t<div class=\"elementor-element elementor-element-b3f9050 elementor-widget-divider--view-line elementor-widget elementor-widget-divider\" data-id=\"b3f9050\" data-element_type=\"widget\" data-widget_type=\"divider.default\">\n\t\t\t\t<div class=\"elementor-widget-container\">\n\t\t\t\t\t\t\t<div class=\"elementor-divider\">\n\t\t\t<span class=\"elementor-divider-separator\">\n\t\t\t\t\t\t<\/span>\n\t\t<\/div>\n\t\t\t\t\t\t<\/div>\n\t\t\t\t<\/div>\n\t\t\t\t<div class=\"elementor-element elementor-element-6849c56 elementor-widget elementor-widget-heading\" data-id=\"6849c56\" data-element_type=\"widget\" data-widget_type=\"heading.default\">\n\t\t\t\t<div class=\"elementor-widget-container\">\n\t\t\t\t\t<h2 class=\"elementor-heading-title elementor-size-default\">Weitere Highlights in der Region\n<\/h2>\t\t\t\t<\/div>\n\t\t\t\t<\/div>\n\t\t\t\t<div class=\"elementor-element elementor-element-908af99 elementor-widget elementor-widget-spacer\" data-id=\"908af99\" data-element_type=\"widget\" data-widget_type=\"spacer.default\">\n\t\t\t\t<div class=\"elementor-widget-container\">\n\t\t\t\t\t\t\t<div class=\"elementor-spacer\">\n\t\t\t<div class=\"elementor-spacer-inner\"><\/div>\n\t\t<\/div>\n\t\t\t\t\t\t<\/div>\n\t\t\t\t<\/div>\n\t\t\t\t<div class=\"elementor-element elementor-element-3a7dd5a eael-cta-overlay-yes elementor-widget elementor-widget-eael-cta-box\" data-id=\"3a7dd5a\" data-element_type=\"widget\" data-widget_type=\"eael-cta-box.default\">\n\t\t\t\t<div class=\"elementor-widget-container\">\n\t\t\t\t\t\t\t\t<div class=\"eael-call-to-action cta-flex bg-img cta-preset-2\">\n\t    <div class=\"content\">\n            <h4 class=\"sub-title\">Fr\u00e4nkische Schweiz<\/h4><h2 class=\"title\">Ein Kletterparadies<\/h2><p>Add a strong one liner supporting the heading above and giving users a reason to click on the button below.<\/p>\t    <\/div>\n\t    <div class=\"action\">\n\t        <a href=\"#\" class=\"cta-button cta-preset-2 cta-btn-preset-2\"><span class=\"btn-icon\"><svg aria-hidden=\"true\" class=\"e-font-icon-svg e-fas-bullhorn\" viewbox=\"0 0 576 512\" xmlns=\"http:\/\/www.w3.org\/2000\/svg\"><path d=\"M576 240c0-23.63-12.95-44.04-32-55.12V32.01C544 23.26 537.02 0 512 0c-7.12 0-14.19 2.38-19.98 7.02l-85.03 68.03C364.28 109.19 310.66 128 256 128H64c-35.35 0-64 28.65-64 64v96c0 35.35 28.65 64 64 64h33.7c-1.39 10.48-2.18 21.14-2.18 32 0 39.77 9.26 77.35 25.56 110.94 5.19 10.69 16.52 17.06 28.4 17.06h74.28c26.05 0 41.69-29.84 25.9-50.56-16.4-21.52-26.15-48.36-26.15-77.44 0-11.11 1.62-21.79 4.41-32H256c54.66 0 108.28 18.81 150.98 52.95l85.03 68.03a32.023 32.023 0 0 0 19.98 7.02c24.92 0 32-22.78 32-32V295.13C563.05 284.04 576 263.63 576 240zm-96 141.42l-33.05-26.44C392.95 311.78 325.12 288 256 288v-96c69.12 0 136.95-23.78 190.95-66.98L480 98.58v282.84z\"><\/path><\/svg><\/span>Click Here<\/a>\t    <\/div>\n\t<\/div>\n\t\t\t\t\t\t\t<\/div>\n\t\t\t\t<\/div>\n\t\t\t\t<div class=\"elementor-element elementor-element-33b4604 elementor-widget elementor-widget-eael-feature-list\" data-id=\"33b4604\" data-element_type=\"widget\" data-widget_type=\"eael-feature-list.default\">\n\t\t\t\t<div class=\"elementor-widget-container\">\n\t\t\t\t\t\t\t<div class=\"-icon-position-left -tablet-icon-position-left -mobile-icon-position-left\">\n\t\t\t<ul id=\"eael-feature-list-33b4604\" class=\"eael-feature-list-items square stacked  eael-feature-list-vertical\">\n\t\t\t                <li class=\"eael-feature-list-item elementor-repeater-item-62c8bef\">\n                    \n\t\t\t\t\t\t<div class=\"eael-feature-list-icon-box\">\n\t\t\t\t\t\t\t<div class=\"eael-feature-list-icon-inner\">\n\n\t\t\t\t\t\t\t\t<a class=\"eael-feature-list-icon fl-icon-0\"href=\"https:\/\/www.montekaolino.eu\/\" target=\"_blank\">\n\n\t\t<img decoding=\"async\" src=\"https:\/\/fewo-am-rauhen-kulm.de\/wp-content\/uploads\/2024\/09\/hirschau-monte-karolino-ausflugsziele-oberpfalz-amberg-freizeitangebote-panorama-1400-1.jpg\" class=\"eael-feature-list-img\" alt=\"Ein Sandberg mit einer Seilbahn und einem Aussichtsturm in der Oberpfalz.\">\t\t\t\t\t\t\t\t<\/a>\n\t\t\t\t\t\t\t<\/div>\n\t\t\t\t\t\t<\/div>\n\t\t\t\t\t\t<div class=\"eael-feature-list-content-box\">\n                            <h2 class=\"eael-feature-list-title\"><a href=\"https:\/\/www.montekaolino.eu\/\" target=\"_blank\">Monte Kaoliono<\/a><\/h2>\t\t\t\t\t\t<p class=\"eael-feature-list-content\">Freizeitpark - Sandski, Klettern, Baden<\/p>\n\t\t\t\t\t\t<\/div>\n\n\t\t\t\t\t<\/li>\n\t\t\t\t                <li class=\"eael-feature-list-item elementor-repeater-item-182b797\">\n                    \n\t\t\t\t\t\t<div class=\"eael-feature-list-icon-box\">\n\t\t\t\t\t\t\t<div class=\"eael-feature-list-icon-inner\">\n\n\t\t\t\t\t\t\t\t<a class=\"eael-feature-list-icon fl-icon-1\"href=\"https:\/\/www.montekaolino.eu\/\" target=\"_blank\">\n\n\t\t<img decoding=\"async\" src=\"https:\/\/fewo-am-rauhen-kulm.de\/wp-content\/uploads\/2024\/09\/test_17T0494-1.jpg\" class=\"eael-feature-list-img\" alt=\"\">\t\t\t\t\t\t\t\t<\/a>\n\t\t\t\t\t\t\t<\/div>\n\t\t\t\t\t\t<\/div>\n\t\t\t\t\t\t<div class=\"eael-feature-list-content-box\">\n                            <h2 class=\"eael-feature-list-title\"><a href=\"https:\/\/www.montekaolino.eu\/\" target=\"_blank\">Ochsenkopf<\/a><\/h2>\t\t\t\t\t\t<p class=\"eael-feature-list-content\">H\u00f6chster Berg Bayerns, n\u00f6rdlich der Alpen<\/p>\n\t\t\t\t\t\t<\/div>\n\n\t\t\t\t\t<\/li>\n\t\t\t\t\t\t\t<\/ul>\n\t\t<\/div>\n\t\t\t\t\t\t<\/div>\n\t\t\t\t<\/div>\n\t\t\t\t<div class=\"elementor-element elementor-element-0a95d51 elementor-widget elementor-widget-text-editor\" data-id=\"0a95d51\" data-element_type=\"widget\" data-widget_type=\"text-editor.default\">\n\t\t\t\t<div class=\"elementor-widget-container\">\n\t\t\t\t\t\t\t\t\t<ul>\n<li data-sourcepos=\"29:1-29:58\"><strong>Ochsenkopf:<\/strong> H\u00f6chster Berg Bayerns n\u00f6rdlich der Alpen (30 Min)<\/li>\n<li><strong>Tropfsteinh\u00f6hle Pottenstein:<\/strong> Beliebtes Ausflugsziel in der Fr\u00e4nkischen Schweiz (40 Min)<\/li>\n<li><strong>Burgruine Wei\u00dfenstein:<\/strong>\u00a0 Naturpark im s\u00fcdlichen Fichtelgebirge (30 Min)<\/li>\n<li data-sourcepos=\"30:1-30:65\"><strong>Walberla:<\/strong> Beliebtes Ausflugsziel in der Fr\u00e4nkischen Schweiz (40 Min)<\/li>\n<li data-sourcepos=\"31:1-31:61\"><strong>Gro\u00dfe und Kleine Vilse:<\/strong> Kristallklare Seen im Steinwald<\/li>\n<li><strong>Naturschutzgebiet Waldnaabtal:<\/strong> einzigartiges Biotop (30 Min)<\/li>\n<li data-sourcepos=\"32:1-32:41\"><strong>Monte Kaolino:<\/strong> Freizeitpark (45 Min)<\/li>\n<li><strong>Burgruine Waldeck:<\/strong> Atemberaubender Panoramablick (12 Min)<\/li>\n<li data-sourcepos=\"33:1-34:0\"><strong>Basaltkegel Rauher Kulm:<\/strong> Atemberaubender Panoramablick (vor Ort)<\/li>\n<\/ul>\t\t\t\t\t\t\t\t<\/div>\n\t\t\t\t<\/div>\n\t\t\t\t<div class=\"elementor-element elementor-element-161d25a elementor-align-center elementor-widget elementor-widget-button\" data-id=\"161d25a\" data-element_type=\"widget\" data-widget_type=\"button.default\">\n\t\t\t\t<div class=\"elementor-widget-container\">\n\t\t\t\t\t\t\t\t\t<div class=\"elementor-button-wrapper\">\n\t\t\t\t\t<a class=\"elementor-button elementor-button-link elementor-size-sm\" href=\"mailto:info@fewo-am-rauhen-kulm.de\" target=\"_blank\">\n\t\t\t\t\t\t<span class=\"elementor-button-content-wrapper\">\n\t\t\t\t\t\t\t\t\t<span class=\"elementor-button-text\">E-Mail schreiben<\/span>\n\t\t\t\t\t<\/span>\n\t\t\t\t\t<\/a>\n\t\t\t\t<\/div>\n\t\t\t\t\t\t\t\t<\/div>\n\t\t\t\t<\/div>\n\t\t\t\t<div class=\"elementor-element elementor-element-4098d00 elementor-widget elementor-widget-spacer\" data-id=\"4098d00\" data-element_type=\"widget\" data-widget_type=\"spacer.default\">\n\t\t\t\t<div class=\"elementor-widget-container\">\n\t\t\t\t\t\t\t<div class=\"elementor-spacer\">\n\t\t\t<div class=\"elementor-spacer-inner\"><\/div>\n\t\t<\/div>\n\t\t\t\t\t\t<\/div>\n\t\t\t\t<\/div>\n\t\t\t\t<\/div>\n\t\t\t\t\t<\/div>\n\t\t\t\t<\/div>\n\t\t<div data-particle_enable=\"false\" data-particle-mobile-disabled=\"false\" class=\"elementor-element elementor-element-20eb19f e-flex e-con-boxed e-con e-parent\" data-id=\"20eb19f\" data-element_type=\"container\">\n\t\t\t\t\t<div class=\"e-con-inner\">\n\t\t<div data-particle_enable=\"false\" data-particle-mobile-disabled=\"false\" class=\"elementor-element elementor-element-b0706e2 e-con-full e-flex e-con e-child\" data-id=\"b0706e2\" data-element_type=\"container\">\n\t\t\t\t<div class=\"elementor-element elementor-element-92ca880 elementor-widget-divider--view-line elementor-widget elementor-widget-divider\" data-id=\"92ca880\" data-element_type=\"widget\" data-widget_type=\"divider.default\">\n\t\t\t\t<div class=\"elementor-widget-container\">\n\t\t\t\t\t\t\t<div class=\"elementor-divider\">\n\t\t\t<span class=\"elementor-divider-separator\">\n\t\t\t\t\t\t<\/span>\n\t\t<\/div>\n\t\t\t\t\t\t<\/div>\n\t\t\t\t<\/div>\n\t\t\t\t<div class=\"elementor-element elementor-element-46fd4ac elementor-widget elementor-widget-heading\" data-id=\"46fd4ac\" data-element_type=\"widget\" data-widget_type=\"heading.default\">\n\t\t\t\t<div class=\"elementor-widget-container\">\n\t\t\t\t\t<h2 class=\"elementor-heading-title elementor-size-default\">Buche jetzt deinen Aufenthalt und erlebe unvergessliche Abenteuer!\n\n<\/h2>\t\t\t\t<\/div>\n\t\t\t\t<\/div>\n\t\t\t\t<div class=\"elementor-element elementor-element-c2a97a2 elementor-widget elementor-widget-spacer\" data-id=\"c2a97a2\" data-element_type=\"widget\" data-widget_type=\"spacer.default\">\n\t\t\t\t<div class=\"elementor-widget-container\">\n\t\t\t\t\t\t\t<div class=\"elementor-spacer\">\n\t\t\t<div class=\"elementor-spacer-inner\"><\/div>\n\t\t<\/div>\n\t\t\t\t\t\t<\/div>\n\t\t\t\t<\/div>\n\t\t\t\t<div class=\"elementor-element elementor-element-053a4d0 elementor-cta--skin-cover elementor-cta--valign-middle elementor-animated-content elementor-bg-transform elementor-bg-transform-zoom-in elementor-widget elementor-widget-call-to-action\" data-id=\"053a4d0\" data-element_type=\"widget\" data-widget_type=\"call-to-action.default\">\n\t\t\t\t<div class=\"elementor-widget-container\">\n\t\t\t\t\t\t\t<a class=\"elementor-cta\" href=\"\/fewo-panoramablick\">\n\t\t\t\t\t<div class=\"elementor-cta__bg-wrapper\">\n\t\t\t\t<div class=\"elementor-cta__bg elementor-bg\" style=\"background-image: url(https:\/\/fewo-am-rauhen-kulm.de\/wp-content\/uploads\/2024\/09\/fewo-panoramablick.jpg);\" role=\"img\" aria-label=\"Balkon mit Holzstuhl und Blick auf eine gr\u00fcne Landschaft, kombiniert mit einem Wohnzimmer mit Fernseher und Sofa.\"><\/div>\n\t\t\t\t<div class=\"elementor-cta__bg-overlay\"><\/div>\n\t\t\t<\/div>\n\t\t\t\t\t\t\t<div class=\"elementor-cta__content\">\n\t\t\t\t\t\t\t\t\t<div class=\"elementor-content-item elementor-cta__content-item elementor-icon-wrapper elementor-cta__icon elementor-view-default elementor-animated-item--grow\">\n\t\t\t\t\t\t<div class=\"elementor-icon\">\n\t\t\t\t\t\t\t\t\t\t\t\t\t<\/div>\n\t\t\t\t\t<\/div>\n\t\t\t\t\n\t\t\t\t\t\t\t\t\t<h2 class=\"elementor-cta__title elementor-cta__content-item elementor-content-item elementor-animated-item--grow\">\n\t\t\t\t\t\tFeWo Panoramablick\t\t\t\t\t<\/h2>\n\t\t\t\t\n\t\t\t\t\t\t\t\t\t<div class=\"elementor-cta__description elementor-cta__content-item elementor-content-item elementor-animated-item--grow\">\n\t\t\t\t\t\tDie ideale Unterkunft f\u00fcr bis zu 5 Mitarbeiter.\t\t\t\t\t<\/div>\n\t\t\t\t\n\t\t\t\t\t\t\t\t\t<div class=\"elementor-cta__button-wrapper elementor-cta__content-item elementor-content-item elementor-animated-item--grow\">\n\t\t\t\t\t<span class=\"elementor-cta__button elementor-button elementor-size-\">\n\t\t\t\t\t\tUnterkunft ansehen\t\t\t\t\t<\/span>\n\t\t\t\t\t<\/div>\n\t\t\t\t\t\t\t<\/div>\n\t\t\t\t\t\t\t<div class=\"elementor-ribbon\">\n\t\t\t\t<div class=\"elementor-ribbon-inner\">Aktion<\/div>\n\t\t\t<\/div>\n\t\t\t\t<\/a>\n\t\t\t\t\t\t<\/div>\n\t\t\t\t<\/div>\n\t\t\t\t<div class=\"elementor-element elementor-element-0fd8c99 elementor-widget elementor-widget-spacer\" data-id=\"0fd8c99\" data-element_type=\"widget\" data-widget_type=\"spacer.default\">\n\t\t\t\t<div class=\"elementor-widget-container\">\n\t\t\t\t\t\t\t<div class=\"elementor-spacer\">\n\t\t\t<div class=\"elementor-spacer-inner\"><\/div>\n\t\t<\/div>\n\t\t\t\t\t\t<\/div>\n\t\t\t\t<\/div>\n\t\t\t\t<div class=\"elementor-element elementor-element-3912026 elementor-widget elementor-widget-text-editor\" data-id=\"3912026\" data-element_type=\"widget\" data-widget_type=\"text-editor.default\">\n\t\t\t\t<div class=\"elementor-widget-container\">\n\t\t\t\t\t\t\t\t\t<p data-sourcepos=\"20:1-21:216\">Die Region um den Rauhen Kulm, das Fichtelgebirge und die Fr\u00e4nkische Schweiz bietet eine Vielzahl an M\u00f6glichkeiten f\u00fcr einen aktiven und erlebnisreichen Urlaub. Lass dich verzaubern von der Sch\u00f6nheit der Natur, erkunde die zahlreichen Wanderwege und genie\u00dfe die Ruhe und Abgeschiedenheit dieser einzigartigen Region.<\/p>\t\t\t\t\t\t\t\t<\/div>\n\t\t\t\t<\/div>\n\t\t\t\t<div class=\"elementor-element elementor-element-ad80a93 elementor-align-center elementor-widget elementor-widget-button\" data-id=\"ad80a93\" data-element_type=\"widget\" data-widget_type=\"button.default\">\n\t\t\t\t<div class=\"elementor-widget-container\">\n\t\t\t\t\t\t\t\t\t<div class=\"elementor-button-wrapper\">\n\t\t\t\t\t<a class=\"elementor-button elementor-button-link elementor-size-sm\" href=\"http:\/\/airbnb.de\/h\/fewonak\" target=\"_blank\">\n\t\t\t\t\t\t<span class=\"elementor-button-content-wrapper\">\n\t\t\t\t\t\t<span class=\"elementor-button-icon\">\n\t\t\t\t<svg aria-hidden=\"true\" class=\"e-font-icon-svg e-fab-airbnb\" viewbox=\"0 0 448 512\" xmlns=\"http:\/\/www.w3.org\/2000\/svg\"><path d=\"M224 373.12c-25.24-31.67-40.08-59.43-45-83.18-22.55-88 112.61-88 90.06 0-5.45 24.25-20.29 52-45 83.18zm138.15 73.23c-42.06 18.31-83.67-10.88-119.3-50.47 103.9-130.07 46.11-200-18.85-200-54.92 0-85.16 46.51-73.28 100.5 6.93 29.19 25.23 62.39 54.43 99.5-32.53 36.05-60.55 52.69-85.15 54.92-50 7.43-89.11-41.06-71.3-91.09 15.1-39.16 111.72-231.18 115.87-241.56 15.75-30.07 25.56-57.4 59.38-57.4 32.34 0 43.4 25.94 60.37 59.87 36 70.62 89.35 177.48 114.84 239.09 13.17 33.07-1.37 71.29-37.01 86.64zm47-136.12C280.27 35.93 273.13 32 224 32c-45.52 0-64.87 31.67-84.66 72.79C33.18 317.1 22.89 347.19 22 349.81-3.22 419.14 48.74 480 111.63 480c21.71 0 60.61-6.06 112.37-62.4 58.68 63.78 101.26 62.4 112.37 62.4 62.89.05 114.85-60.86 89.61-130.19.02-3.89-16.82-38.9-16.82-39.58z\"><\/path><\/svg>\t\t\t<\/span>\n\t\t\t\t\t\t\t\t\t<span class=\"elementor-button-text\">Jetzt Verf\u00fcgbarkeit pr\u00fcfen<\/span>\n\t\t\t\t\t<\/span>\n\t\t\t\t\t<\/a>\n\t\t\t\t<\/div>\n\t\t\t\t\t\t\t\t<\/div>\n\t\t\t\t<\/div>\n\t\t\t\t<div class=\"elementor-element elementor-element-e40882e elementor-widget elementor-widget-spacer\" data-id=\"e40882e\" data-element_type=\"widget\" data-widget_type=\"spacer.default\">\n\t\t\t\t<div class=\"elementor-widget-container\">\n\t\t\t\t\t\t\t<div class=\"elementor-spacer\">\n\t\t\t<div class=\"elementor-spacer-inner\"><\/div>\n\t\t<\/div>\n\t\t\t\t\t\t<\/div>\n\t\t\t\t<\/div>\n\t\t\t\t<\/div>\n\t\t\t\t\t<\/div>\n\t\t\t\t<\/div>\n\t\t\t\t<\/div>","protected":false},"excerpt":{"rendered":"<p>Viele Reisende nutzen die Region um den Rauhen Kulm lediglich als Durchfahrtsort. Dabei verpassen sie eine wahre Schatztruhe an Naturerlebnissen und Aktivit\u00e4ten. Denn hier, an der Schnittstelle von Vulkanlandschaft, Fichtelgebirge und Fr\u00e4nkischer Schweiz, erwartet dich ein Paradies f\u00fcr alle, die gerne aktiv ihren Urlaub gestalten.<\/p>","protected":false},"author":1,"featured_media":3198,"comment_status":"closed","ping_status":"open","sticky":false,"template":"elementor_theme","format":"standard","meta":{"_monsterinsights_skip_tracking":false,"_monsterinsights_sitenote_active":false,"_monsterinsights_sitenote_note":"","_monsterinsights_sitenote_category":0,"footnotes":""},"categories":[1],"tags":[29,28,31,30,19],"class_list":["post-2413","post","type-post","status-publish","format-standard","has-post-thumbnail","hentry","category-blog","tag-basislager","tag-ferienwohnung","tag-fichtelgebirge","tag-rauher-kulm","tag-stressfrei"],"yoast_head":"<!-- This site is optimized with the Yoast SEO Premium plugin v24.1 (Yoast SEO v24.2) - https:\/\/yoast.com\/wordpress\/plugins\/seo\/ -->\n<title>Entdecke die versteckten Sch\u00e4tze Rund um den Rauhen Kulm<\/title>\n<meta name=\"description\" content=\"Entdecke die versteckten Sch\u00e4tze der Natur! Wandern, Radfahren, Klettern \u2013 in der Region um den Rauhen Kulm, das Fichtelgebirge und die Fr\u00e4nkische Schweiz findest du dein pers\u00f6nliches Abenteuer. Ideale Lage f\u00fcr deinen Aktivurlaub!\" \/>\n<meta name=\"robots\" content=\"index, follow, max-snippet:-1, max-image-preview:large, max-video-preview:-1\" \/>\n<link rel=\"canonical\" href=\"https:\/\/fewo-am-rauhen-kulm.de\/en\/verborgene-schaetze-entdecken-dein-aktivurlaub-rund-um-den-rauhen-kulm\/\" \/>\n<meta property=\"og:locale\" content=\"en_GB\" \/>\n<meta property=\"og:type\" content=\"article\" \/>\n<meta property=\"og:title\" content=\"Aktivurlaub Rauer Kulm: Ein Paradies f\u00fcr Abenteurer\" \/>\n<meta property=\"og:description\" content=\"Aktivurlaub Rauer Kulm wartet auf dich! Erlebe die Sch\u00f6nheit der Natur.\" \/>\n<meta property=\"og:url\" content=\"https:\/\/fewo-am-rauhen-kulm.de\/en\/verborgene-schaetze-entdecken-dein-aktivurlaub-rund-um-den-rauhen-kulm\/\" \/>\n<meta property=\"og:site_name\" content=\"Ferienwohnung\" \/>\n<meta property=\"article:published_time\" content=\"2024-09-12T10:00:14+00:00\" \/>\n<meta property=\"article:modified_time\" content=\"2024-12-14T18:34:30+00:00\" \/>\n<meta property=\"og:image\" content=\"https:\/\/fewo-am-rauhen-kulm.de\/wp-content\/uploads\/2024\/12\/kulm-ansicht-scaled-1-1024x414.jpg\" \/>\n\t<meta property=\"og:image:width\" content=\"1024\" \/>\n\t<meta property=\"og:image:height\" content=\"414\" \/>\n\t<meta property=\"og:image:type\" content=\"image\/jpeg\" \/>\n<meta name=\"author\" content=\"AbsoluteGravity\" \/>\n<meta name=\"twitter:card\" content=\"summary_large_image\" \/>\n<meta name=\"twitter:title\" content=\"Aktivurlaub Rauer Kulm: Ein Paradies f\u00fcr Abenteurer\" \/>\n<meta name=\"twitter:description\" content=\"Aktivurlaub Rauer Kulm wartet auf dich! Erlebe die Sch\u00f6nheit der Natur.\" \/>\n<meta name=\"twitter:label1\" content=\"Written by\" \/>\n\t<meta name=\"twitter:data1\" content=\"AbsoluteGravity\" \/>\n\t<meta name=\"twitter:label2\" content=\"Estimated reading time\" \/>\n\t<meta name=\"twitter:data2\" content=\"5 minutes\" \/>\n<script type=\"application\/ld+json\" class=\"yoast-schema-graph\">{\"@context\":\"https:\/\/schema.org\",\"@graph\":[{\"@type\":\"Article\",\"@id\":\"https:\/\/fewo-am-rauhen-kulm.de\/verborgene-schaetze-entdecken-dein-aktivurlaub-rund-um-den-rauhen-kulm\/#article\",\"isPartOf\":{\"@id\":\"https:\/\/fewo-am-rauhen-kulm.de\/verborgene-schaetze-entdecken-dein-aktivurlaub-rund-um-den-rauhen-kulm\/\"},\"author\":{\"name\":\"AbsoluteGravity\",\"@id\":\"https:\/\/fewo-am-rauhen-kulm.de\/#\/schema\/person\/1399531c1585af7f9636c4712262fa99\"},\"headline\":\"Verborgene Sch\u00e4tze entdecken: Dein Aktivurlaub rund um den Rauhen Kulm\",\"datePublished\":\"2024-09-12T10:00:14+00:00\",\"dateModified\":\"2024-12-14T18:34:30+00:00\",\"mainEntityOfPage\":{\"@id\":\"https:\/\/fewo-am-rauhen-kulm.de\/verborgene-schaetze-entdecken-dein-aktivurlaub-rund-um-den-rauhen-kulm\/\"},\"wordCount\":530,\"publisher\":{\"@id\":\"https:\/\/fewo-am-rauhen-kulm.de\/#organization\"},\"image\":{\"@id\":\"https:\/\/fewo-am-rauhen-kulm.de\/verborgene-schaetze-entdecken-dein-aktivurlaub-rund-um-den-rauhen-kulm\/#primaryimage\"},\"thumbnailUrl\":\"https:\/\/fewo-am-rauhen-kulm.de\/wp-content\/uploads\/2024\/12\/kulm-ansicht-scaled-1.jpg\",\"keywords\":[\"Basislager\",\"Ferienwohnung\",\"Fichtelgebirge\",\"Rauher Kulm\",\"stressfrei\"],\"articleSection\":[\"Blog\"],\"inLanguage\":\"en-GB\"},{\"@type\":\"WebPage\",\"@id\":\"https:\/\/fewo-am-rauhen-kulm.de\/verborgene-schaetze-entdecken-dein-aktivurlaub-rund-um-den-rauhen-kulm\/\",\"url\":\"https:\/\/fewo-am-rauhen-kulm.de\/verborgene-schaetze-entdecken-dein-aktivurlaub-rund-um-den-rauhen-kulm\/\",\"name\":\"Entdecke die versteckten Sch\u00e4tze Rund um den Rauhen Kulm\",\"isPartOf\":{\"@id\":\"https:\/\/fewo-am-rauhen-kulm.de\/#website\"},\"primaryImageOfPage\":{\"@id\":\"https:\/\/fewo-am-rauhen-kulm.de\/verborgene-schaetze-entdecken-dein-aktivurlaub-rund-um-den-rauhen-kulm\/#primaryimage\"},\"image\":{\"@id\":\"https:\/\/fewo-am-rauhen-kulm.de\/verborgene-schaetze-entdecken-dein-aktivurlaub-rund-um-den-rauhen-kulm\/#primaryimage\"},\"thumbnailUrl\":\"https:\/\/fewo-am-rauhen-kulm.de\/wp-content\/uploads\/2024\/12\/kulm-ansicht-scaled-1.jpg\",\"datePublished\":\"2024-09-12T10:00:14+00:00\",\"dateModified\":\"2024-12-14T18:34:30+00:00\",\"description\":\"Entdecke die versteckten Sch\u00e4tze der Natur! Wandern, Radfahren, Klettern \u2013 in der Region um den Rauhen Kulm, das Fichtelgebirge und die Fr\u00e4nkische Schweiz findest du dein pers\u00f6nliches Abenteuer. Ideale Lage f\u00fcr deinen Aktivurlaub!\",\"breadcrumb\":{\"@id\":\"https:\/\/fewo-am-rauhen-kulm.de\/verborgene-schaetze-entdecken-dein-aktivurlaub-rund-um-den-rauhen-kulm\/#breadcrumb\"},\"inLanguage\":\"en-GB\",\"potentialAction\":[{\"@type\":\"ReadAction\",\"target\":[\"https:\/\/fewo-am-rauhen-kulm.de\/verborgene-schaetze-entdecken-dein-aktivurlaub-rund-um-den-rauhen-kulm\/\"]}]},{\"@type\":\"ImageObject\",\"inLanguage\":\"en-GB\",\"@id\":\"https:\/\/fewo-am-rauhen-kulm.de\/verborgene-schaetze-entdecken-dein-aktivurlaub-rund-um-den-rauhen-kulm\/#primaryimage\",\"url\":\"https:\/\/fewo-am-rauhen-kulm.de\/wp-content\/uploads\/2024\/12\/kulm-ansicht-scaled-1.jpg\",\"contentUrl\":\"https:\/\/fewo-am-rauhen-kulm.de\/wp-content\/uploads\/2024\/12\/kulm-ansicht-scaled-1.jpg\",\"width\":2560,\"height\":1034,\"caption\":\"Eine gr\u00fcne Landschaft mit sanften H\u00fcgeln und Wiesen.\"},{\"@type\":\"BreadcrumbList\",\"@id\":\"https:\/\/fewo-am-rauhen-kulm.de\/verborgene-schaetze-entdecken-dein-aktivurlaub-rund-um-den-rauhen-kulm\/#breadcrumb\",\"itemListElement\":[{\"@type\":\"ListItem\",\"position\":1,\"name\":\"Startseite\",\"item\":\"https:\/\/fewo-am-rauhen-kulm.de\/\"},{\"@type\":\"ListItem\",\"position\":2,\"name\":\"Verborgene Sch\u00e4tze entdecken: Dein Aktivurlaub rund um den Rauhen Kulm\"}]},{\"@type\":\"WebSite\",\"@id\":\"https:\/\/fewo-am-rauhen-kulm.de\/#website\",\"url\":\"https:\/\/fewo-am-rauhen-kulm.de\/\",\"name\":\"Ferienwohnung am Rauhen Kulm\",\"description\":\"Unterkunft in Neustadt am Kulm\",\"publisher\":{\"@id\":\"https:\/\/fewo-am-rauhen-kulm.de\/#organization\"},\"alternateName\":\"Urlaub in Neustadt am Kulm\",\"potentialAction\":[{\"@type\":\"SearchAction\",\"target\":{\"@type\":\"EntryPoint\",\"urlTemplate\":\"https:\/\/fewo-am-rauhen-kulm.de\/?s={search_term_string}\"},\"query-input\":{\"@type\":\"PropertyValueSpecification\",\"valueRequired\":true,\"valueName\":\"search_term_string\"}}],\"inLanguage\":\"en-GB\"},{\"@type\":\"Organization\",\"@id\":\"https:\/\/fewo-am-rauhen-kulm.de\/#organization\",\"name\":\"Ferienwohnung am Rauhen Kulm\",\"url\":\"https:\/\/fewo-am-rauhen-kulm.de\/\",\"logo\":{\"@type\":\"ImageObject\",\"inLanguage\":\"en-GB\",\"@id\":\"https:\/\/fewo-am-rauhen-kulm.de\/#\/schema\/logo\/image\/\",\"url\":\"https:\/\/fewo-am-rauhen-kulm.de\/wp-content\/uploads\/2024\/06\/Unbenannt-1.jpg\",\"contentUrl\":\"https:\/\/fewo-am-rauhen-kulm.de\/wp-content\/uploads\/2024\/06\/Unbenannt-1.jpg\",\"width\":800,\"height\":620,\"caption\":\"Ferienwohnung am Rauhen Kulm\"},\"image\":{\"@id\":\"https:\/\/fewo-am-rauhen-kulm.de\/#\/schema\/logo\/image\/\"},\"email\":\"info@fewo-am-rauhen-kulm.de\"},{\"@type\":\"Person\",\"@id\":\"https:\/\/fewo-am-rauhen-kulm.de\/#\/schema\/person\/1399531c1585af7f9636c4712262fa99\",\"name\":\"AbsoluteGravity\",\"image\":{\"@type\":\"ImageObject\",\"inLanguage\":\"en-GB\",\"@id\":\"https:\/\/fewo-am-rauhen-kulm.de\/#\/schema\/person\/image\/\",\"url\":\"https:\/\/secure.gravatar.com\/avatar\/1e840d282d0425f458e9d9a566e20db444da3c3fb963c3b903f257abd5fc4b81?s=96&d=mm&r=g\",\"contentUrl\":\"https:\/\/secure.gravatar.com\/avatar\/1e840d282d0425f458e9d9a566e20db444da3c3fb963c3b903f257abd5fc4b81?s=96&d=mm&r=g\",\"caption\":\"AbsoluteGravity\"},\"sameAs\":[\"http:\/\/fewo-am-rauhen-kulm.de\"],\"url\":\"https:\/\/fewo-am-rauhen-kulm.de\/en\/author\/absolutegravity\/\"}]}<\/script>\n<!-- \/ Yoast SEO Premium plugin. -->","yoast_head_json":{"title":"Entdecke die versteckten Sch\u00e4tze Rund um den Rauhen Kulm","description":"Entdecke die versteckten Sch\u00e4tze der Natur! Wandern, Radfahren, Klettern \u2013 in der Region um den Rauhen Kulm, das Fichtelgebirge und die Fr\u00e4nkische Schweiz findest du dein pers\u00f6nliches Abenteuer. Ideale Lage f\u00fcr deinen Aktivurlaub!","robots":{"index":"index","follow":"follow","max-snippet":"max-snippet:-1","max-image-preview":"max-image-preview:large","max-video-preview":"max-video-preview:-1"},"canonical":"https:\/\/fewo-am-rauhen-kulm.de\/en\/verborgene-schaetze-entdecken-dein-aktivurlaub-rund-um-den-rauhen-kulm\/","og_locale":"en_GB","og_type":"article","og_title":"Aktivurlaub Rauer Kulm: Ein Paradies f\u00fcr Abenteurer","og_description":"Aktivurlaub Rauer Kulm wartet auf dich! Erlebe die Sch\u00f6nheit der Natur.","og_url":"https:\/\/fewo-am-rauhen-kulm.de\/en\/verborgene-schaetze-entdecken-dein-aktivurlaub-rund-um-den-rauhen-kulm\/","og_site_name":"Ferienwohnung","article_published_time":"2024-09-12T10:00:14+00:00","article_modified_time":"2024-12-14T18:34:30+00:00","og_image":[{"width":1024,"height":414,"url":"https:\/\/fewo-am-rauhen-kulm.de\/wp-content\/uploads\/2024\/12\/kulm-ansicht-scaled-1-1024x414.jpg","type":"image\/jpeg"}],"author":"AbsoluteGravity","twitter_card":"summary_large_image","twitter_title":"Aktivurlaub Rauer Kulm: Ein Paradies f\u00fcr Abenteurer","twitter_description":"Aktivurlaub Rauer Kulm wartet auf dich! Erlebe die Sch\u00f6nheit der Natur.","twitter_misc":{"Written by":"AbsoluteGravity","Estimated reading time":"5 minutes"},"schema":{"@context":"https:\/\/schema.org","@graph":[{"@type":"Article","@id":"https:\/\/fewo-am-rauhen-kulm.de\/verborgene-schaetze-entdecken-dein-aktivurlaub-rund-um-den-rauhen-kulm\/#article","isPartOf":{"@id":"https:\/\/fewo-am-rauhen-kulm.de\/verborgene-schaetze-entdecken-dein-aktivurlaub-rund-um-den-rauhen-kulm\/"},"author":{"name":"AbsoluteGravity","@id":"https:\/\/fewo-am-rauhen-kulm.de\/#\/schema\/person\/1399531c1585af7f9636c4712262fa99"},"headline":"Verborgene Sch\u00e4tze entdecken: Dein Aktivurlaub rund um den Rauhen Kulm","datePublished":"2024-09-12T10:00:14+00:00","dateModified":"2024-12-14T18:34:30+00:00","mainEntityOfPage":{"@id":"https:\/\/fewo-am-rauhen-kulm.de\/verborgene-schaetze-entdecken-dein-aktivurlaub-rund-um-den-rauhen-kulm\/"},"wordCount":530,"publisher":{"@id":"https:\/\/fewo-am-rauhen-kulm.de\/#organization"},"image":{"@id":"https:\/\/fewo-am-rauhen-kulm.de\/verborgene-schaetze-entdecken-dein-aktivurlaub-rund-um-den-rauhen-kulm\/#primaryimage"},"thumbnailUrl":"https:\/\/fewo-am-rauhen-kulm.de\/wp-content\/uploads\/2024\/12\/kulm-ansicht-scaled-1.jpg","keywords":["Basislager","Ferienwohnung","Fichtelgebirge","Rauher Kulm","stressfrei"],"articleSection":["Blog"],"inLanguage":"en-GB"},{"@type":"WebPage","@id":"https:\/\/fewo-am-rauhen-kulm.de\/verborgene-schaetze-entdecken-dein-aktivurlaub-rund-um-den-rauhen-kulm\/","url":"https:\/\/fewo-am-rauhen-kulm.de\/verborgene-schaetze-entdecken-dein-aktivurlaub-rund-um-den-rauhen-kulm\/","name":"Entdecke die versteckten Sch\u00e4tze Rund um den Rauhen Kulm","isPartOf":{"@id":"https:\/\/fewo-am-rauhen-kulm.de\/#website"},"primaryImageOfPage":{"@id":"https:\/\/fewo-am-rauhen-kulm.de\/verborgene-schaetze-entdecken-dein-aktivurlaub-rund-um-den-rauhen-kulm\/#primaryimage"},"image":{"@id":"https:\/\/fewo-am-rauhen-kulm.de\/verborgene-schaetze-entdecken-dein-aktivurlaub-rund-um-den-rauhen-kulm\/#primaryimage"},"thumbnailUrl":"https:\/\/fewo-am-rauhen-kulm.de\/wp-content\/uploads\/2024\/12\/kulm-ansicht-scaled-1.jpg","datePublished":"2024-09-12T10:00:14+00:00","dateModified":"2024-12-14T18:34:30+00:00","description":"Entdecke die versteckten Sch\u00e4tze der Natur! Wandern, Radfahren, Klettern \u2013 in der Region um den Rauhen Kulm, das Fichtelgebirge und die Fr\u00e4nkische Schweiz findest du dein pers\u00f6nliches Abenteuer. Ideale Lage f\u00fcr deinen Aktivurlaub!","breadcrumb":{"@id":"https:\/\/fewo-am-rauhen-kulm.de\/verborgene-schaetze-entdecken-dein-aktivurlaub-rund-um-den-rauhen-kulm\/#breadcrumb"},"inLanguage":"en-GB","potentialAction":[{"@type":"ReadAction","target":["https:\/\/fewo-am-rauhen-kulm.de\/verborgene-schaetze-entdecken-dein-aktivurlaub-rund-um-den-rauhen-kulm\/"]}]},{"@type":"ImageObject","inLanguage":"en-GB","@id":"https:\/\/fewo-am-rauhen-kulm.de\/verborgene-schaetze-entdecken-dein-aktivurlaub-rund-um-den-rauhen-kulm\/#primaryimage","url":"https:\/\/fewo-am-rauhen-kulm.de\/wp-content\/uploads\/2024\/12\/kulm-ansicht-scaled-1.jpg","contentUrl":"https:\/\/fewo-am-rauhen-kulm.de\/wp-content\/uploads\/2024\/12\/kulm-ansicht-scaled-1.jpg","width":2560,"height":1034,"caption":"Eine gr\u00fcne Landschaft mit sanften H\u00fcgeln und Wiesen."},{"@type":"BreadcrumbList","@id":"https:\/\/fewo-am-rauhen-kulm.de\/verborgene-schaetze-entdecken-dein-aktivurlaub-rund-um-den-rauhen-kulm\/#breadcrumb","itemListElement":[{"@type":"ListItem","position":1,"name":"Startseite","item":"https:\/\/fewo-am-rauhen-kulm.de\/"},{"@type":"ListItem","position":2,"name":"Verborgene Sch\u00e4tze entdecken: Dein Aktivurlaub rund um den Rauhen Kulm"}]},{"@type":"WebSite","@id":"https:\/\/fewo-am-rauhen-kulm.de\/#website","url":"https:\/\/fewo-am-rauhen-kulm.de\/","name":"Ferienwohnung am Rauhen Kulm","description":"Unterkunft in Neustadt am Kulm","publisher":{"@id":"https:\/\/fewo-am-rauhen-kulm.de\/#organization"},"alternateName":"Urlaub in Neustadt am Kulm","potentialAction":[{"@type":"SearchAction","target":{"@type":"EntryPoint","urlTemplate":"https:\/\/fewo-am-rauhen-kulm.de\/?s={search_term_string}"},"query-input":{"@type":"PropertyValueSpecification","valueRequired":true,"valueName":"search_term_string"}}],"inLanguage":"en-GB"},{"@type":"Organization","@id":"https:\/\/fewo-am-rauhen-kulm.de\/#organization","name":"Ferienwohnung am Rauhen Kulm","url":"https:\/\/fewo-am-rauhen-kulm.de\/","logo":{"@type":"ImageObject","inLanguage":"en-GB","@id":"https:\/\/fewo-am-rauhen-kulm.de\/#\/schema\/logo\/image\/","url":"https:\/\/fewo-am-rauhen-kulm.de\/wp-content\/uploads\/2024\/06\/Unbenannt-1.jpg","contentUrl":"https:\/\/fewo-am-rauhen-kulm.de\/wp-content\/uploads\/2024\/06\/Unbenannt-1.jpg","width":800,"height":620,"caption":"Ferienwohnung am Rauhen Kulm"},"image":{"@id":"https:\/\/fewo-am-rauhen-kulm.de\/#\/schema\/logo\/image\/"},"email":"info@fewo-am-rauhen-kulm.de"},{"@type":"Person","@id":"https:\/\/fewo-am-rauhen-kulm.de\/#\/schema\/person\/1399531c1585af7f9636c4712262fa99","name":"AbsoluteGravity","image":{"@type":"ImageObject","inLanguage":"en-GB","@id":"https:\/\/fewo-am-rauhen-kulm.de\/#\/schema\/person\/image\/","url":"https:\/\/secure.gravatar.com\/avatar\/1e840d282d0425f458e9d9a566e20db444da3c3fb963c3b903f257abd5fc4b81?s=96&d=mm&r=g","contentUrl":"https:\/\/secure.gravatar.com\/avatar\/1e840d282d0425f458e9d9a566e20db444da3c3fb963c3b903f257abd5fc4b81?s=96&d=mm&r=g","caption":"AbsoluteGravity"},"sameAs":["http:\/\/fewo-am-rauhen-kulm.de"],"url":"https:\/\/fewo-am-rauhen-kulm.de\/en\/author\/absolutegravity\/"}]}},"_links":{"self":[{"href":"https:\/\/fewo-am-rauhen-kulm.de\/en\/wp-json\/wp\/v2\/posts\/2413","targetHints":{"allow":["GET"]}}],"collection":[{"href":"https:\/\/fewo-am-rauhen-kulm.de\/en\/wp-json\/wp\/v2\/posts"}],"about":[{"href":"https:\/\/fewo-am-rauhen-kulm.de\/en\/wp-json\/wp\/v2\/types\/post"}],"author":[{"embeddable":true,"href":"https:\/\/fewo-am-rauhen-kulm.de\/en\/wp-json\/wp\/v2\/users\/1"}],"replies":[{"embeddable":true,"href":"https:\/\/fewo-am-rauhen-kulm.de\/en\/wp-json\/wp\/v2\/comments?post=2413"}],"version-history":[{"count":0,"href":"https:\/\/fewo-am-rauhen-kulm.de\/en\/wp-json\/wp\/v2\/posts\/2413\/revisions"}],"wp:featuredmedia":[{"embeddable":true,"href":"https:\/\/fewo-am-rauhen-kulm.de\/en\/wp-json\/wp\/v2\/media\/3198"}],"wp:attachment":[{"href":"https:\/\/fewo-am-rauhen-kulm.de\/en\/wp-json\/wp\/v2\/media?parent=2413"}],"wp:term":[{"taxonomy":"category","embeddable":true,"href":"https:\/\/fewo-am-rauhen-kulm.de\/en\/wp-json\/wp\/v2\/categories?post=2413"},{"taxonomy":"post_tag","embeddable":true,"href":"https:\/\/fewo-am-rauhen-kulm.de\/en\/wp-json\/wp\/v2\/tags?post=2413"}],"curies":[{"name":"wp","href":"https:\/\/api.w.org\/{rel}","templated":true}]}}