{"id":2610,"date":"2024-09-23T19:07:20","date_gmt":"2024-09-23T17:07:20","guid":{"rendered":"https:\/\/fewo-am-rauhen-kulm.de\/?p=2610"},"modified":"2024-10-17T15:54:55","modified_gmt":"2024-10-17T13:54:55","slug":"herbsturlaub-in-der-nordlichen-oberpfalz","status":"publish","type":"post","link":"https:\/\/fewo-am-rauhen-kulm.de\/pl\/herbsturlaub-in-der-nordlichen-oberpfalz\/","title":{"rendered":"Herbsturlaub in der N\u00f6rdlichen Oberpfalz"},"content":{"rendered":"<div data-elementor-type=\"wp-post\" data-elementor-id=\"2610\" class=\"elementor elementor-2610\" data-elementor-post-type=\"post\">\n\t\t\t\t<div data-particle_enable=\"false\" data-particle-mobile-disabled=\"false\" class=\"elementor-element elementor-element-17513470 e-flex e-con-boxed e-con e-parent\" data-id=\"17513470\" data-element_type=\"container\">\n\t\t\t\t\t<div class=\"e-con-inner\">\n\t\t\t\t<div class=\"elementor-element elementor-element-0f50ac5 elementor-widget-divider--view-line elementor-widget elementor-widget-divider\" data-id=\"0f50ac5\" data-element_type=\"widget\" data-widget_type=\"divider.default\">\n\t\t\t\t<div class=\"elementor-widget-container\">\n\t\t\t\t\t\t\t<div class=\"elementor-divider\">\n\t\t\t<span class=\"elementor-divider-separator\">\n\t\t\t\t\t\t<\/span>\n\t\t<\/div>\n\t\t\t\t\t\t<\/div>\n\t\t\t\t<\/div>\n\t\t\t\t<div class=\"elementor-element elementor-element-b0c5575 elementor-widget elementor-widget-text-editor\" data-id=\"b0c5575\" data-element_type=\"widget\" data-widget_type=\"text-editor.default\">\n\t\t\t\t<div class=\"elementor-widget-container\">\n\t\t\t\t\t\t\t\t\t<p><\/p>\n<p data-sourcepos=\"10:1-10:366\">Die N\u00f6rdliche Oberpfalz im Herbst entfaltet eine besondere Magie. W\u00e4lder in leuchtenden Farben, frische Luft und die Ruhe der Natur laden zu einem erholsamen Urlaub ein. In unserer gem\u00fctlichen Ferienwohnung am Rauhen Kulm finden Sie den perfekten R\u00fcckzugsort, um die Sch\u00f6nheit der Jahreszeit zu genie\u00dfen.<\/p>\n<p><\/p>\t\t\t\t\t\t\t\t<\/div>\n\t\t\t\t<\/div>\n\t\t\t\t\t<\/div>\n\t\t\t\t<\/div>\n\t\t<div data-particle_enable=\"false\" data-particle-mobile-disabled=\"false\" class=\"elementor-element elementor-element-fba9bf9 e-flex e-con-boxed e-con e-parent\" data-id=\"fba9bf9\" data-element_type=\"container\">\n\t\t\t\t\t<div class=\"e-con-inner\">\n\t\t<div data-particle_enable=\"false\" data-particle-mobile-disabled=\"false\" class=\"elementor-element elementor-element-1a6b211 e-con-full e-flex e-con e-child\" data-id=\"1a6b211\" data-element_type=\"container\">\n\t\t\t\t<div class=\"elementor-element elementor-element-e5debcd elementor-widget__width-initial elementor-widget elementor-widget-text-editor\" data-id=\"e5debcd\" data-element_type=\"widget\" data-widget_type=\"text-editor.default\">\n\t\t\t\t<div class=\"elementor-widget-container\">\n\t\t\t\t\t\t\t\t\t<h3 class=\"\" data-sourcepos=\"9:1-9:48\"><strong>Wandern durch die herbstliche Landschaft<\/strong><\/h3>\n<p data-sourcepos=\"11:1-11:384\">\u00a0<\/p>\n<p data-sourcepos=\"13:1-13:47\">Die Region bietet zahlreiche gut ausgeschilderte Wanderwege, die sowohl f\u00fcr Anf\u00e4nger als auch f\u00fcr erfahrene Wanderer geeignet sind. Besonders empfehlenswert ist ein Spaziergang entlang der <a href=\"https:\/\/www.alltrails.com\/de\/route\/germany\/bavaria\/komplette-naab-mit-waldnaab\" target=\"_blank\" rel=\"noopener\">Naab<\/a> oder eine Tour durch den Kulmwald. Nach einer ausgiebigen Wanderung k\u00f6nnen Sie in einem der gem\u00fctlichen Gasth\u00f6fe der Region einkehren und die herzhafte K\u00fcche der Oberpfalz genie\u00dfen.<\/p>\n<h3 class=\"\" data-sourcepos=\"15:1-15:52\">\u00a0<\/h3>\n<p data-sourcepos=\"20:1-20:53\">\u00a0<\/p>\t\t\t\t\t\t\t\t<\/div>\n\t\t\t\t<\/div>\n\t\t\t\t<div class=\"elementor-element elementor-element-8c87914 elementor-widget elementor-widget-button\" data-id=\"8c87914\" data-element_type=\"widget\" data-widget_type=\"button.default\">\n\t\t\t\t<div class=\"elementor-widget-container\">\n\t\t\t\t\t\t\t\t\t<div class=\"elementor-button-wrapper\">\n\t\t\t\t\t<a class=\"elementor-button elementor-button-link elementor-size-sm\" href=\"https:\/\/www.fichtelgebirge.bayern\/\" target=\"_blank\">\n\t\t\t\t\t\t<span class=\"elementor-button-content-wrapper\">\n\t\t\t\t\t\t\t\t\t<span class=\"elementor-button-text\">Dowiedz si\u0119 wi\u0119cej<\/span>\n\t\t\t\t\t<\/span>\n\t\t\t\t\t<\/a>\n\t\t\t\t<\/div>\n\t\t\t\t\t\t\t\t<\/div>\n\t\t\t\t<\/div>\n\t\t\t\t<\/div>\n\t\t<div data-particle_enable=\"false\" data-particle-mobile-disabled=\"false\" class=\"elementor-element elementor-element-506c4a5 e-con-full e-flex e-con e-child\" data-id=\"506c4a5\" data-element_type=\"container\">\n\t\t\t\t<div class=\"elementor-element elementor-element-d483f8b elementor-widget elementor-widget-image\" data-id=\"d483f8b\" data-element_type=\"widget\" data-widget_type=\"image.default\">\n\t\t\t\t<div class=\"elementor-widget-container\">\n\t\t\t\t\t\t\t\t\t\t\t\t\t\t\t<img fetchpriority=\"high\" decoding=\"async\" width=\"800\" height=\"628\" src=\"https:\/\/fewo-am-rauhen-kulm.de\/wp-content\/uploads\/2024\/09\/ricardo-gomez-angel-4hhP-Ud4e84-unsplash-1024x804.webp\" class=\"attachment-large size-large wp-image-2618\" alt=\"Bunte Herbstlandschaft mit orangefarbenen und roten B\u00e4umen, die sich im ruhigen Wasser eines Sees spiegeln.\" srcset=\"https:\/\/fewo-am-rauhen-kulm.de\/wp-content\/uploads\/2024\/09\/ricardo-gomez-angel-4hhP-Ud4e84-unsplash-1024x804.webp 1024w, https:\/\/fewo-am-rauhen-kulm.de\/wp-content\/uploads\/2024\/09\/ricardo-gomez-angel-4hhP-Ud4e84-unsplash-300x235.webp 300w, https:\/\/fewo-am-rauhen-kulm.de\/wp-content\/uploads\/2024\/09\/ricardo-gomez-angel-4hhP-Ud4e84-unsplash-768x603.webp 768w, https:\/\/fewo-am-rauhen-kulm.de\/wp-content\/uploads\/2024\/09\/ricardo-gomez-angel-4hhP-Ud4e84-unsplash-1536x1206.webp 1536w, https:\/\/fewo-am-rauhen-kulm.de\/wp-content\/uploads\/2024\/09\/ricardo-gomez-angel-4hhP-Ud4e84-unsplash.webp 1920w\" sizes=\"(max-width: 800px) 100vw, 800px\" \/>\t\t\t\t\t\t\t\t\t\t\t\t\t\t\t<\/div>\n\t\t\t\t<\/div>\n\t\t\t\t<\/div>\n\t\t\t\t\t<\/div>\n\t\t\t\t<\/div>\n\t\t<div data-particle_enable=\"false\" data-particle-mobile-disabled=\"false\" class=\"elementor-element elementor-element-6116d30 e-flex e-con-boxed e-con e-parent\" data-id=\"6116d30\" data-element_type=\"container\">\n\t\t\t\t\t<div class=\"e-con-inner\">\n\t\t<div data-particle_enable=\"false\" data-particle-mobile-disabled=\"false\" class=\"elementor-element elementor-element-36a2bea e-con-full e-flex e-con e-child\" data-id=\"36a2bea\" data-element_type=\"container\">\n\t\t\t\t<div class=\"elementor-element elementor-element-2dfa3dd elementor-widget__width-initial elementor-widget elementor-widget-image\" data-id=\"2dfa3dd\" data-element_type=\"widget\" data-widget_type=\"image.default\">\n\t\t\t\t<div class=\"elementor-widget-container\">\n\t\t\t\t\t\t\t\t\t\t\t\t\t\t\t<img decoding=\"async\" width=\"800\" height=\"534\" src=\"https:\/\/fewo-am-rauhen-kulm.de\/wp-content\/uploads\/2024\/09\/jay-wennington-N_Y88TWmGwA-unsplash-1024x683.webp\" class=\"attachment-large size-large wp-image-2617\" alt=\"Ein Teller mit einer Speise, umgeben von Gl\u00e4sern und Besteck auf einem Tisch in einem Restaurant.\" srcset=\"https:\/\/fewo-am-rauhen-kulm.de\/wp-content\/uploads\/2024\/09\/jay-wennington-N_Y88TWmGwA-unsplash-1024x683.webp 1024w, https:\/\/fewo-am-rauhen-kulm.de\/wp-content\/uploads\/2024\/09\/jay-wennington-N_Y88TWmGwA-unsplash-300x200.webp 300w, https:\/\/fewo-am-rauhen-kulm.de\/wp-content\/uploads\/2024\/09\/jay-wennington-N_Y88TWmGwA-unsplash-768x512.webp 768w, https:\/\/fewo-am-rauhen-kulm.de\/wp-content\/uploads\/2024\/09\/jay-wennington-N_Y88TWmGwA-unsplash-1536x1024.webp 1536w, https:\/\/fewo-am-rauhen-kulm.de\/wp-content\/uploads\/2024\/09\/jay-wennington-N_Y88TWmGwA-unsplash.webp 1920w\" sizes=\"(max-width: 800px) 100vw, 800px\" \/>\t\t\t\t\t\t\t\t\t\t\t\t\t\t\t<\/div>\n\t\t\t\t<\/div>\n\t\t\t\t<\/div>\n\t\t<div data-particle_enable=\"false\" data-particle-mobile-disabled=\"false\" class=\"elementor-element elementor-element-8368371 e-con-full e-flex e-con e-child\" data-id=\"8368371\" data-element_type=\"container\">\n\t\t\t\t<div class=\"elementor-element elementor-element-18fe504 elementor-widget elementor-widget-text-editor\" data-id=\"18fe504\" data-element_type=\"widget\" data-widget_type=\"text-editor.default\">\n\t\t\t\t<div class=\"elementor-widget-container\">\n\t\t\t\t\t\t\t\t\t<h3 class=\"\" data-sourcepos=\"13:1-13:28\"><strong>Kulinarische Gen\u00fcsse<\/strong><\/h3>\n<p data-sourcepos=\"15:1-15:76\">\u00a0<\/p>\n<p data-sourcepos=\"16:1-16:26\">Die N\u00f6rdliche Oberpfalz ist f\u00fcr ihre kulinarischen Spezialit\u00e4ten bekannt. In Gasth\u00f6fen wie dem <strong>Brauereigasthof P\u00fcttner<\/strong> in Schlammersdorf oder im <strong>Klostergasthof Speinshart<\/strong> k\u00f6nnen Sie traditionelle Gerichte wie die Oberpf\u00e4lzer Bratwurst oder s\u00fc\u00dfe Kn\u00f6del probieren. Dazu passt ein frisch gezapftes Bier aus eigener Herstellung.<\/p>\n<h3 class=\"\" data-sourcepos=\"18:1-18:65\">\u00a0<\/h3>\t\t\t\t\t\t\t\t<\/div>\n\t\t\t\t<\/div>\n\t\t\t\t<div class=\"elementor-element elementor-element-c563f46 elementor-widget elementor-widget-button\" data-id=\"c563f46\" data-element_type=\"widget\" data-widget_type=\"button.default\">\n\t\t\t\t<div class=\"elementor-widget-container\">\n\t\t\t\t\t\t\t\t\t<div class=\"elementor-button-wrapper\">\n\t\t\t\t\t<a class=\"elementor-button elementor-button-link elementor-size-sm\" href=\"https:\/\/brauerei-puettner.de\/gasthof\/\" target=\"_blank\">\n\t\t\t\t\t\t<span class=\"elementor-button-content-wrapper\">\n\t\t\t\t\t\t\t\t\t<span class=\"elementor-button-text\">Dowiedz si\u0119 wi\u0119cej<\/span>\n\t\t\t\t\t<\/span>\n\t\t\t\t\t<\/a>\n\t\t\t\t<\/div>\n\t\t\t\t\t\t\t\t<\/div>\n\t\t\t\t<\/div>\n\t\t\t\t<\/div>\n\t\t\t\t\t<\/div>\n\t\t\t\t<\/div>\n\t\t<div data-particle_enable=\"false\" data-particle-mobile-disabled=\"false\" class=\"elementor-element elementor-element-014be7b e-flex e-con-boxed e-con e-parent\" data-id=\"014be7b\" data-element_type=\"container\">\n\t\t\t\t\t<div class=\"e-con-inner\">\n\t\t<div data-particle_enable=\"false\" data-particle-mobile-disabled=\"false\" class=\"elementor-element elementor-element-5b9bb21 e-con-full e-flex e-con e-child\" data-id=\"5b9bb21\" data-element_type=\"container\">\n\t\t\t\t<div class=\"elementor-element elementor-element-af2699e elementor-widget__width-initial elementor-widget elementor-widget-text-editor\" data-id=\"af2699e\" data-element_type=\"widget\" data-widget_type=\"text-editor.default\">\n\t\t\t\t<div class=\"elementor-widget-container\">\n\t\t\t\t\t\t\t\t\t<h3 class=\"\" data-sourcepos=\"17:1-17:32\"><strong>Wellness und Entspannung<\/strong><\/h3>\n<p data-sourcepos=\"13:1-13:47\">\u00a0<\/p>\n<p data-sourcepos=\"19:1-19:176\">Nach einem aktiven Tag in der Natur k\u00f6nnen Sie in der <strong>Therme Siebenquell<\/strong> entspannen und neue Energie tanken. Die Therme bietet verschiedene Saunen, Dampfb\u00e4der und Schwimmbecken, in denen Sie K\u00f6rper und Geist verw\u00f6hnen k\u00f6nnen. <a href=\"https:\/\/www.lohengrin-therme.de\/\" target=\"_blank\" rel=\"noopener\">Die Lohengrin<\/a> Therme in Bayreuth ist ebenfalls ein guter Anlaufpunkt und in 30 Minuten zu erreichen.<\/p>\t\t\t\t\t\t\t\t<\/div>\n\t\t\t\t<\/div>\n\t\t\t\t<div class=\"elementor-element elementor-element-bd31f85 elementor-widget elementor-widget-button\" data-id=\"bd31f85\" data-element_type=\"widget\" data-widget_type=\"button.default\">\n\t\t\t\t<div class=\"elementor-widget-container\">\n\t\t\t\t\t\t\t\t\t<div class=\"elementor-button-wrapper\">\n\t\t\t\t\t<a class=\"elementor-button elementor-button-link elementor-size-sm\" href=\"https:\/\/www.siebenquell.com\/hotel\/beauty-spa\/\" target=\"_blank\">\n\t\t\t\t\t\t<span class=\"elementor-button-content-wrapper\">\n\t\t\t\t\t\t\t\t\t<span class=\"elementor-button-text\">Dowiedz si\u0119 wi\u0119cej<\/span>\n\t\t\t\t\t<\/span>\n\t\t\t\t\t<\/a>\n\t\t\t\t<\/div>\n\t\t\t\t\t\t\t\t<\/div>\n\t\t\t\t<\/div>\n\t\t\t\t<\/div>\n\t\t<div data-particle_enable=\"false\" data-particle-mobile-disabled=\"false\" class=\"elementor-element elementor-element-e8b33c3 e-con-full e-flex e-con e-child\" data-id=\"e8b33c3\" data-element_type=\"container\">\n\t\t\t\t<div class=\"elementor-element elementor-element-b00b65e elementor-widget elementor-widget-image\" data-id=\"b00b65e\" data-element_type=\"widget\" data-widget_type=\"image.default\">\n\t\t\t\t<div class=\"elementor-widget-container\">\n\t\t\t\t\t\t\t\t\t\t\t\t\t\t\t<img decoding=\"async\" width=\"800\" height=\"534\" src=\"https:\/\/fewo-am-rauhen-kulm.de\/wp-content\/uploads\/2024\/09\/roberto-nickson-YCW4BEhKluw-unsplash-1024x683.webp\" class=\"attachment-large size-large wp-image-2616\" alt=\"Person mit langen Haaren, die in einer freistehenden Badewanne sitzt und ein Glas Wasser h\u00e4lt.\" srcset=\"https:\/\/fewo-am-rauhen-kulm.de\/wp-content\/uploads\/2024\/09\/roberto-nickson-YCW4BEhKluw-unsplash-1024x683.webp 1024w, https:\/\/fewo-am-rauhen-kulm.de\/wp-content\/uploads\/2024\/09\/roberto-nickson-YCW4BEhKluw-unsplash-300x200.webp 300w, https:\/\/fewo-am-rauhen-kulm.de\/wp-content\/uploads\/2024\/09\/roberto-nickson-YCW4BEhKluw-unsplash-768x512.webp 768w, https:\/\/fewo-am-rauhen-kulm.de\/wp-content\/uploads\/2024\/09\/roberto-nickson-YCW4BEhKluw-unsplash-1536x1024.webp 1536w, https:\/\/fewo-am-rauhen-kulm.de\/wp-content\/uploads\/2024\/09\/roberto-nickson-YCW4BEhKluw-unsplash.webp 1920w\" sizes=\"(max-width: 800px) 100vw, 800px\" \/>\t\t\t\t\t\t\t\t\t\t\t\t\t\t\t<\/div>\n\t\t\t\t<\/div>\n\t\t\t\t<\/div>\n\t\t\t\t\t<\/div>\n\t\t\t\t<\/div>\n\t\t<div data-particle_enable=\"false\" data-particle-mobile-disabled=\"false\" class=\"elementor-element elementor-element-793df98 e-flex e-con-boxed e-con e-parent\" data-id=\"793df98\" data-element_type=\"container\">\n\t\t\t\t\t<div class=\"e-con-inner\">\n\t\t<div data-particle_enable=\"false\" data-particle-mobile-disabled=\"false\" class=\"elementor-element elementor-element-c49fade e-con-full e-flex e-con e-child\" data-id=\"c49fade\" data-element_type=\"container\">\n\t\t\t\t<div class=\"elementor-element elementor-element-e11f45d elementor-widget elementor-widget-text-editor\" data-id=\"e11f45d\" data-element_type=\"widget\" data-widget_type=\"text-editor.default\">\n\t\t\t\t<div class=\"elementor-widget-container\">\n\t\t\t\t\t\t\t\t\t<h3 class=\"\" data-sourcepos=\"21:1-21:37\"><strong>Weitere Aktivit\u00e4ten im Herbst<\/strong><\/h3>\n<ul data-sourcepos=\"22:1-22:24\">\n<li data-sourcepos=\"22:1-22:24\"><strong>Pilze sammeln:<\/strong> Die W\u00e4lder rund um den Rauhen Kulm sind ein wahres Paradies f\u00fcr Pilzsammler. Bitte informieren Sie sich vorab \u00fcber die essbaren Pilzarten und sammeln Sie nur, was Sie sicher bestimmen k\u00f6nnen.<\/li>\n<li data-sourcepos=\"23:1-23:243\"><strong>Herbstfeste und M\u00e4rkte:<\/strong> In den Herbstmonaten finden in der N\u00f6rdlichen Oberpfalz zahlreiche traditionelle Feste und M\u00e4rkte statt. Informieren Sie sich vorab \u00fcber die aktuellen Termine, um keines dieser besonderen Ereignisse zu verpassen.<\/li>\n<\/ul>\t\t\t\t\t\t\t\t<\/div>\n\t\t\t\t<\/div>\n\t\t\t\t<\/div>\n\t\t\t\t\t<\/div>\n\t\t\t\t<\/div>\n\t\t<div data-particle_enable=\"false\" data-particle-mobile-disabled=\"false\" class=\"elementor-element elementor-element-20eb19f e-flex e-con-boxed e-con e-parent\" data-id=\"20eb19f\" data-element_type=\"container\">\n\t\t\t\t\t<div class=\"e-con-inner\">\n\t\t<div data-particle_enable=\"false\" data-particle-mobile-disabled=\"false\" class=\"elementor-element elementor-element-b0706e2 e-con-full e-flex e-con e-child\" data-id=\"b0706e2\" data-element_type=\"container\">\n\t\t\t\t<div class=\"elementor-element elementor-element-92ca880 elementor-widget-divider--view-line elementor-widget elementor-widget-divider\" data-id=\"92ca880\" data-element_type=\"widget\" data-widget_type=\"divider.default\">\n\t\t\t\t<div class=\"elementor-widget-container\">\n\t\t\t\t\t\t\t<div class=\"elementor-divider\">\n\t\t\t<span class=\"elementor-divider-separator\">\n\t\t\t\t\t\t<\/span>\n\t\t<\/div>\n\t\t\t\t\t\t<\/div>\n\t\t\t\t<\/div>\n\t\t\t\t<div class=\"elementor-element elementor-element-46fd4ac elementor-widget elementor-widget-heading\" data-id=\"46fd4ac\" data-element_type=\"widget\" data-widget_type=\"heading.default\">\n\t\t\t\t<div class=\"elementor-widget-container\">\n\t\t\t\t\t<h2 class=\"elementor-heading-title elementor-size-default\">Buchen Sie jetzt Ihren Herbsturlaub!\n<\/h2>\t\t\t\t<\/div>\n\t\t\t\t<\/div>\n\t\t\t\t<div class=\"elementor-element elementor-element-c2a97a2 elementor-widget elementor-widget-spacer\" data-id=\"c2a97a2\" data-element_type=\"widget\" data-widget_type=\"spacer.default\">\n\t\t\t\t<div class=\"elementor-widget-container\">\n\t\t\t\t\t\t\t<div class=\"elementor-spacer\">\n\t\t\t<div class=\"elementor-spacer-inner\"><\/div>\n\t\t<\/div>\n\t\t\t\t\t\t<\/div>\n\t\t\t\t<\/div>\n\t\t\t\t<div class=\"elementor-element elementor-element-053a4d0 elementor-cta--skin-cover elementor-cta--valign-middle elementor-animated-content elementor-bg-transform elementor-bg-transform-zoom-in elementor-widget elementor-widget-call-to-action\" data-id=\"053a4d0\" data-element_type=\"widget\" data-widget_type=\"call-to-action.default\">\n\t\t\t\t<div class=\"elementor-widget-container\">\n\t\t\t\t\t\t\t<a class=\"elementor-cta\" href=\"\/fewo-panoramablick\">\n\t\t\t\t\t<div class=\"elementor-cta__bg-wrapper\">\n\t\t\t\t<div class=\"elementor-cta__bg elementor-bg\" style=\"background-image: url(https:\/\/fewo-am-rauhen-kulm.de\/wp-content\/uploads\/2024\/09\/fewo-panoramablick.jpg);\" role=\"img\" aria-label=\"Balkon mit Holzstuhl und Blick auf eine gr\u00fcne Landschaft, kombiniert mit einem Wohnzimmer mit Fernseher und Sofa.\"><\/div>\n\t\t\t\t<div class=\"elementor-cta__bg-overlay\"><\/div>\n\t\t\t<\/div>\n\t\t\t\t\t\t\t<div class=\"elementor-cta__content\">\n\t\t\t\t\t\t\t\t\t<div class=\"elementor-content-item elementor-cta__content-item elementor-icon-wrapper elementor-cta__icon elementor-view-default elementor-animated-item--grow\">\n\t\t\t\t\t\t<div class=\"elementor-icon\">\n\t\t\t\t\t\t\t\t\t\t\t\t\t<\/div>\n\t\t\t\t\t<\/div>\n\t\t\t\t\n\t\t\t\t\t\t\t\t\t<h2 class=\"elementor-cta__title elementor-cta__content-item elementor-content-item elementor-animated-item--grow\">\n\t\t\t\t\t\tFeWo Panoramablick\t\t\t\t\t<\/h2>\n\t\t\t\t\n\t\t\t\t\t\t\t\t\t<div class=\"elementor-cta__description elementor-cta__content-item elementor-content-item elementor-animated-item--grow\">\n\t\t\t\t\t\tDie ideale Unterkunft f\u00fcr bis zu 5 Mitarbeiter.\t\t\t\t\t<\/div>\n\t\t\t\t\n\t\t\t\t\t\t\t\t\t<div class=\"elementor-cta__button-wrapper elementor-cta__content-item elementor-content-item elementor-animated-item--grow\">\n\t\t\t\t\t<span class=\"elementor-cta__button elementor-button elementor-size-\">\n\t\t\t\t\t\tUnterkunft ansehen\t\t\t\t\t<\/span>\n\t\t\t\t\t<\/div>\n\t\t\t\t\t\t\t<\/div>\n\t\t\t\t\t\t\t<div class=\"elementor-ribbon\">\n\t\t\t\t<div class=\"elementor-ribbon-inner\">Aktion<\/div>\n\t\t\t<\/div>\n\t\t\t\t<\/a>\n\t\t\t\t\t\t<\/div>\n\t\t\t\t<\/div>\n\t\t\t\t<div class=\"elementor-element elementor-element-0fd8c99 elementor-widget elementor-widget-spacer\" data-id=\"0fd8c99\" data-element_type=\"widget\" data-widget_type=\"spacer.default\">\n\t\t\t\t<div class=\"elementor-widget-container\">\n\t\t\t\t\t\t\t<div class=\"elementor-spacer\">\n\t\t\t<div class=\"elementor-spacer-inner\"><\/div>\n\t\t<\/div>\n\t\t\t\t\t\t<\/div>\n\t\t\t\t<\/div>\n\t\t\t\t<div class=\"elementor-element elementor-element-3912026 elementor-widget elementor-widget-text-editor\" data-id=\"3912026\" data-element_type=\"widget\" data-widget_type=\"text-editor.default\">\n\t\t\t\t<div class=\"elementor-widget-container\">\n\t\t\t\t\t\t\t\t\t<p data-sourcepos=\"20:1-21:216\">Erleben Sie die N\u00f6rdliche Oberpfalz im Herbst von ihrer sch\u00f6nsten Seite. Buchen Sie jetzt Ihren Aufenthalt in unserer gem\u00fctlichen Ferienwohnung am Rauhen Kulm und genie\u00dfen Sie die Ruhe und Sch\u00f6nheit der Natur.<\/p>\t\t\t\t\t\t\t\t<\/div>\n\t\t\t\t<\/div>\n\t\t\t\t<div class=\"elementor-element elementor-element-ad80a93 elementor-align-center elementor-widget elementor-widget-button\" data-id=\"ad80a93\" data-element_type=\"widget\" data-widget_type=\"button.default\">\n\t\t\t\t<div class=\"elementor-widget-container\">\n\t\t\t\t\t\t\t\t\t<div class=\"elementor-button-wrapper\">\n\t\t\t\t\t<a class=\"elementor-button elementor-button-link elementor-size-sm\" href=\"http:\/\/airbnb.de\/h\/fewonak\" target=\"_blank\">\n\t\t\t\t\t\t<span class=\"elementor-button-content-wrapper\">\n\t\t\t\t\t\t<span class=\"elementor-button-icon\">\n\t\t\t\t<svg aria-hidden=\"true\" class=\"e-font-icon-svg e-fab-airbnb\" viewbox=\"0 0 448 512\" xmlns=\"http:\/\/www.w3.org\/2000\/svg\"><path d=\"M224 373.12c-25.24-31.67-40.08-59.43-45-83.18-22.55-88 112.61-88 90.06 0-5.45 24.25-20.29 52-45 83.18zm138.15 73.23c-42.06 18.31-83.67-10.88-119.3-50.47 103.9-130.07 46.11-200-18.85-200-54.92 0-85.16 46.51-73.28 100.5 6.93 29.19 25.23 62.39 54.43 99.5-32.53 36.05-60.55 52.69-85.15 54.92-50 7.43-89.11-41.06-71.3-91.09 15.1-39.16 111.72-231.18 115.87-241.56 15.75-30.07 25.56-57.4 59.38-57.4 32.34 0 43.4 25.94 60.37 59.87 36 70.62 89.35 177.48 114.84 239.09 13.17 33.07-1.37 71.29-37.01 86.64zm47-136.12C280.27 35.93 273.13 32 224 32c-45.52 0-64.87 31.67-84.66 72.79C33.18 317.1 22.89 347.19 22 349.81-3.22 419.14 48.74 480 111.63 480c21.71 0 60.61-6.06 112.37-62.4 58.68 63.78 101.26 62.4 112.37 62.4 62.89.05 114.85-60.86 89.61-130.19.02-3.89-16.82-38.9-16.82-39.58z\"><\/path><\/svg>\t\t\t<\/span>\n\t\t\t\t\t\t\t\t\t<span class=\"elementor-button-text\">Jetzt Verf\u00fcgbarkeit pr\u00fcfen<\/span>\n\t\t\t\t\t<\/span>\n\t\t\t\t\t<\/a>\n\t\t\t\t<\/div>\n\t\t\t\t\t\t\t\t<\/div>\n\t\t\t\t<\/div>\n\t\t\t\t<div class=\"elementor-element elementor-element-e40882e elementor-widget elementor-widget-spacer\" data-id=\"e40882e\" data-element_type=\"widget\" data-widget_type=\"spacer.default\">\n\t\t\t\t<div class=\"elementor-widget-container\">\n\t\t\t\t\t\t\t<div class=\"elementor-spacer\">\n\t\t\t<div class=\"elementor-spacer-inner\"><\/div>\n\t\t<\/div>\n\t\t\t\t\t\t<\/div>\n\t\t\t\t<\/div>\n\t\t\t\t<\/div>\n\t\t\t\t\t<\/div>\n\t\t\t\t<\/div>\n\t\t\t\t<\/div>","protected":false},"excerpt":{"rendered":"<p>Herbsturlaub in der N\u00f6rdlichen Oberpfalz: Farbenpracht, kulinarische Highlights und Wellness<\/p>","protected":false},"author":1,"featured_media":2618,"comment_status":"closed","ping_status":"open","sticky":false,"template":"elementor_theme","format":"standard","meta":{"_monsterinsights_skip_tracking":false,"_monsterinsights_sitenote_active":false,"_monsterinsights_sitenote_note":"","_monsterinsights_sitenote_category":0,"footnotes":""},"categories":[1],"tags":[29,28,31,32,34,30,33,35],"class_list":["post-2610","post","type-post","status-publish","format-standard","has-post-thumbnail","hentry","category-blog","tag-basislager","tag-ferienwohnung","tag-fichtelgebirge","tag-herbst","tag-oberpfaelzer-wald","tag-rauher-kulm","tag-urlaub","tag-waldnaab"],"yoast_head":"<!-- This site is optimized with the Yoast SEO Premium plugin v24.1 (Yoast SEO v24.2) - https:\/\/yoast.com\/wordpress\/plugins\/seo\/ -->\n<title>Herbsturlaub in Bayern: Entdecken Sie die Sch\u00f6nheit der Natur<\/title>\n<meta name=\"description\" content=\"Lust auf einen entspannten Herbsturlaub? In unserer Ferienwohnung am Rauhen Kulm erleben Sie die N\u00f6rdliche Oberpfalz von ihrer sch\u00f6nsten Seite. Buchen Sie jetzt!\" \/>\n<meta name=\"robots\" content=\"index, follow, max-snippet:-1, max-image-preview:large, max-video-preview:-1\" \/>\n<link rel=\"canonical\" href=\"https:\/\/fewo-am-rauhen-kulm.de\/pl\/herbsturlaub-in-der-nordlichen-oberpfalz\/\" \/>\n<meta property=\"og:locale\" content=\"pl_PL\" \/>\n<meta property=\"og:type\" content=\"article\" \/>\n<meta property=\"og:title\" content=\"Herbsturlaub in der N\u00f6rdlichen Oberpfalz\" \/>\n<meta property=\"og:description\" content=\"Genie\u00dfen Sie die Farbenpracht und kulinarischen Highlights im Herbst!\" \/>\n<meta property=\"og:url\" content=\"https:\/\/fewo-am-rauhen-kulm.de\/pl\/herbsturlaub-in-der-nordlichen-oberpfalz\/\" \/>\n<meta property=\"og:site_name\" content=\"Ferienwohnung\" \/>\n<meta property=\"article:published_time\" content=\"2024-09-23T17:07:20+00:00\" \/>\n<meta property=\"article:modified_time\" content=\"2024-10-17T13:54:55+00:00\" \/>\n<meta property=\"og:image\" content=\"https:\/\/fewo-am-rauhen-kulm.de\/wp-content\/uploads\/2024\/09\/ricardo-gomez-angel-4hhP-Ud4e84-unsplash.webp\" \/>\n\t<meta property=\"og:image:width\" content=\"1920\" \/>\n\t<meta property=\"og:image:height\" content=\"1507\" \/>\n\t<meta property=\"og:image:type\" content=\"image\/webp\" \/>\n<meta name=\"author\" content=\"AbsoluteGravity\" \/>\n<meta name=\"twitter:card\" content=\"summary_large_image\" \/>\n<meta name=\"twitter:title\" content=\"Herbsturlaub in der N\u00f6rdlichen Oberpfalz\" \/>\n<meta name=\"twitter:description\" content=\"Genie\u00dfen Sie die Farbenpracht und kulinarischen Highlights im Herbst!\" \/>\n<meta name=\"twitter:label1\" content=\"Napisane przez\" \/>\n\t<meta name=\"twitter:data1\" content=\"AbsoluteGravity\" \/>\n\t<meta name=\"twitter:label2\" content=\"Szacowany czas czytania\" \/>\n\t<meta name=\"twitter:data2\" content=\"3 minuty\" \/>\n<script type=\"application\/ld+json\" class=\"yoast-schema-graph\">{\"@context\":\"https:\/\/schema.org\",\"@graph\":[{\"@type\":\"Article\",\"@id\":\"https:\/\/fewo-am-rauhen-kulm.de\/herbsturlaub-in-der-nordlichen-oberpfalz\/#article\",\"isPartOf\":{\"@id\":\"https:\/\/fewo-am-rauhen-kulm.de\/herbsturlaub-in-der-nordlichen-oberpfalz\/\"},\"author\":{\"name\":\"AbsoluteGravity\",\"@id\":\"https:\/\/fewo-am-rauhen-kulm.de\/#\/schema\/person\/1399531c1585af7f9636c4712262fa99\"},\"headline\":\"Herbsturlaub in der N\u00f6rdlichen Oberpfalz\",\"datePublished\":\"2024-09-23T17:07:20+00:00\",\"dateModified\":\"2024-10-17T13:54:55+00:00\",\"mainEntityOfPage\":{\"@id\":\"https:\/\/fewo-am-rauhen-kulm.de\/herbsturlaub-in-der-nordlichen-oberpfalz\/\"},\"wordCount\":376,\"publisher\":{\"@id\":\"https:\/\/fewo-am-rauhen-kulm.de\/#organization\"},\"image\":{\"@id\":\"https:\/\/fewo-am-rauhen-kulm.de\/herbsturlaub-in-der-nordlichen-oberpfalz\/#primaryimage\"},\"thumbnailUrl\":\"https:\/\/fewo-am-rauhen-kulm.de\/wp-content\/uploads\/2024\/09\/ricardo-gomez-angel-4hhP-Ud4e84-unsplash.webp\",\"keywords\":[\"Basislager\",\"Ferienwohnung\",\"Fichtelgebirge\",\"Herbst\",\"Oberpf\u00e4lzer Wald\",\"Rauher Kulm\",\"Urlaub\",\"Waldnaab\"],\"articleSection\":[\"Blog\"],\"inLanguage\":\"pl-PL\"},{\"@type\":\"WebPage\",\"@id\":\"https:\/\/fewo-am-rauhen-kulm.de\/herbsturlaub-in-der-nordlichen-oberpfalz\/\",\"url\":\"https:\/\/fewo-am-rauhen-kulm.de\/herbsturlaub-in-der-nordlichen-oberpfalz\/\",\"name\":\"Herbsturlaub in Bayern: Entdecken Sie die Sch\u00f6nheit der Natur\",\"isPartOf\":{\"@id\":\"https:\/\/fewo-am-rauhen-kulm.de\/#website\"},\"primaryImageOfPage\":{\"@id\":\"https:\/\/fewo-am-rauhen-kulm.de\/herbsturlaub-in-der-nordlichen-oberpfalz\/#primaryimage\"},\"image\":{\"@id\":\"https:\/\/fewo-am-rauhen-kulm.de\/herbsturlaub-in-der-nordlichen-oberpfalz\/#primaryimage\"},\"thumbnailUrl\":\"https:\/\/fewo-am-rauhen-kulm.de\/wp-content\/uploads\/2024\/09\/ricardo-gomez-angel-4hhP-Ud4e84-unsplash.webp\",\"datePublished\":\"2024-09-23T17:07:20+00:00\",\"dateModified\":\"2024-10-17T13:54:55+00:00\",\"description\":\"Lust auf einen entspannten Herbsturlaub? In unserer Ferienwohnung am Rauhen Kulm erleben Sie die N\u00f6rdliche Oberpfalz von ihrer sch\u00f6nsten Seite. Buchen Sie jetzt!\",\"breadcrumb\":{\"@id\":\"https:\/\/fewo-am-rauhen-kulm.de\/herbsturlaub-in-der-nordlichen-oberpfalz\/#breadcrumb\"},\"inLanguage\":\"pl-PL\",\"potentialAction\":[{\"@type\":\"ReadAction\",\"target\":[\"https:\/\/fewo-am-rauhen-kulm.de\/herbsturlaub-in-der-nordlichen-oberpfalz\/\"]}]},{\"@type\":\"ImageObject\",\"inLanguage\":\"pl-PL\",\"@id\":\"https:\/\/fewo-am-rauhen-kulm.de\/herbsturlaub-in-der-nordlichen-oberpfalz\/#primaryimage\",\"url\":\"https:\/\/fewo-am-rauhen-kulm.de\/wp-content\/uploads\/2024\/09\/ricardo-gomez-angel-4hhP-Ud4e84-unsplash.webp\",\"contentUrl\":\"https:\/\/fewo-am-rauhen-kulm.de\/wp-content\/uploads\/2024\/09\/ricardo-gomez-angel-4hhP-Ud4e84-unsplash.webp\",\"width\":1920,\"height\":1507,\"caption\":\"Herbstliche Farben reflektiert im Wasser eines Sees.\"},{\"@type\":\"BreadcrumbList\",\"@id\":\"https:\/\/fewo-am-rauhen-kulm.de\/herbsturlaub-in-der-nordlichen-oberpfalz\/#breadcrumb\",\"itemListElement\":[{\"@type\":\"ListItem\",\"position\":1,\"name\":\"Startseite\",\"item\":\"https:\/\/fewo-am-rauhen-kulm.de\/\"},{\"@type\":\"ListItem\",\"position\":2,\"name\":\"Herbsturlaub in der N\u00f6rdlichen Oberpfalz\"}]},{\"@type\":\"WebSite\",\"@id\":\"https:\/\/fewo-am-rauhen-kulm.de\/#website\",\"url\":\"https:\/\/fewo-am-rauhen-kulm.de\/\",\"name\":\"Ferienwohnung am Rauhen Kulm\",\"description\":\"Unterkunft in Neustadt am Kulm\",\"publisher\":{\"@id\":\"https:\/\/fewo-am-rauhen-kulm.de\/#organization\"},\"alternateName\":\"Urlaub in Neustadt am Kulm\",\"potentialAction\":[{\"@type\":\"SearchAction\",\"target\":{\"@type\":\"EntryPoint\",\"urlTemplate\":\"https:\/\/fewo-am-rauhen-kulm.de\/?s={search_term_string}\"},\"query-input\":{\"@type\":\"PropertyValueSpecification\",\"valueRequired\":true,\"valueName\":\"search_term_string\"}}],\"inLanguage\":\"pl-PL\"},{\"@type\":\"Organization\",\"@id\":\"https:\/\/fewo-am-rauhen-kulm.de\/#organization\",\"name\":\"Ferienwohnung am Rauhen Kulm\",\"url\":\"https:\/\/fewo-am-rauhen-kulm.de\/\",\"logo\":{\"@type\":\"ImageObject\",\"inLanguage\":\"pl-PL\",\"@id\":\"https:\/\/fewo-am-rauhen-kulm.de\/#\/schema\/logo\/image\/\",\"url\":\"https:\/\/fewo-am-rauhen-kulm.de\/wp-content\/uploads\/2024\/06\/Unbenannt-1.jpg\",\"contentUrl\":\"https:\/\/fewo-am-rauhen-kulm.de\/wp-content\/uploads\/2024\/06\/Unbenannt-1.jpg\",\"width\":800,\"height\":620,\"caption\":\"Ferienwohnung am Rauhen Kulm\"},\"image\":{\"@id\":\"https:\/\/fewo-am-rauhen-kulm.de\/#\/schema\/logo\/image\/\"},\"email\":\"info@fewo-am-rauhen-kulm.de\"},{\"@type\":\"Person\",\"@id\":\"https:\/\/fewo-am-rauhen-kulm.de\/#\/schema\/person\/1399531c1585af7f9636c4712262fa99\",\"name\":\"AbsoluteGravity\",\"image\":{\"@type\":\"ImageObject\",\"inLanguage\":\"pl-PL\",\"@id\":\"https:\/\/fewo-am-rauhen-kulm.de\/#\/schema\/person\/image\/\",\"url\":\"https:\/\/secure.gravatar.com\/avatar\/1e840d282d0425f458e9d9a566e20db444da3c3fb963c3b903f257abd5fc4b81?s=96&d=mm&r=g\",\"contentUrl\":\"https:\/\/secure.gravatar.com\/avatar\/1e840d282d0425f458e9d9a566e20db444da3c3fb963c3b903f257abd5fc4b81?s=96&d=mm&r=g\",\"caption\":\"AbsoluteGravity\"},\"sameAs\":[\"http:\/\/fewo-am-rauhen-kulm.de\"],\"url\":\"https:\/\/fewo-am-rauhen-kulm.de\/pl\/author\/absolutegravity\/\"}]}<\/script>\n<!-- \/ Yoast SEO Premium plugin. -->","yoast_head_json":{"title":"Herbsturlaub in Bayern: Entdecken Sie die Sch\u00f6nheit der Natur","description":"Lust auf einen entspannten Herbsturlaub? In unserer Ferienwohnung am Rauhen Kulm erleben Sie die N\u00f6rdliche Oberpfalz von ihrer sch\u00f6nsten Seite. Buchen Sie jetzt!","robots":{"index":"index","follow":"follow","max-snippet":"max-snippet:-1","max-image-preview":"max-image-preview:large","max-video-preview":"max-video-preview:-1"},"canonical":"https:\/\/fewo-am-rauhen-kulm.de\/pl\/herbsturlaub-in-der-nordlichen-oberpfalz\/","og_locale":"pl_PL","og_type":"article","og_title":"Herbsturlaub in der N\u00f6rdlichen Oberpfalz","og_description":"Genie\u00dfen Sie die Farbenpracht und kulinarischen Highlights im Herbst!","og_url":"https:\/\/fewo-am-rauhen-kulm.de\/pl\/herbsturlaub-in-der-nordlichen-oberpfalz\/","og_site_name":"Ferienwohnung","article_published_time":"2024-09-23T17:07:20+00:00","article_modified_time":"2024-10-17T13:54:55+00:00","og_image":[{"width":1920,"height":1507,"url":"https:\/\/fewo-am-rauhen-kulm.de\/wp-content\/uploads\/2024\/09\/ricardo-gomez-angel-4hhP-Ud4e84-unsplash.webp","type":"image\/webp"}],"author":"AbsoluteGravity","twitter_card":"summary_large_image","twitter_title":"Herbsturlaub in der N\u00f6rdlichen Oberpfalz","twitter_description":"Genie\u00dfen Sie die Farbenpracht und kulinarischen Highlights im Herbst!","twitter_misc":{"Napisane przez":"AbsoluteGravity","Szacowany czas czytania":"3 minuty"},"schema":{"@context":"https:\/\/schema.org","@graph":[{"@type":"Article","@id":"https:\/\/fewo-am-rauhen-kulm.de\/herbsturlaub-in-der-nordlichen-oberpfalz\/#article","isPartOf":{"@id":"https:\/\/fewo-am-rauhen-kulm.de\/herbsturlaub-in-der-nordlichen-oberpfalz\/"},"author":{"name":"AbsoluteGravity","@id":"https:\/\/fewo-am-rauhen-kulm.de\/#\/schema\/person\/1399531c1585af7f9636c4712262fa99"},"headline":"Herbsturlaub in der N\u00f6rdlichen Oberpfalz","datePublished":"2024-09-23T17:07:20+00:00","dateModified":"2024-10-17T13:54:55+00:00","mainEntityOfPage":{"@id":"https:\/\/fewo-am-rauhen-kulm.de\/herbsturlaub-in-der-nordlichen-oberpfalz\/"},"wordCount":376,"publisher":{"@id":"https:\/\/fewo-am-rauhen-kulm.de\/#organization"},"image":{"@id":"https:\/\/fewo-am-rauhen-kulm.de\/herbsturlaub-in-der-nordlichen-oberpfalz\/#primaryimage"},"thumbnailUrl":"https:\/\/fewo-am-rauhen-kulm.de\/wp-content\/uploads\/2024\/09\/ricardo-gomez-angel-4hhP-Ud4e84-unsplash.webp","keywords":["Basislager","Ferienwohnung","Fichtelgebirge","Herbst","Oberpf\u00e4lzer Wald","Rauher Kulm","Urlaub","Waldnaab"],"articleSection":["Blog"],"inLanguage":"pl-PL"},{"@type":"WebPage","@id":"https:\/\/fewo-am-rauhen-kulm.de\/herbsturlaub-in-der-nordlichen-oberpfalz\/","url":"https:\/\/fewo-am-rauhen-kulm.de\/herbsturlaub-in-der-nordlichen-oberpfalz\/","name":"Herbsturlaub in Bayern: Entdecken Sie die Sch\u00f6nheit der Natur","isPartOf":{"@id":"https:\/\/fewo-am-rauhen-kulm.de\/#website"},"primaryImageOfPage":{"@id":"https:\/\/fewo-am-rauhen-kulm.de\/herbsturlaub-in-der-nordlichen-oberpfalz\/#primaryimage"},"image":{"@id":"https:\/\/fewo-am-rauhen-kulm.de\/herbsturlaub-in-der-nordlichen-oberpfalz\/#primaryimage"},"thumbnailUrl":"https:\/\/fewo-am-rauhen-kulm.de\/wp-content\/uploads\/2024\/09\/ricardo-gomez-angel-4hhP-Ud4e84-unsplash.webp","datePublished":"2024-09-23T17:07:20+00:00","dateModified":"2024-10-17T13:54:55+00:00","description":"Lust auf einen entspannten Herbsturlaub? In unserer Ferienwohnung am Rauhen Kulm erleben Sie die N\u00f6rdliche Oberpfalz von ihrer sch\u00f6nsten Seite. Buchen Sie jetzt!","breadcrumb":{"@id":"https:\/\/fewo-am-rauhen-kulm.de\/herbsturlaub-in-der-nordlichen-oberpfalz\/#breadcrumb"},"inLanguage":"pl-PL","potentialAction":[{"@type":"ReadAction","target":["https:\/\/fewo-am-rauhen-kulm.de\/herbsturlaub-in-der-nordlichen-oberpfalz\/"]}]},{"@type":"ImageObject","inLanguage":"pl-PL","@id":"https:\/\/fewo-am-rauhen-kulm.de\/herbsturlaub-in-der-nordlichen-oberpfalz\/#primaryimage","url":"https:\/\/fewo-am-rauhen-kulm.de\/wp-content\/uploads\/2024\/09\/ricardo-gomez-angel-4hhP-Ud4e84-unsplash.webp","contentUrl":"https:\/\/fewo-am-rauhen-kulm.de\/wp-content\/uploads\/2024\/09\/ricardo-gomez-angel-4hhP-Ud4e84-unsplash.webp","width":1920,"height":1507,"caption":"Herbstliche Farben reflektiert im Wasser eines Sees."},{"@type":"BreadcrumbList","@id":"https:\/\/fewo-am-rauhen-kulm.de\/herbsturlaub-in-der-nordlichen-oberpfalz\/#breadcrumb","itemListElement":[{"@type":"ListItem","position":1,"name":"Startseite","item":"https:\/\/fewo-am-rauhen-kulm.de\/"},{"@type":"ListItem","position":2,"name":"Herbsturlaub in der N\u00f6rdlichen Oberpfalz"}]},{"@type":"WebSite","@id":"https:\/\/fewo-am-rauhen-kulm.de\/#website","url":"https:\/\/fewo-am-rauhen-kulm.de\/","name":"Ferienwohnung am Rauhen Kulm","description":"Unterkunft in Neustadt am Kulm","publisher":{"@id":"https:\/\/fewo-am-rauhen-kulm.de\/#organization"},"alternateName":"Urlaub in Neustadt am Kulm","potentialAction":[{"@type":"SearchAction","target":{"@type":"EntryPoint","urlTemplate":"https:\/\/fewo-am-rauhen-kulm.de\/?s={search_term_string}"},"query-input":{"@type":"PropertyValueSpecification","valueRequired":true,"valueName":"search_term_string"}}],"inLanguage":"pl-PL"},{"@type":"Organization","@id":"https:\/\/fewo-am-rauhen-kulm.de\/#organization","name":"Ferienwohnung am Rauhen Kulm","url":"https:\/\/fewo-am-rauhen-kulm.de\/","logo":{"@type":"ImageObject","inLanguage":"pl-PL","@id":"https:\/\/fewo-am-rauhen-kulm.de\/#\/schema\/logo\/image\/","url":"https:\/\/fewo-am-rauhen-kulm.de\/wp-content\/uploads\/2024\/06\/Unbenannt-1.jpg","contentUrl":"https:\/\/fewo-am-rauhen-kulm.de\/wp-content\/uploads\/2024\/06\/Unbenannt-1.jpg","width":800,"height":620,"caption":"Ferienwohnung am Rauhen Kulm"},"image":{"@id":"https:\/\/fewo-am-rauhen-kulm.de\/#\/schema\/logo\/image\/"},"email":"info@fewo-am-rauhen-kulm.de"},{"@type":"Person","@id":"https:\/\/fewo-am-rauhen-kulm.de\/#\/schema\/person\/1399531c1585af7f9636c4712262fa99","name":"AbsoluteGravity","image":{"@type":"ImageObject","inLanguage":"pl-PL","@id":"https:\/\/fewo-am-rauhen-kulm.de\/#\/schema\/person\/image\/","url":"https:\/\/secure.gravatar.com\/avatar\/1e840d282d0425f458e9d9a566e20db444da3c3fb963c3b903f257abd5fc4b81?s=96&d=mm&r=g","contentUrl":"https:\/\/secure.gravatar.com\/avatar\/1e840d282d0425f458e9d9a566e20db444da3c3fb963c3b903f257abd5fc4b81?s=96&d=mm&r=g","caption":"AbsoluteGravity"},"sameAs":["http:\/\/fewo-am-rauhen-kulm.de"],"url":"https:\/\/fewo-am-rauhen-kulm.de\/pl\/author\/absolutegravity\/"}]}},"_links":{"self":[{"href":"https:\/\/fewo-am-rauhen-kulm.de\/pl\/wp-json\/wp\/v2\/posts\/2610","targetHints":{"allow":["GET"]}}],"collection":[{"href":"https:\/\/fewo-am-rauhen-kulm.de\/pl\/wp-json\/wp\/v2\/posts"}],"about":[{"href":"https:\/\/fewo-am-rauhen-kulm.de\/pl\/wp-json\/wp\/v2\/types\/post"}],"author":[{"embeddable":true,"href":"https:\/\/fewo-am-rauhen-kulm.de\/pl\/wp-json\/wp\/v2\/users\/1"}],"replies":[{"embeddable":true,"href":"https:\/\/fewo-am-rauhen-kulm.de\/pl\/wp-json\/wp\/v2\/comments?post=2610"}],"version-history":[{"count":0,"href":"https:\/\/fewo-am-rauhen-kulm.de\/pl\/wp-json\/wp\/v2\/posts\/2610\/revisions"}],"wp:featuredmedia":[{"embeddable":true,"href":"https:\/\/fewo-am-rauhen-kulm.de\/pl\/wp-json\/wp\/v2\/media\/2618"}],"wp:attachment":[{"href":"https:\/\/fewo-am-rauhen-kulm.de\/pl\/wp-json\/wp\/v2\/media?parent=2610"}],"wp:term":[{"taxonomy":"category","embeddable":true,"href":"https:\/\/fewo-am-rauhen-kulm.de\/pl\/wp-json\/wp\/v2\/categories?post=2610"},{"taxonomy":"post_tag","embeddable":true,"href":"https:\/\/fewo-am-rauhen-kulm.de\/pl\/wp-json\/wp\/v2\/tags?post=2610"}],"curies":[{"name":"wp","href":"https:\/\/api.w.org\/{rel}","templated":true}]}}