{"id":2708,"date":"2024-10-11T16:47:02","date_gmt":"2024-10-11T14:47:02","guid":{"rendered":"https:\/\/fewo-am-rauhen-kulm.de\/?p=2708"},"modified":"2024-10-17T15:54:04","modified_gmt":"2024-10-17T13:54:04","slug":"auszeit-fur-die-ganze-familie-idyllische-ferienwohnung-auf-dem-land","status":"publish","type":"post","link":"https:\/\/fewo-am-rauhen-kulm.de\/pl\/auszeit-fur-die-ganze-familie-idyllische-ferienwohnung-auf-dem-land\/","title":{"rendered":"Auszeit f\u00fcr die ganze Familie: Idyllische Ferienwohnung auf dem Land"},"content":{"rendered":"<div data-elementor-type=\"wp-post\" data-elementor-id=\"2708\" class=\"elementor elementor-2708\" data-elementor-post-type=\"post\">\n\t\t\t\t<div data-particle_enable=\"false\" data-particle-mobile-disabled=\"false\" class=\"elementor-element elementor-element-17513470 e-flex e-con-boxed e-con e-parent\" data-id=\"17513470\" data-element_type=\"container\">\n\t\t\t\t\t<div class=\"e-con-inner\">\n\t\t\t\t<div class=\"elementor-element elementor-element-0f50ac5 elementor-widget-divider--view-line elementor-widget elementor-widget-divider\" data-id=\"0f50ac5\" data-element_type=\"widget\" data-widget_type=\"divider.default\">\n\t\t\t\t<div class=\"elementor-widget-container\">\n\t\t\t\t\t\t\t<div class=\"elementor-divider\">\n\t\t\t<span class=\"elementor-divider-separator\">\n\t\t\t\t\t\t<\/span>\n\t\t<\/div>\n\t\t\t\t\t\t<\/div>\n\t\t\t\t<\/div>\n\t\t\t\t<div class=\"elementor-element elementor-element-b0c5575 elementor-widget elementor-widget-text-editor\" data-id=\"b0c5575\" data-element_type=\"widget\" data-widget_type=\"text-editor.default\">\n\t\t\t\t<div class=\"elementor-widget-container\">\n\t\t\t\t\t\t\t\t\t<p><\/p>\n<p data-sourcepos=\"10:1-10:366\">Der Alltag in der Stadt ist oft hektisch und stressig. L\u00e4rm, Hektik und lange Arbeitszeiten lassen kaum Raum f\u00fcr Erholung. Doch gerade Familien brauchen eine Auszeit, um gemeinsam neue Energie zu tanken und sch\u00f6ne Erinnerungen zu schaffen. Wie w\u00e4re es mit einem Urlaub in der Natur, weit weg von der Alltagshektik? Unsere Ferienwohnung am Rauhen Kulm bietet Ihnen und Ihrer Familie den idealen Rahmen f\u00fcr einen erholsamen und abwechslungsreichen Urlaub.<\/p>\n<p><\/p>\t\t\t\t\t\t\t\t<\/div>\n\t\t\t\t<\/div>\n\t\t\t\t\t<\/div>\n\t\t\t\t<\/div>\n\t\t<div data-particle_enable=\"false\" data-particle-mobile-disabled=\"false\" class=\"elementor-element elementor-element-fba9bf9 e-flex e-con-boxed e-con e-parent\" data-id=\"fba9bf9\" data-element_type=\"container\">\n\t\t\t\t\t<div class=\"e-con-inner\">\n\t\t<div data-particle_enable=\"false\" data-particle-mobile-disabled=\"false\" class=\"elementor-element elementor-element-1a6b211 e-con-full e-flex e-con e-child\" data-id=\"1a6b211\" data-element_type=\"container\">\n\t\t\t\t<div class=\"elementor-element elementor-element-e5debcd elementor-widget__width-initial elementor-widget elementor-widget-text-editor\" data-id=\"e5debcd\" data-element_type=\"widget\" data-widget_type=\"text-editor.default\">\n\t\t\t\t<div class=\"elementor-widget-container\">\n\t\t\t\t\t\t\t\t\t<h3 style=\"font-family: -apple-system, BlinkMacSystemFont, 'Segoe UI', Roboto, 'Helvetica Neue', Arial, 'Noto Sans', sans-serif, 'Apple Color Emoji', 'Segoe UI Emoji', 'Segoe UI Symbol', 'Noto Color Emoji'; color: #333333;\" data-sourcepos=\"13:1-13:53\"><span style=\"font-weight: bolder;\">Warum ein Urlaub auf dem Land so wertvoll ist<\/span><\/h3>\n<p>\u00a0<\/p>\n<ul data-sourcepos=\"22:1-22:24\">\n<li data-sourcepos=\"15:1-15:148\"><strong>Natur pur:<\/strong> Entdecken Sie die Sch\u00f6nheit der Natur bei gemeinsamen Wanderungen, Radtouren oder einfach nur beim Entspannen auf unserem Balkon.<\/li>\n<li data-sourcepos=\"16:1-16:115\"><strong>Ruhe und Erholung:<\/strong> Genie\u00dfen Sie die Stille und die frische Luft und lassen Sie den Alltagsstress hinter sich.<\/li>\n<li data-sourcepos=\"17:1-17:160\"><strong>Gemeinsam Zeit verbringen:<\/strong> Spielen Sie im Garten, grillen Sie gemeinsam oder erkunden Sie die Umgebung \u2013 bei uns haben Sie gen\u00fcgend Zeit f\u00fcr Ihre Familie.<\/li>\n<li data-sourcepos=\"18:1-19:0\"><strong>Neue Erfahrungen:<\/strong> Besuchen Sie Bauernh\u00f6fe, Tierparks oder historische St\u00e4dte und entdecken Sie gemeinsam neue Abenteuer.<\/li>\n<\/ul>\t\t\t\t\t\t\t\t<\/div>\n\t\t\t\t<\/div>\n\t\t\t\t<div class=\"elementor-element elementor-element-8c87914 elementor-widget elementor-widget-button\" data-id=\"8c87914\" data-element_type=\"widget\" data-widget_type=\"button.default\">\n\t\t\t\t<div class=\"elementor-widget-container\">\n\t\t\t\t\t\t\t\t\t<div class=\"elementor-button-wrapper\">\n\t\t\t\t\t<a class=\"elementor-button elementor-button-link elementor-size-sm\" href=\"https:\/\/www.fichtelgebirge.bayern\/\" target=\"_blank\">\n\t\t\t\t\t\t<span class=\"elementor-button-content-wrapper\">\n\t\t\t\t\t\t\t\t\t<span class=\"elementor-button-text\">Dowiedz si\u0119 wi\u0119cej<\/span>\n\t\t\t\t\t<\/span>\n\t\t\t\t\t<\/a>\n\t\t\t\t<\/div>\n\t\t\t\t\t\t\t\t<\/div>\n\t\t\t\t<\/div>\n\t\t\t\t<\/div>\n\t\t<div data-particle_enable=\"false\" data-particle-mobile-disabled=\"false\" class=\"elementor-element elementor-element-506c4a5 e-con-full e-flex e-con e-child\" data-id=\"506c4a5\" data-element_type=\"container\">\n\t\t\t\t<div class=\"elementor-element elementor-element-d483f8b elementor-widget elementor-widget-image\" data-id=\"d483f8b\" data-element_type=\"widget\" data-widget_type=\"image.default\">\n\t\t\t\t<div class=\"elementor-widget-container\">\n\t\t\t\t\t\t\t\t\t\t\t\t\t\t\t<img fetchpriority=\"high\" decoding=\"async\" width=\"800\" height=\"542\" src=\"https:\/\/fewo-am-rauhen-kulm.de\/wp-content\/uploads\/2024\/10\/csm_Rauher_Kulm_070ba44dca.webp\" class=\"attachment-large size-large wp-image-2714\" alt=\"Schneebedeckter H\u00fcgel mit einem Aussichtsturm auf der Spitze und umliegenden H\u00e4usern im Winter.\" srcset=\"https:\/\/fewo-am-rauhen-kulm.de\/wp-content\/uploads\/2024\/10\/csm_Rauher_Kulm_070ba44dca.webp 940w, https:\/\/fewo-am-rauhen-kulm.de\/wp-content\/uploads\/2024\/10\/csm_Rauher_Kulm_070ba44dca-300x203.webp 300w, https:\/\/fewo-am-rauhen-kulm.de\/wp-content\/uploads\/2024\/10\/csm_Rauher_Kulm_070ba44dca-768x520.webp 768w\" sizes=\"(max-width: 800px) 100vw, 800px\" \/>\t\t\t\t\t\t\t\t\t\t\t\t\t\t\t<\/div>\n\t\t\t\t<\/div>\n\t\t\t\t<\/div>\n\t\t\t\t\t<\/div>\n\t\t\t\t<\/div>\n\t\t<div data-particle_enable=\"false\" data-particle-mobile-disabled=\"false\" class=\"elementor-element elementor-element-793df98 e-flex e-con-boxed e-con e-parent\" data-id=\"793df98\" data-element_type=\"container\">\n\t\t\t\t\t<div class=\"e-con-inner\">\n\t\t<div data-particle_enable=\"false\" data-particle-mobile-disabled=\"false\" class=\"elementor-element elementor-element-c49fade e-con-full e-flex e-con e-child\" data-id=\"c49fade\" data-element_type=\"container\">\n\t\t\t\t<div class=\"elementor-element elementor-element-e11f45d elementor-widget elementor-widget-text-editor\" data-id=\"e11f45d\" data-element_type=\"widget\" data-widget_type=\"text-editor.default\">\n\t\t\t\t<div class=\"elementor-widget-container\">\n\t\t\t\t\t\t\t\t\t<h3 data-sourcepos=\"29:1-29:50\"><strong>Ausflugsziele f\u00fcr Familien in der Umgebung<\/strong><\/h3>\n<p>\u00a0<\/p>\n<ul data-sourcepos=\"22:1-22:24\">\n<li data-sourcepos=\"15:1-15:148\"><strong>Monte Kaolino:<\/strong> ist ein Freizeitpark mit verschiedenen Attraktionen wie Rodelbahn, Segway, Klettern, Sandski und mehr. <a href=\"https:\/\/www.montekaolino.eu\/\">zur Website<\/a><\/li>\n<li data-sourcepos=\"16:1-16:115\"><strong>Erlebnisfelsen Pottenstein<\/strong> Dein kinderfreundliches Ausflugsziel <a href=\"https:\/\/www.erlebnisfelsen-pottenstein.de\/\">zur Website<\/a><\/li>\n<li data-sourcepos=\"17:1-17:160\"><strong>Veldensteiner Forst:<\/strong> Wildgehege Hufeisen <a href=\"https:\/\/www.wildgehege-hufeisen.de\/index.html\">zur Website<\/a><\/li>\n<li data-sourcepos=\"18:1-19:0\"><strong>Erlebnishof Ziegler:<\/strong> Maislabyrinth, Bauernhof <a href=\"https:\/\/www.erlebnishof-ziegler.de\/\">zur Website<\/a><\/li>\n<li data-sourcepos=\"18:1-19:0\"><strong>Deutsches Automobilmuseum Fichtelberg <\/strong>Ein Highlight f\u00fcr die ganze Familie <a href=\"https:\/\/www.amf-museum.de\/\">zur Website<\/a><\/li>\n<\/ul>\t\t\t\t\t\t\t\t<\/div>\n\t\t\t\t<\/div>\n\t\t\t\t<\/div>\n\t\t\t\t\t<\/div>\n\t\t\t\t<\/div>\n\t\t<div data-particle_enable=\"false\" data-particle-mobile-disabled=\"false\" class=\"elementor-element elementor-element-20eb19f e-flex e-con-boxed e-con e-parent\" data-id=\"20eb19f\" data-element_type=\"container\">\n\t\t\t\t\t<div class=\"e-con-inner\">\n\t\t<div data-particle_enable=\"false\" data-particle-mobile-disabled=\"false\" class=\"elementor-element elementor-element-b0706e2 e-con-full e-flex e-con e-child\" data-id=\"b0706e2\" data-element_type=\"container\">\n\t\t\t\t<div class=\"elementor-element elementor-element-92ca880 elementor-widget-divider--view-line elementor-widget elementor-widget-divider\" data-id=\"92ca880\" data-element_type=\"widget\" data-widget_type=\"divider.default\">\n\t\t\t\t<div class=\"elementor-widget-container\">\n\t\t\t\t\t\t\t<div class=\"elementor-divider\">\n\t\t\t<span class=\"elementor-divider-separator\">\n\t\t\t\t\t\t<\/span>\n\t\t<\/div>\n\t\t\t\t\t\t<\/div>\n\t\t\t\t<\/div>\n\t\t\t\t<div class=\"elementor-element elementor-element-46fd4ac elementor-widget elementor-widget-heading\" data-id=\"46fd4ac\" data-element_type=\"widget\" data-widget_type=\"heading.default\">\n\t\t\t\t<div class=\"elementor-widget-container\">\n\t\t\t\t\t<h2 class=\"elementor-heading-title elementor-size-default\">Buchen Sie jetzt Ihren Familienurlaub\n<\/h2>\t\t\t\t<\/div>\n\t\t\t\t<\/div>\n\t\t\t\t<div class=\"elementor-element elementor-element-5ab3d43 elementor-widget elementor-widget-text-editor\" data-id=\"5ab3d43\" data-element_type=\"widget\" data-widget_type=\"text-editor.default\">\n\t\t\t\t<div class=\"elementor-widget-container\">\n\t\t\t\t\t\t\t\t\t<p data-sourcepos=\"36:1-36:181\">Sind Sie bereit f\u00fcr eine Auszeit vom Alltag? Buchen Sie jetzt Ihren Familienurlaub in unserer Ferienwohnung am Rauhen Kulm und erleben Sie unvergessliche Momente inmitten der Natur.<\/p>\n<p data-sourcepos=\"38:1-38:49\">\u00a0<\/p>\t\t\t\t\t\t\t\t<\/div>\n\t\t\t\t<\/div>\n\t\t\t\t<div class=\"elementor-element elementor-element-c2a97a2 elementor-widget elementor-widget-spacer\" data-id=\"c2a97a2\" data-element_type=\"widget\" data-widget_type=\"spacer.default\">\n\t\t\t\t<div class=\"elementor-widget-container\">\n\t\t\t\t\t\t\t<div class=\"elementor-spacer\">\n\t\t\t<div class=\"elementor-spacer-inner\"><\/div>\n\t\t<\/div>\n\t\t\t\t\t\t<\/div>\n\t\t\t\t<\/div>\n\t\t\t\t<div class=\"elementor-element elementor-element-053a4d0 elementor-cta--skin-cover elementor-cta--valign-middle elementor-animated-content elementor-bg-transform elementor-bg-transform-zoom-in elementor-widget elementor-widget-call-to-action\" data-id=\"053a4d0\" data-element_type=\"widget\" data-widget_type=\"call-to-action.default\">\n\t\t\t\t<div class=\"elementor-widget-container\">\n\t\t\t\t\t\t\t<a class=\"elementor-cta\" href=\"\/fewo-panoramablick\">\n\t\t\t\t\t<div class=\"elementor-cta__bg-wrapper\">\n\t\t\t\t<div class=\"elementor-cta__bg elementor-bg\" style=\"background-image: url(https:\/\/fewo-am-rauhen-kulm.de\/wp-content\/uploads\/2024\/09\/fewo-panoramablick.jpg);\" role=\"img\" aria-label=\"Balkon mit Holzstuhl und Blick auf eine gr\u00fcne Landschaft, kombiniert mit einem Wohnzimmer mit Fernseher und Sofa.\"><\/div>\n\t\t\t\t<div class=\"elementor-cta__bg-overlay\"><\/div>\n\t\t\t<\/div>\n\t\t\t\t\t\t\t<div class=\"elementor-cta__content\">\n\t\t\t\t\t\t\t\t\t<div class=\"elementor-content-item elementor-cta__content-item elementor-icon-wrapper elementor-cta__icon elementor-view-default elementor-animated-item--grow\">\n\t\t\t\t\t\t<div class=\"elementor-icon\">\n\t\t\t\t\t\t\t\t\t\t\t\t\t<\/div>\n\t\t\t\t\t<\/div>\n\t\t\t\t\n\t\t\t\t\t\t\t\t\t<h2 class=\"elementor-cta__title elementor-cta__content-item elementor-content-item elementor-animated-item--grow\">\n\t\t\t\t\t\tFeWo Panoramablick\t\t\t\t\t<\/h2>\n\t\t\t\t\n\t\t\t\t\t\t\t\t\t<div class=\"elementor-cta__description elementor-cta__content-item elementor-content-item elementor-animated-item--grow\">\n\t\t\t\t\t\tDie ideale Unterkunft f\u00fcr bis zu 5 Mitarbeiter.\t\t\t\t\t<\/div>\n\t\t\t\t\n\t\t\t\t\t\t\t\t\t<div class=\"elementor-cta__button-wrapper elementor-cta__content-item elementor-content-item elementor-animated-item--grow\">\n\t\t\t\t\t<span class=\"elementor-cta__button elementor-button elementor-size-\">\n\t\t\t\t\t\tUnterkunft ansehen\t\t\t\t\t<\/span>\n\t\t\t\t\t<\/div>\n\t\t\t\t\t\t\t<\/div>\n\t\t\t\t\t\t\t<div class=\"elementor-ribbon\">\n\t\t\t\t<div class=\"elementor-ribbon-inner\">Aktion<\/div>\n\t\t\t<\/div>\n\t\t\t\t<\/a>\n\t\t\t\t\t\t<\/div>\n\t\t\t\t<\/div>\n\t\t\t\t<div class=\"elementor-element elementor-element-0fd8c99 elementor-widget elementor-widget-spacer\" data-id=\"0fd8c99\" data-element_type=\"widget\" data-widget_type=\"spacer.default\">\n\t\t\t\t<div class=\"elementor-widget-container\">\n\t\t\t\t\t\t\t<div class=\"elementor-spacer\">\n\t\t\t<div class=\"elementor-spacer-inner\"><\/div>\n\t\t<\/div>\n\t\t\t\t\t\t<\/div>\n\t\t\t\t<\/div>\n\t\t\t\t<div class=\"elementor-element elementor-element-3912026 elementor-widget elementor-widget-text-editor\" data-id=\"3912026\" data-element_type=\"widget\" data-widget_type=\"text-editor.default\">\n\t\t\t\t<div class=\"elementor-widget-container\">\n\t\t\t\t\t\t\t\t\t<p data-sourcepos=\"42:1-42:265\">Ein Urlaub auf dem Land ist die perfekte M\u00f6glichkeit, um dem Alltagsstress zu entfliehen und gemeinsam mit Ihrer Familie neue Energie zu tanken. Unsere Ferienwohnung am Rauhen Kulm bietet Ihnen den idealen Rahmen f\u00fcr einen erholsamen und abwechslungsreichen Urlaub.<\/p>\n<p data-sourcepos=\"44:1-44:22\">\u00a0<\/p>\t\t\t\t\t\t\t\t<\/div>\n\t\t\t\t<\/div>\n\t\t\t\t<div class=\"elementor-element elementor-element-ad80a93 elementor-align-center elementor-widget elementor-widget-button\" data-id=\"ad80a93\" data-element_type=\"widget\" data-widget_type=\"button.default\">\n\t\t\t\t<div class=\"elementor-widget-container\">\n\t\t\t\t\t\t\t\t\t<div class=\"elementor-button-wrapper\">\n\t\t\t\t\t<a class=\"elementor-button elementor-button-link elementor-size-sm\" href=\"http:\/\/airbnb.de\/h\/fewonak\" target=\"_blank\">\n\t\t\t\t\t\t<span class=\"elementor-button-content-wrapper\">\n\t\t\t\t\t\t<span class=\"elementor-button-icon\">\n\t\t\t\t<svg aria-hidden=\"true\" class=\"e-font-icon-svg e-fab-airbnb\" viewbox=\"0 0 448 512\" xmlns=\"http:\/\/www.w3.org\/2000\/svg\"><path d=\"M224 373.12c-25.24-31.67-40.08-59.43-45-83.18-22.55-88 112.61-88 90.06 0-5.45 24.25-20.29 52-45 83.18zm138.15 73.23c-42.06 18.31-83.67-10.88-119.3-50.47 103.9-130.07 46.11-200-18.85-200-54.92 0-85.16 46.51-73.28 100.5 6.93 29.19 25.23 62.39 54.43 99.5-32.53 36.05-60.55 52.69-85.15 54.92-50 7.43-89.11-41.06-71.3-91.09 15.1-39.16 111.72-231.18 115.87-241.56 15.75-30.07 25.56-57.4 59.38-57.4 32.34 0 43.4 25.94 60.37 59.87 36 70.62 89.35 177.48 114.84 239.09 13.17 33.07-1.37 71.29-37.01 86.64zm47-136.12C280.27 35.93 273.13 32 224 32c-45.52 0-64.87 31.67-84.66 72.79C33.18 317.1 22.89 347.19 22 349.81-3.22 419.14 48.74 480 111.63 480c21.71 0 60.61-6.06 112.37-62.4 58.68 63.78 101.26 62.4 112.37 62.4 62.89.05 114.85-60.86 89.61-130.19.02-3.89-16.82-38.9-16.82-39.58z\"><\/path><\/svg>\t\t\t<\/span>\n\t\t\t\t\t\t\t\t\t<span class=\"elementor-button-text\">Jetzt Verf\u00fcgbarkeit pr\u00fcfen<\/span>\n\t\t\t\t\t<\/span>\n\t\t\t\t\t<\/a>\n\t\t\t\t<\/div>\n\t\t\t\t\t\t\t\t<\/div>\n\t\t\t\t<\/div>\n\t\t\t\t<div class=\"elementor-element elementor-element-e40882e elementor-widget elementor-widget-spacer\" data-id=\"e40882e\" data-element_type=\"widget\" data-widget_type=\"spacer.default\">\n\t\t\t\t<div class=\"elementor-widget-container\">\n\t\t\t\t\t\t\t<div class=\"elementor-spacer\">\n\t\t\t<div class=\"elementor-spacer-inner\"><\/div>\n\t\t<\/div>\n\t\t\t\t\t\t<\/div>\n\t\t\t\t<\/div>\n\t\t\t\t<\/div>\n\t\t\t\t\t<\/div>\n\t\t\t\t<\/div>\n\t\t<div data-particle_enable=\"false\" data-particle-mobile-disabled=\"false\" class=\"elementor-element elementor-element-dcea15d e-flex e-con-boxed e-con e-parent\" data-id=\"dcea15d\" data-element_type=\"container\">\n\t\t\t\t\t<div class=\"e-con-inner\">\n\t\t\t\t<div class=\"elementor-element elementor-element-5082a5f elementor-widget elementor-widget-shortcode\" data-id=\"5082a5f\" data-element_type=\"widget\" data-widget_type=\"shortcode.default\">\n\t\t\t\t<div class=\"elementor-widget-container\">\n\t\t\t\t\t\t\t<div class=\"elementor-shortcode\"><pre class=\"ti-widget\" style=\"display: none\"><template id=\"trustindex-airbnb-widget-html\"><div class=\"ti-widget ti-airb ti-show-rating-text ti-review-text-mode-readmore ti-text-align-left\" data-no-translation=\"true\" data-layout-id=\"5\" data-layout-category=\"slider\" data-set-id=\"ligth-border\" data-pid=\"\" data-language=\"de\" data-review-target-width=\"275\" data-css-version=\"2\" data-review-text-mode=\"readmore\" data-reply-by-locale=\"Antwort des Eigent\u00fcmers\" data-pager-autoplay-timeout=\"6\" > <div class=\"ti-widget-container ti-col-4\"> <div class=\"ti-footer source-Airbnb\"> <div class=\"ti-rating-text\"> <strong class=\"ti-rating ti-rating-large\"> AUSGEZEICHNET <\/strong> <\/div> <span class=\"ti-stars star-lg\"><trustindex-image class=\"ti-star\" data-imgurl=\"https:\/\/cdn.trustindex.io\/assets\/platform\/Airbnb\/star\/f.svg\" alt=\"Airbnb\" width=\"17\" height=\"17\" loading=\"lazy\" ><\/trustindex-image><trustindex-image class=\"ti-star\" data-imgurl=\"https:\/\/cdn.trustindex.io\/assets\/platform\/Airbnb\/star\/f.svg\" alt=\"Airbnb\" width=\"17\" height=\"17\" loading=\"lazy\" ><\/trustindex-image><trustindex-image class=\"ti-star\" data-imgurl=\"https:\/\/cdn.trustindex.io\/assets\/platform\/Airbnb\/star\/f.svg\" alt=\"Airbnb\" width=\"17\" height=\"17\" loading=\"lazy\" ><\/trustindex-image><trustindex-image class=\"ti-star\" data-imgurl=\"https:\/\/cdn.trustindex.io\/assets\/platform\/Airbnb\/star\/f.svg\" alt=\"Airbnb\" width=\"17\" height=\"17\" loading=\"lazy\" ><\/trustindex-image><trustindex-image class=\"ti-star\" data-imgurl=\"https:\/\/cdn.trustindex.io\/assets\/platform\/Airbnb\/star\/f.svg\" alt=\"Airbnb\" width=\"17\" height=\"17\" loading=\"lazy\" ><\/trustindex-image><\/span> <div class=\"ti-rating-text\"> <span class=\"nowrap\">Basierend auf <strong>145 Bewertungen<\/strong><\/span> <\/div> <div class=\"ti-large-logo\"> <div class=\"ti-v-center\"> <trustindex-image class=\"ti-logo-fb\" data-imgurl=\"https:\/\/cdn.trustindex.io\/assets\/platform\/Airbnb\/logo.svg\" width=\"150\" height=\"25\" loading=\"lazy\" alt=\"Airbnb\" ><\/trustindex-image> <\/div> <\/div> <\/div> <div class=\"ti-reviews-container\"> <div class=\"ti-controls\"> <div class=\"ti-next\" aria-label=\"N\u00e4chste Bewertung\" role=\"button\"><\/div> <div class=\"ti-prev\" aria-label=\"Vorherige Bewertung\" role=\"button\"><\/div> <\/div> <div class=\"ti-reviews-container-wrapper\">  <div data-empty=\"0\" class=\"ti-review-item source-Airbnb ti-image-layout-thumbnail\" data-id=\"cfcd208495d565ef66e7dff9f98764da\" > <div class=\"ti-inner\"> <div class=\"ti-review-header\"> <trustindex-image class=\"ti-platform-icon\" data-imgurl=\"https:\/\/cdn.trustindex.io\/assets\/platform\/Airbnb\/icon.svg\" alt=\"Airbnb\" width=\"20\" height=\"20\" loading=\"lazy\" ><\/trustindex-image> <div class=\"ti-profile-img\"> <trustindex-image data-imgurl=\"https:\/\/a0.muscache.com\/im\/pictures\/user\/b47c0926-45f8-4edc-94ee-8c6fcf507e81.jpg\" data-imgurlset=\"https:\/\/a0.muscache.com\/im\/pictures\/user\/b47c0926-45f8-4edc-94ee-8c6fcf507e81.jpg 2x\" alt=\"Evers & Fritz\" loading=\"lazy\" ><\/trustindex-image> <\/div> <div class=\"ti-profile-details\"> <div class=\"ti-name\"> Evers & Fritz <\/div> <div class=\"ti-date\">2025-10-01<\/div> <\/div> <\/div> <span class=\"ti-stars\"><trustindex-image class=\"ti-star\" data-imgurl=\"https:\/\/cdn.trustindex.io\/assets\/platform\/Airbnb\/star\/f.svg\" alt=\"Airbnb\" width=\"17\" height=\"17\" loading=\"lazy\" ><\/trustindex-image><trustindex-image class=\"ti-star\" data-imgurl=\"https:\/\/cdn.trustindex.io\/assets\/platform\/Airbnb\/star\/f.svg\" alt=\"Airbnb\" width=\"17\" height=\"17\" loading=\"lazy\" ><\/trustindex-image><trustindex-image class=\"ti-star\" data-imgurl=\"https:\/\/cdn.trustindex.io\/assets\/platform\/Airbnb\/star\/f.svg\" alt=\"Airbnb\" width=\"17\" height=\"17\" loading=\"lazy\" ><\/trustindex-image><trustindex-image class=\"ti-star\" data-imgurl=\"https:\/\/cdn.trustindex.io\/assets\/platform\/Airbnb\/star\/f.svg\" alt=\"Airbnb\" width=\"17\" height=\"17\" loading=\"lazy\" ><\/trustindex-image><trustindex-image class=\"ti-star\" data-imgurl=\"https:\/\/cdn.trustindex.io\/assets\/platform\/Airbnb\/star\/f.svg\" alt=\"Airbnb\" width=\"17\" height=\"17\" loading=\"lazy\" ><\/trustindex-image><span class=\"ti-verified-review\"><span class=\"ti-verified-tooltip\">Verifiziert<\/span><\/span><\/span> <div class=\"ti-review-text-container ti-review-content\"><!-- R-CONTENT -->Die Unterkunft war f\u00fcr unsere Mitarbeiter gebucht.Alles war in Ordnung, gute Kommunikation und keinerlei Probleme.Vielen Dank.<!-- R-CONTENT --><\/div> <span class=\"ti-read-more\" data-container=\".ti-review-content\" data-collapse-text=\"Ausblenden\" data-open-text=\"Weiterlesen\" ><\/span> <\/div> <\/div>  <div data-empty=\"0\" class=\"ti-review-item source-Airbnb ti-image-layout-thumbnail\" data-id=\"cfcd208495d565ef66e7dff9f98764da\" > <div class=\"ti-inner\"> <div class=\"ti-review-header\"> <trustindex-image class=\"ti-platform-icon\" data-imgurl=\"https:\/\/cdn.trustindex.io\/assets\/platform\/Airbnb\/icon.svg\" alt=\"Airbnb\" width=\"20\" height=\"20\" loading=\"lazy\" ><\/trustindex-image> <div class=\"ti-profile-img\"> <trustindex-image data-imgurl=\"https:\/\/a0.muscache.com\/im\/pictures\/user\/e960e919-1094-48a3-9e10-410fd9d4b25e.jpg\" data-imgurlset=\"https:\/\/a0.muscache.com\/im\/pictures\/user\/e960e919-1094-48a3-9e10-410fd9d4b25e.jpg 2x\" alt=\"Siim\" loading=\"lazy\" ><\/trustindex-image> <\/div> <div class=\"ti-profile-details\"> <div class=\"ti-name\"> Siim <\/div> <div class=\"ti-date\">2025-09-29<\/div> <\/div> <\/div> <span class=\"ti-stars\"><trustindex-image class=\"ti-star\" data-imgurl=\"https:\/\/cdn.trustindex.io\/assets\/platform\/Airbnb\/star\/f.svg\" alt=\"Airbnb\" width=\"17\" height=\"17\" loading=\"lazy\" ><\/trustindex-image><trustindex-image class=\"ti-star\" data-imgurl=\"https:\/\/cdn.trustindex.io\/assets\/platform\/Airbnb\/star\/f.svg\" alt=\"Airbnb\" width=\"17\" height=\"17\" loading=\"lazy\" ><\/trustindex-image><trustindex-image class=\"ti-star\" data-imgurl=\"https:\/\/cdn.trustindex.io\/assets\/platform\/Airbnb\/star\/f.svg\" alt=\"Airbnb\" width=\"17\" height=\"17\" loading=\"lazy\" ><\/trustindex-image><trustindex-image class=\"ti-star\" data-imgurl=\"https:\/\/cdn.trustindex.io\/assets\/platform\/Airbnb\/star\/f.svg\" alt=\"Airbnb\" width=\"17\" height=\"17\" loading=\"lazy\" ><\/trustindex-image><trustindex-image class=\"ti-star\" data-imgurl=\"https:\/\/cdn.trustindex.io\/assets\/platform\/Airbnb\/star\/f.svg\" alt=\"Airbnb\" width=\"17\" height=\"17\" loading=\"lazy\" ><\/trustindex-image><span class=\"ti-verified-review\"><span class=\"ti-verified-tooltip\">Verifiziert<\/span><\/span><\/span> <div class=\"ti-review-text-container ti-review-content\"><!-- R-CONTENT -->Good for money<!-- R-CONTENT --><\/div> <span class=\"ti-read-more\" data-container=\".ti-review-content\" data-collapse-text=\"Ausblenden\" data-open-text=\"Weiterlesen\" ><\/span> <\/div> <\/div>  <div data-empty=\"0\" class=\"ti-review-item source-Airbnb ti-image-layout-thumbnail\" data-id=\"cfcd208495d565ef66e7dff9f98764da\" > <div class=\"ti-inner\"> <div class=\"ti-review-header\"> <trustindex-image class=\"ti-platform-icon\" data-imgurl=\"https:\/\/cdn.trustindex.io\/assets\/platform\/Airbnb\/icon.svg\" alt=\"Airbnb\" width=\"20\" height=\"20\" loading=\"lazy\" ><\/trustindex-image> <div class=\"ti-profile-img\"> <trustindex-image data-imgurl=\"https:\/\/a0.muscache.com\/im\/pictures\/user\/User-551031394\/original\/052e5dae-2cf8-43c0-a069-708cd3e7982a.jpeg\" data-imgurlset=\"https:\/\/a0.muscache.com\/im\/pictures\/user\/User-551031394\/original\/052e5dae-2cf8-43c0-a069-708cd3e7982a.jpeg 2x\" alt=\"Jinhan\" loading=\"lazy\" ><\/trustindex-image> <\/div> <div class=\"ti-profile-details\"> <div class=\"ti-name\"> Jinhan <\/div> <div class=\"ti-date\">2025-09-19<\/div> <\/div> <\/div> <span class=\"ti-stars\"><trustindex-image class=\"ti-star\" data-imgurl=\"https:\/\/cdn.trustindex.io\/assets\/platform\/Airbnb\/star\/f.svg\" alt=\"Airbnb\" width=\"17\" height=\"17\" loading=\"lazy\" ><\/trustindex-image><trustindex-image class=\"ti-star\" data-imgurl=\"https:\/\/cdn.trustindex.io\/assets\/platform\/Airbnb\/star\/f.svg\" alt=\"Airbnb\" width=\"17\" height=\"17\" loading=\"lazy\" ><\/trustindex-image><trustindex-image class=\"ti-star\" data-imgurl=\"https:\/\/cdn.trustindex.io\/assets\/platform\/Airbnb\/star\/f.svg\" alt=\"Airbnb\" width=\"17\" height=\"17\" loading=\"lazy\" ><\/trustindex-image><trustindex-image class=\"ti-star\" data-imgurl=\"https:\/\/cdn.trustindex.io\/assets\/platform\/Airbnb\/star\/f.svg\" alt=\"Airbnb\" width=\"17\" height=\"17\" loading=\"lazy\" ><\/trustindex-image><trustindex-image class=\"ti-star\" data-imgurl=\"https:\/\/cdn.trustindex.io\/assets\/platform\/Airbnb\/star\/f.svg\" alt=\"Airbnb\" width=\"17\" height=\"17\" loading=\"lazy\" ><\/trustindex-image><span class=\"ti-verified-review\"><span class=\"ti-verified-tooltip\">Verifiziert<\/span><\/span><\/span> <div class=\"ti-review-text-container ti-review-content\"><!-- R-CONTENT -->Perfect!<!-- R-CONTENT --><\/div> <span class=\"ti-read-more\" data-container=\".ti-review-content\" data-collapse-text=\"Ausblenden\" data-open-text=\"Weiterlesen\" ><\/span> <\/div> <\/div>  <div data-empty=\"0\" class=\"ti-review-item source-Airbnb ti-image-layout-thumbnail\" data-id=\"cfcd208495d565ef66e7dff9f98764da\" > <div class=\"ti-inner\"> <div class=\"ti-review-header\"> <trustindex-image class=\"ti-platform-icon\" data-imgurl=\"https:\/\/cdn.trustindex.io\/assets\/platform\/Airbnb\/icon.svg\" alt=\"Airbnb\" width=\"20\" height=\"20\" loading=\"lazy\" ><\/trustindex-image> <div class=\"ti-profile-img\"> <trustindex-image data-imgurl=\"https:\/\/a0.muscache.com\/im\/pictures\/user\/23e62eb1-0dee-40e7-ad6e-0d151d189103.jpg\" data-imgurlset=\"https:\/\/a0.muscache.com\/im\/pictures\/user\/23e62eb1-0dee-40e7-ad6e-0d151d189103.jpg 2x\" alt=\"Florian\" loading=\"lazy\" ><\/trustindex-image> <\/div> <div class=\"ti-profile-details\"> <div class=\"ti-name\"> Florian <\/div> <div class=\"ti-date\">2025-09-17<\/div> <\/div> <\/div> <span class=\"ti-stars\"><trustindex-image class=\"ti-star\" data-imgurl=\"https:\/\/cdn.trustindex.io\/assets\/platform\/Airbnb\/star\/f.svg\" alt=\"Airbnb\" width=\"17\" height=\"17\" loading=\"lazy\" ><\/trustindex-image><trustindex-image class=\"ti-star\" data-imgurl=\"https:\/\/cdn.trustindex.io\/assets\/platform\/Airbnb\/star\/f.svg\" alt=\"Airbnb\" width=\"17\" height=\"17\" loading=\"lazy\" ><\/trustindex-image><trustindex-image class=\"ti-star\" data-imgurl=\"https:\/\/cdn.trustindex.io\/assets\/platform\/Airbnb\/star\/f.svg\" alt=\"Airbnb\" width=\"17\" height=\"17\" loading=\"lazy\" ><\/trustindex-image><trustindex-image class=\"ti-star\" data-imgurl=\"https:\/\/cdn.trustindex.io\/assets\/platform\/Airbnb\/star\/f.svg\" alt=\"Airbnb\" width=\"17\" height=\"17\" loading=\"lazy\" ><\/trustindex-image><trustindex-image class=\"ti-star\" data-imgurl=\"https:\/\/cdn.trustindex.io\/assets\/platform\/Airbnb\/star\/f.svg\" alt=\"Airbnb\" width=\"17\" height=\"17\" loading=\"lazy\" ><\/trustindex-image><span class=\"ti-verified-review\"><span class=\"ti-verified-tooltip\">Verifiziert<\/span><\/span><\/span> <div class=\"ti-review-text-container ti-review-content\"><!-- R-CONTENT -->Wir waren auf Durchreise von Kroatien nach Hamburg bei Arnold. Eine kleine, nicht mehr die modernste, aber mit liebe eingerichtete Wohnung. Es wurde noch ein Babybett aufgestellt und die Kommunikation mit Arnold war Top. Kann man nur empfehlen. Super Preis-Leistung-Verh\u00e4ltnis.<!-- R-CONTENT --><\/div> <span class=\"ti-read-more\" data-container=\".ti-review-content\" data-collapse-text=\"Ausblenden\" data-open-text=\"Weiterlesen\" ><\/span> <\/div> <\/div>  <div data-empty=\"0\" class=\"ti-review-item source-Airbnb ti-image-layout-thumbnail\" data-id=\"cfcd208495d565ef66e7dff9f98764da\" > <div class=\"ti-inner\"> <div class=\"ti-review-header\"> <trustindex-image class=\"ti-platform-icon\" data-imgurl=\"https:\/\/cdn.trustindex.io\/assets\/platform\/Airbnb\/icon.svg\" alt=\"Airbnb\" width=\"20\" height=\"20\" loading=\"lazy\" ><\/trustindex-image> <div class=\"ti-profile-img\"> <trustindex-image data-imgurl=\"https:\/\/a0.muscache.com\/im\/pictures\/user\/9a713ce9-0d36-42b7-82c6-9d9f09d99803.jpg\" data-imgurlset=\"https:\/\/a0.muscache.com\/im\/pictures\/user\/9a713ce9-0d36-42b7-82c6-9d9f09d99803.jpg 2x\" alt=\"Guntida\" loading=\"lazy\" ><\/trustindex-image> <\/div> <div class=\"ti-profile-details\"> <div class=\"ti-name\"> Guntida <\/div> <div class=\"ti-date\">2025-08-31<\/div> <\/div> <\/div> <span class=\"ti-stars\"><trustindex-image class=\"ti-star\" data-imgurl=\"https:\/\/cdn.trustindex.io\/assets\/platform\/Airbnb\/star\/f.svg\" alt=\"Airbnb\" width=\"17\" height=\"17\" loading=\"lazy\" ><\/trustindex-image><trustindex-image class=\"ti-star\" data-imgurl=\"https:\/\/cdn.trustindex.io\/assets\/platform\/Airbnb\/star\/f.svg\" alt=\"Airbnb\" width=\"17\" height=\"17\" loading=\"lazy\" ><\/trustindex-image><trustindex-image class=\"ti-star\" data-imgurl=\"https:\/\/cdn.trustindex.io\/assets\/platform\/Airbnb\/star\/f.svg\" alt=\"Airbnb\" width=\"17\" height=\"17\" loading=\"lazy\" ><\/trustindex-image><trustindex-image class=\"ti-star\" data-imgurl=\"https:\/\/cdn.trustindex.io\/assets\/platform\/Airbnb\/star\/f.svg\" alt=\"Airbnb\" width=\"17\" height=\"17\" loading=\"lazy\" ><\/trustindex-image><trustindex-image class=\"ti-star\" data-imgurl=\"https:\/\/cdn.trustindex.io\/assets\/platform\/Airbnb\/star\/f.svg\" alt=\"Airbnb\" width=\"17\" height=\"17\" loading=\"lazy\" ><\/trustindex-image><span class=\"ti-verified-review\"><span class=\"ti-verified-tooltip\">Verifiziert<\/span><\/span><\/span> <div class=\"ti-review-text-container ti-review-content\"><!-- R-CONTENT -->Super netter Gastgeber :) Wohnung war wie beschrieben.Schnelle und freundliche Antwort auf Nachrichten. War alles super!<!-- R-CONTENT --><\/div> <span class=\"ti-read-more\" data-container=\".ti-review-content\" data-collapse-text=\"Ausblenden\" data-open-text=\"Weiterlesen\" ><\/span> <\/div> <\/div>  <div data-empty=\"0\" class=\"ti-review-item source-Airbnb ti-image-layout-thumbnail\" data-id=\"cfcd208495d565ef66e7dff9f98764da\" > <div class=\"ti-inner\"> <div class=\"ti-review-header\"> <trustindex-image class=\"ti-platform-icon\" data-imgurl=\"https:\/\/cdn.trustindex.io\/assets\/platform\/Airbnb\/icon.svg\" alt=\"Airbnb\" width=\"20\" height=\"20\" loading=\"lazy\" ><\/trustindex-image> <div class=\"ti-profile-img\"> <trustindex-image data-imgurl=\"https:\/\/a0.muscache.com\/im\/pictures\/user\/User\/original\/2bac8e9d-62e9-48a5-a06c-f46d92703c52.jpeg\" data-imgurlset=\"https:\/\/a0.muscache.com\/im\/pictures\/user\/User\/original\/2bac8e9d-62e9-48a5-a06c-f46d92703c52.jpeg 2x\" alt=\"Mita\" loading=\"lazy\" ><\/trustindex-image> <\/div> <div class=\"ti-profile-details\"> <div class=\"ti-name\"> Mita <\/div> <div class=\"ti-date\">2025-08-28<\/div> <\/div> <\/div> <span class=\"ti-stars\"><trustindex-image class=\"ti-star\" data-imgurl=\"https:\/\/cdn.trustindex.io\/assets\/platform\/Airbnb\/star\/f.svg\" alt=\"Airbnb\" width=\"17\" height=\"17\" loading=\"lazy\" ><\/trustindex-image><trustindex-image class=\"ti-star\" data-imgurl=\"https:\/\/cdn.trustindex.io\/assets\/platform\/Airbnb\/star\/f.svg\" alt=\"Airbnb\" width=\"17\" height=\"17\" loading=\"lazy\" ><\/trustindex-image><trustindex-image class=\"ti-star\" data-imgurl=\"https:\/\/cdn.trustindex.io\/assets\/platform\/Airbnb\/star\/f.svg\" alt=\"Airbnb\" width=\"17\" height=\"17\" loading=\"lazy\" ><\/trustindex-image><trustindex-image class=\"ti-star\" data-imgurl=\"https:\/\/cdn.trustindex.io\/assets\/platform\/Airbnb\/star\/f.svg\" alt=\"Airbnb\" width=\"17\" height=\"17\" loading=\"lazy\" ><\/trustindex-image><trustindex-image class=\"ti-star\" data-imgurl=\"https:\/\/cdn.trustindex.io\/assets\/platform\/Airbnb\/star\/f.svg\" alt=\"Airbnb\" width=\"17\" height=\"17\" loading=\"lazy\" ><\/trustindex-image><span class=\"ti-verified-review\"><span class=\"ti-verified-tooltip\">Verifiziert<\/span><\/span><\/span> <div class=\"ti-review-text-container ti-review-content\"><!-- R-CONTENT -->Siamo tornati nell\u2019appartamento di Arnold perch\u00e9 sapevamo che c\u2019era tutto quello di cui avevamo bisogno per concludere il nostro viaggio. Abbiamo soggiornato qui quasi un mese fa.Letti comodissimi e lenzuola pulite e profumate. All\u2019arrivo sembra di essere in albergo\u2026 tutto curato e bello da vedere\u2026 grazie!<!-- R-CONTENT --><\/div> <span class=\"ti-read-more\" data-container=\".ti-review-content\" data-collapse-text=\"Ausblenden\" data-open-text=\"Weiterlesen\" ><\/span> <\/div> <\/div>  <div data-empty=\"0\" class=\"ti-review-item source-Airbnb ti-image-layout-thumbnail\" data-id=\"cfcd208495d565ef66e7dff9f98764da\" > <div class=\"ti-inner\"> <div class=\"ti-review-header\"> <trustindex-image class=\"ti-platform-icon\" data-imgurl=\"https:\/\/cdn.trustindex.io\/assets\/platform\/Airbnb\/icon.svg\" alt=\"Airbnb\" width=\"20\" height=\"20\" loading=\"lazy\" ><\/trustindex-image> <div class=\"ti-profile-img\"> <trustindex-image data-imgurl=\"https:\/\/a0.muscache.com\/im\/pictures\/user\/8fea3f8c-2ab5-45cc-8cc0-13ebd18cb8ac.jpg\" data-imgurlset=\"https:\/\/a0.muscache.com\/im\/pictures\/user\/8fea3f8c-2ab5-45cc-8cc0-13ebd18cb8ac.jpg 2x\" alt=\"Sandy\" loading=\"lazy\" ><\/trustindex-image> <\/div> <div class=\"ti-profile-details\"> <div class=\"ti-name\"> Sandy <\/div> <div class=\"ti-date\">2025-08-22<\/div> <\/div> <\/div> <span class=\"ti-stars\"><trustindex-image class=\"ti-star\" data-imgurl=\"https:\/\/cdn.trustindex.io\/assets\/platform\/Airbnb\/star\/f.svg\" alt=\"Airbnb\" width=\"17\" height=\"17\" loading=\"lazy\" ><\/trustindex-image><trustindex-image class=\"ti-star\" data-imgurl=\"https:\/\/cdn.trustindex.io\/assets\/platform\/Airbnb\/star\/f.svg\" alt=\"Airbnb\" width=\"17\" height=\"17\" loading=\"lazy\" ><\/trustindex-image><trustindex-image class=\"ti-star\" data-imgurl=\"https:\/\/cdn.trustindex.io\/assets\/platform\/Airbnb\/star\/f.svg\" alt=\"Airbnb\" width=\"17\" height=\"17\" loading=\"lazy\" ><\/trustindex-image><trustindex-image class=\"ti-star\" data-imgurl=\"https:\/\/cdn.trustindex.io\/assets\/platform\/Airbnb\/star\/f.svg\" alt=\"Airbnb\" width=\"17\" height=\"17\" loading=\"lazy\" ><\/trustindex-image><trustindex-image class=\"ti-star\" data-imgurl=\"https:\/\/cdn.trustindex.io\/assets\/platform\/Airbnb\/star\/f.svg\" alt=\"Airbnb\" width=\"17\" height=\"17\" loading=\"lazy\" ><\/trustindex-image><span class=\"ti-verified-review\"><span class=\"ti-verified-tooltip\">Verifiziert<\/span><\/span><\/span> <div class=\"ti-review-text-container ti-review-content\"><!-- R-CONTENT -->Wir wurden sehr herzlich empfangen. Die Wohnung hat einen wunderbaren Ausblick und lag f\u00fcr uns super auf dem Weg. Die Umgebung ist toll, v.a. die spontane Wanderung auf den Rauhen Kulm. Es war toll, vielen Dank f\u00fcr die Gastfreundschaft.<!-- R-CONTENT --><\/div> <span class=\"ti-read-more\" data-container=\".ti-review-content\" data-collapse-text=\"Ausblenden\" data-open-text=\"Weiterlesen\" ><\/span> <\/div> <\/div>  <\/div> <div class=\"ti-controls-line\"> <div class=\"dot\"><\/div> <\/div>   <\/div> <\/div> <\/div> <\/template><\/pre><div data-src=\"https:\/\/cdn.trustindex.io\/loader.js?wp-widget\" data-template-id=\"trustindex-airbnb-widget-html\" data-css-url=\"https:\/\/fewo-am-rauhen-kulm.de\/wp-content\/uploads\/trustindex-airbnb-widget.css?1732722972\"><\/div><\/div>\n\t\t\t\t\t\t<\/div>\n\t\t\t\t<\/div>\n\t\t\t\t\t<\/div>\n\t\t\t\t<\/div>\n\t\t\t\t<\/div>","protected":false},"excerpt":{"rendered":"<p>Suchen Sie nach einer Pause vom Alltag? Unsere gem\u00fctliche Ferienwohnung am Rauhen Kulm bietet Familien den perfekten R\u00fcckzugsort inmitten der Natur. Erleben Sie unvergessliche Abenteuer und entspannen Sie in idyllischer Umgebung.<\/p>","protected":false},"author":1,"featured_media":2458,"comment_status":"closed","ping_status":"open","sticky":false,"template":"elementor_theme","format":"standard","meta":{"_monsterinsights_skip_tracking":false,"_monsterinsights_sitenote_active":false,"_monsterinsights_sitenote_note":"","_monsterinsights_sitenote_category":0,"footnotes":""},"categories":[1],"tags":[29,28,31,32,34,30,33,35],"class_list":["post-2708","post","type-post","status-publish","format-standard","has-post-thumbnail","hentry","category-blog","tag-basislager","tag-ferienwohnung","tag-fichtelgebirge","tag-herbst","tag-oberpfaelzer-wald","tag-rauher-kulm","tag-urlaub","tag-waldnaab"],"yoast_head":"<!-- This site is optimized with the Yoast SEO Premium plugin v24.1 (Yoast SEO v24.2) - https:\/\/yoast.com\/wordpress\/plugins\/seo\/ -->\n<title>Auszeit f\u00fcr die ganze Familie: Idyllische Ferienwohnung auf dem Land<\/title>\n<meta name=\"description\" content=\"Suchen Sie nach einer Pause vom Alltag? Unsere gem\u00fctliche Ferienwohnung am Rauhen Kulm bietet Familien den perfekten R\u00fcckzugsort inmitten der Natur. Erleben Sie unvergessliche Abenteuer und entspannen Sie in idyllischer Umgebung.\" \/>\n<meta name=\"robots\" content=\"index, follow, max-snippet:-1, max-image-preview:large, max-video-preview:-1\" \/>\n<link rel=\"canonical\" href=\"https:\/\/fewo-am-rauhen-kulm.de\/pl\/auszeit-fur-die-ganze-familie-idyllische-ferienwohnung-auf-dem-land\/\" \/>\n<meta property=\"og:locale\" content=\"pl_PL\" \/>\n<meta property=\"og:type\" content=\"article\" \/>\n<meta property=\"og:title\" content=\"Familienurlaub Fichtelgebirge: Ferienwohnung am Rauhen Kulm\" \/>\n<meta property=\"og:description\" content=\"Buchen Sie Ihre Auszeit in der Natur. Ideal f\u00fcr Familien!\" \/>\n<meta property=\"og:url\" content=\"https:\/\/fewo-am-rauhen-kulm.de\/pl\/auszeit-fur-die-ganze-familie-idyllische-ferienwohnung-auf-dem-land\/\" \/>\n<meta property=\"og:site_name\" content=\"Ferienwohnung\" \/>\n<meta property=\"article:published_time\" content=\"2024-10-11T14:47:02+00:00\" \/>\n<meta property=\"article:modified_time\" content=\"2024-10-17T13:54:04+00:00\" \/>\n<meta property=\"og:image\" content=\"https:\/\/fewo-am-rauhen-kulm.de\/wp-content\/uploads\/2024\/09\/csm__MG_8461-Bearbeitet_454384f05f-1.webp\" \/>\n\t<meta property=\"og:image:width\" content=\"1235\" \/>\n\t<meta property=\"og:image:height\" content=\"1235\" \/>\n\t<meta property=\"og:image:type\" content=\"image\/webp\" \/>\n<meta name=\"author\" content=\"AbsoluteGravity\" \/>\n<meta name=\"twitter:card\" content=\"summary_large_image\" \/>\n<meta name=\"twitter:title\" content=\"Familienurlaub Fichtelgebirge: Ferienwohnung am Rauhen Kulm\" \/>\n<meta name=\"twitter:description\" content=\"Buchen Sie Ihre Auszeit in der Natur. Ideal f\u00fcr Familien!\" \/>\n<meta name=\"twitter:label1\" content=\"Napisane przez\" \/>\n\t<meta name=\"twitter:data1\" content=\"AbsoluteGravity\" \/>\n\t<meta name=\"twitter:label2\" content=\"Szacowany czas czytania\" \/>\n\t<meta name=\"twitter:data2\" content=\"2 minuty\" \/>\n<script type=\"application\/ld+json\" class=\"yoast-schema-graph\">{\"@context\":\"https:\/\/schema.org\",\"@graph\":[{\"@type\":\"Article\",\"@id\":\"https:\/\/fewo-am-rauhen-kulm.de\/auszeit-fur-die-ganze-familie-idyllische-ferienwohnung-auf-dem-land\/#article\",\"isPartOf\":{\"@id\":\"https:\/\/fewo-am-rauhen-kulm.de\/auszeit-fur-die-ganze-familie-idyllische-ferienwohnung-auf-dem-land\/\"},\"author\":{\"name\":\"AbsoluteGravity\",\"@id\":\"https:\/\/fewo-am-rauhen-kulm.de\/#\/schema\/person\/1399531c1585af7f9636c4712262fa99\"},\"headline\":\"Auszeit f\u00fcr die ganze Familie: Idyllische Ferienwohnung auf dem Land\",\"datePublished\":\"2024-10-11T14:47:02+00:00\",\"dateModified\":\"2024-10-17T13:54:04+00:00\",\"mainEntityOfPage\":{\"@id\":\"https:\/\/fewo-am-rauhen-kulm.de\/auszeit-fur-die-ganze-familie-idyllische-ferienwohnung-auf-dem-land\/\"},\"wordCount\":330,\"publisher\":{\"@id\":\"https:\/\/fewo-am-rauhen-kulm.de\/#organization\"},\"image\":{\"@id\":\"https:\/\/fewo-am-rauhen-kulm.de\/auszeit-fur-die-ganze-familie-idyllische-ferienwohnung-auf-dem-land\/#primaryimage\"},\"thumbnailUrl\":\"https:\/\/fewo-am-rauhen-kulm.de\/wp-content\/uploads\/2024\/09\/csm__MG_8461-Bearbeitet_454384f05f-1.webp\",\"keywords\":[\"Basislager\",\"Ferienwohnung\",\"Fichtelgebirge\",\"Herbst\",\"Oberpf\u00e4lzer Wald\",\"Rauher Kulm\",\"Urlaub\",\"Waldnaab\"],\"articleSection\":[\"Blog\"],\"inLanguage\":\"pl-PL\"},{\"@type\":\"WebPage\",\"@id\":\"https:\/\/fewo-am-rauhen-kulm.de\/auszeit-fur-die-ganze-familie-idyllische-ferienwohnung-auf-dem-land\/\",\"url\":\"https:\/\/fewo-am-rauhen-kulm.de\/auszeit-fur-die-ganze-familie-idyllische-ferienwohnung-auf-dem-land\/\",\"name\":\"Auszeit f\u00fcr die ganze Familie: Idyllische Ferienwohnung auf dem Land\",\"isPartOf\":{\"@id\":\"https:\/\/fewo-am-rauhen-kulm.de\/#website\"},\"primaryImageOfPage\":{\"@id\":\"https:\/\/fewo-am-rauhen-kulm.de\/auszeit-fur-die-ganze-familie-idyllische-ferienwohnung-auf-dem-land\/#primaryimage\"},\"image\":{\"@id\":\"https:\/\/fewo-am-rauhen-kulm.de\/auszeit-fur-die-ganze-familie-idyllische-ferienwohnung-auf-dem-land\/#primaryimage\"},\"thumbnailUrl\":\"https:\/\/fewo-am-rauhen-kulm.de\/wp-content\/uploads\/2024\/09\/csm__MG_8461-Bearbeitet_454384f05f-1.webp\",\"datePublished\":\"2024-10-11T14:47:02+00:00\",\"dateModified\":\"2024-10-17T13:54:04+00:00\",\"description\":\"Suchen Sie nach einer Pause vom Alltag? Unsere gem\u00fctliche Ferienwohnung am Rauhen Kulm bietet Familien den perfekten R\u00fcckzugsort inmitten der Natur. Erleben Sie unvergessliche Abenteuer und entspannen Sie in idyllischer Umgebung.\",\"breadcrumb\":{\"@id\":\"https:\/\/fewo-am-rauhen-kulm.de\/auszeit-fur-die-ganze-familie-idyllische-ferienwohnung-auf-dem-land\/#breadcrumb\"},\"inLanguage\":\"pl-PL\",\"potentialAction\":[{\"@type\":\"ReadAction\",\"target\":[\"https:\/\/fewo-am-rauhen-kulm.de\/auszeit-fur-die-ganze-familie-idyllische-ferienwohnung-auf-dem-land\/\"]}]},{\"@type\":\"ImageObject\",\"inLanguage\":\"pl-PL\",\"@id\":\"https:\/\/fewo-am-rauhen-kulm.de\/auszeit-fur-die-ganze-familie-idyllische-ferienwohnung-auf-dem-land\/#primaryimage\",\"url\":\"https:\/\/fewo-am-rauhen-kulm.de\/wp-content\/uploads\/2024\/09\/csm__MG_8461-Bearbeitet_454384f05f-1.webp\",\"contentUrl\":\"https:\/\/fewo-am-rauhen-kulm.de\/wp-content\/uploads\/2024\/09\/csm__MG_8461-Bearbeitet_454384f05f-1.webp\",\"width\":1235,\"height\":1235,\"caption\":\"Ruine auf einem Felsen mit Sonnenuntergang im Hintergrund.\"},{\"@type\":\"BreadcrumbList\",\"@id\":\"https:\/\/fewo-am-rauhen-kulm.de\/auszeit-fur-die-ganze-familie-idyllische-ferienwohnung-auf-dem-land\/#breadcrumb\",\"itemListElement\":[{\"@type\":\"ListItem\",\"position\":1,\"name\":\"Startseite\",\"item\":\"https:\/\/fewo-am-rauhen-kulm.de\/\"},{\"@type\":\"ListItem\",\"position\":2,\"name\":\"Auszeit f\u00fcr die ganze Familie: Idyllische Ferienwohnung auf dem Land\"}]},{\"@type\":\"WebSite\",\"@id\":\"https:\/\/fewo-am-rauhen-kulm.de\/#website\",\"url\":\"https:\/\/fewo-am-rauhen-kulm.de\/\",\"name\":\"Ferienwohnung am Rauhen Kulm\",\"description\":\"Unterkunft in Neustadt am Kulm\",\"publisher\":{\"@id\":\"https:\/\/fewo-am-rauhen-kulm.de\/#organization\"},\"alternateName\":\"Urlaub in Neustadt am Kulm\",\"potentialAction\":[{\"@type\":\"SearchAction\",\"target\":{\"@type\":\"EntryPoint\",\"urlTemplate\":\"https:\/\/fewo-am-rauhen-kulm.de\/?s={search_term_string}\"},\"query-input\":{\"@type\":\"PropertyValueSpecification\",\"valueRequired\":true,\"valueName\":\"search_term_string\"}}],\"inLanguage\":\"pl-PL\"},{\"@type\":\"Organization\",\"@id\":\"https:\/\/fewo-am-rauhen-kulm.de\/#organization\",\"name\":\"Ferienwohnung am Rauhen Kulm\",\"url\":\"https:\/\/fewo-am-rauhen-kulm.de\/\",\"logo\":{\"@type\":\"ImageObject\",\"inLanguage\":\"pl-PL\",\"@id\":\"https:\/\/fewo-am-rauhen-kulm.de\/#\/schema\/logo\/image\/\",\"url\":\"https:\/\/fewo-am-rauhen-kulm.de\/wp-content\/uploads\/2024\/06\/Unbenannt-1.jpg\",\"contentUrl\":\"https:\/\/fewo-am-rauhen-kulm.de\/wp-content\/uploads\/2024\/06\/Unbenannt-1.jpg\",\"width\":800,\"height\":620,\"caption\":\"Ferienwohnung am Rauhen Kulm\"},\"image\":{\"@id\":\"https:\/\/fewo-am-rauhen-kulm.de\/#\/schema\/logo\/image\/\"},\"email\":\"info@fewo-am-rauhen-kulm.de\"},{\"@type\":\"Person\",\"@id\":\"https:\/\/fewo-am-rauhen-kulm.de\/#\/schema\/person\/1399531c1585af7f9636c4712262fa99\",\"name\":\"AbsoluteGravity\",\"image\":{\"@type\":\"ImageObject\",\"inLanguage\":\"pl-PL\",\"@id\":\"https:\/\/fewo-am-rauhen-kulm.de\/#\/schema\/person\/image\/\",\"url\":\"https:\/\/secure.gravatar.com\/avatar\/1e840d282d0425f458e9d9a566e20db444da3c3fb963c3b903f257abd5fc4b81?s=96&d=mm&r=g\",\"contentUrl\":\"https:\/\/secure.gravatar.com\/avatar\/1e840d282d0425f458e9d9a566e20db444da3c3fb963c3b903f257abd5fc4b81?s=96&d=mm&r=g\",\"caption\":\"AbsoluteGravity\"},\"sameAs\":[\"http:\/\/fewo-am-rauhen-kulm.de\"],\"url\":\"https:\/\/fewo-am-rauhen-kulm.de\/pl\/author\/absolutegravity\/\"}]}<\/script>\n<!-- \/ Yoast SEO Premium plugin. -->","yoast_head_json":{"title":"Auszeit f\u00fcr die ganze Familie: Idyllische Ferienwohnung auf dem Land","description":"Suchen Sie nach einer Pause vom Alltag? Unsere gem\u00fctliche Ferienwohnung am Rauhen Kulm bietet Familien den perfekten R\u00fcckzugsort inmitten der Natur. Erleben Sie unvergessliche Abenteuer und entspannen Sie in idyllischer Umgebung.","robots":{"index":"index","follow":"follow","max-snippet":"max-snippet:-1","max-image-preview":"max-image-preview:large","max-video-preview":"max-video-preview:-1"},"canonical":"https:\/\/fewo-am-rauhen-kulm.de\/pl\/auszeit-fur-die-ganze-familie-idyllische-ferienwohnung-auf-dem-land\/","og_locale":"pl_PL","og_type":"article","og_title":"Familienurlaub Fichtelgebirge: Ferienwohnung am Rauhen Kulm","og_description":"Buchen Sie Ihre Auszeit in der Natur. Ideal f\u00fcr Familien!","og_url":"https:\/\/fewo-am-rauhen-kulm.de\/pl\/auszeit-fur-die-ganze-familie-idyllische-ferienwohnung-auf-dem-land\/","og_site_name":"Ferienwohnung","article_published_time":"2024-10-11T14:47:02+00:00","article_modified_time":"2024-10-17T13:54:04+00:00","og_image":[{"width":1235,"height":1235,"url":"https:\/\/fewo-am-rauhen-kulm.de\/wp-content\/uploads\/2024\/09\/csm__MG_8461-Bearbeitet_454384f05f-1.webp","type":"image\/webp"}],"author":"AbsoluteGravity","twitter_card":"summary_large_image","twitter_title":"Familienurlaub Fichtelgebirge: Ferienwohnung am Rauhen Kulm","twitter_description":"Buchen Sie Ihre Auszeit in der Natur. Ideal f\u00fcr Familien!","twitter_misc":{"Napisane przez":"AbsoluteGravity","Szacowany czas czytania":"2 minuty"},"schema":{"@context":"https:\/\/schema.org","@graph":[{"@type":"Article","@id":"https:\/\/fewo-am-rauhen-kulm.de\/auszeit-fur-die-ganze-familie-idyllische-ferienwohnung-auf-dem-land\/#article","isPartOf":{"@id":"https:\/\/fewo-am-rauhen-kulm.de\/auszeit-fur-die-ganze-familie-idyllische-ferienwohnung-auf-dem-land\/"},"author":{"name":"AbsoluteGravity","@id":"https:\/\/fewo-am-rauhen-kulm.de\/#\/schema\/person\/1399531c1585af7f9636c4712262fa99"},"headline":"Auszeit f\u00fcr die ganze Familie: Idyllische Ferienwohnung auf dem Land","datePublished":"2024-10-11T14:47:02+00:00","dateModified":"2024-10-17T13:54:04+00:00","mainEntityOfPage":{"@id":"https:\/\/fewo-am-rauhen-kulm.de\/auszeit-fur-die-ganze-familie-idyllische-ferienwohnung-auf-dem-land\/"},"wordCount":330,"publisher":{"@id":"https:\/\/fewo-am-rauhen-kulm.de\/#organization"},"image":{"@id":"https:\/\/fewo-am-rauhen-kulm.de\/auszeit-fur-die-ganze-familie-idyllische-ferienwohnung-auf-dem-land\/#primaryimage"},"thumbnailUrl":"https:\/\/fewo-am-rauhen-kulm.de\/wp-content\/uploads\/2024\/09\/csm__MG_8461-Bearbeitet_454384f05f-1.webp","keywords":["Basislager","Ferienwohnung","Fichtelgebirge","Herbst","Oberpf\u00e4lzer Wald","Rauher Kulm","Urlaub","Waldnaab"],"articleSection":["Blog"],"inLanguage":"pl-PL"},{"@type":"WebPage","@id":"https:\/\/fewo-am-rauhen-kulm.de\/auszeit-fur-die-ganze-familie-idyllische-ferienwohnung-auf-dem-land\/","url":"https:\/\/fewo-am-rauhen-kulm.de\/auszeit-fur-die-ganze-familie-idyllische-ferienwohnung-auf-dem-land\/","name":"Auszeit f\u00fcr die ganze Familie: Idyllische Ferienwohnung auf dem Land","isPartOf":{"@id":"https:\/\/fewo-am-rauhen-kulm.de\/#website"},"primaryImageOfPage":{"@id":"https:\/\/fewo-am-rauhen-kulm.de\/auszeit-fur-die-ganze-familie-idyllische-ferienwohnung-auf-dem-land\/#primaryimage"},"image":{"@id":"https:\/\/fewo-am-rauhen-kulm.de\/auszeit-fur-die-ganze-familie-idyllische-ferienwohnung-auf-dem-land\/#primaryimage"},"thumbnailUrl":"https:\/\/fewo-am-rauhen-kulm.de\/wp-content\/uploads\/2024\/09\/csm__MG_8461-Bearbeitet_454384f05f-1.webp","datePublished":"2024-10-11T14:47:02+00:00","dateModified":"2024-10-17T13:54:04+00:00","description":"Suchen Sie nach einer Pause vom Alltag? Unsere gem\u00fctliche Ferienwohnung am Rauhen Kulm bietet Familien den perfekten R\u00fcckzugsort inmitten der Natur. Erleben Sie unvergessliche Abenteuer und entspannen Sie in idyllischer Umgebung.","breadcrumb":{"@id":"https:\/\/fewo-am-rauhen-kulm.de\/auszeit-fur-die-ganze-familie-idyllische-ferienwohnung-auf-dem-land\/#breadcrumb"},"inLanguage":"pl-PL","potentialAction":[{"@type":"ReadAction","target":["https:\/\/fewo-am-rauhen-kulm.de\/auszeit-fur-die-ganze-familie-idyllische-ferienwohnung-auf-dem-land\/"]}]},{"@type":"ImageObject","inLanguage":"pl-PL","@id":"https:\/\/fewo-am-rauhen-kulm.de\/auszeit-fur-die-ganze-familie-idyllische-ferienwohnung-auf-dem-land\/#primaryimage","url":"https:\/\/fewo-am-rauhen-kulm.de\/wp-content\/uploads\/2024\/09\/csm__MG_8461-Bearbeitet_454384f05f-1.webp","contentUrl":"https:\/\/fewo-am-rauhen-kulm.de\/wp-content\/uploads\/2024\/09\/csm__MG_8461-Bearbeitet_454384f05f-1.webp","width":1235,"height":1235,"caption":"Ruine auf einem Felsen mit Sonnenuntergang im Hintergrund."},{"@type":"BreadcrumbList","@id":"https:\/\/fewo-am-rauhen-kulm.de\/auszeit-fur-die-ganze-familie-idyllische-ferienwohnung-auf-dem-land\/#breadcrumb","itemListElement":[{"@type":"ListItem","position":1,"name":"Startseite","item":"https:\/\/fewo-am-rauhen-kulm.de\/"},{"@type":"ListItem","position":2,"name":"Auszeit f\u00fcr die ganze Familie: Idyllische Ferienwohnung auf dem Land"}]},{"@type":"WebSite","@id":"https:\/\/fewo-am-rauhen-kulm.de\/#website","url":"https:\/\/fewo-am-rauhen-kulm.de\/","name":"Ferienwohnung am Rauhen Kulm","description":"Unterkunft in Neustadt am Kulm","publisher":{"@id":"https:\/\/fewo-am-rauhen-kulm.de\/#organization"},"alternateName":"Urlaub in Neustadt am Kulm","potentialAction":[{"@type":"SearchAction","target":{"@type":"EntryPoint","urlTemplate":"https:\/\/fewo-am-rauhen-kulm.de\/?s={search_term_string}"},"query-input":{"@type":"PropertyValueSpecification","valueRequired":true,"valueName":"search_term_string"}}],"inLanguage":"pl-PL"},{"@type":"Organization","@id":"https:\/\/fewo-am-rauhen-kulm.de\/#organization","name":"Ferienwohnung am Rauhen Kulm","url":"https:\/\/fewo-am-rauhen-kulm.de\/","logo":{"@type":"ImageObject","inLanguage":"pl-PL","@id":"https:\/\/fewo-am-rauhen-kulm.de\/#\/schema\/logo\/image\/","url":"https:\/\/fewo-am-rauhen-kulm.de\/wp-content\/uploads\/2024\/06\/Unbenannt-1.jpg","contentUrl":"https:\/\/fewo-am-rauhen-kulm.de\/wp-content\/uploads\/2024\/06\/Unbenannt-1.jpg","width":800,"height":620,"caption":"Ferienwohnung am Rauhen Kulm"},"image":{"@id":"https:\/\/fewo-am-rauhen-kulm.de\/#\/schema\/logo\/image\/"},"email":"info@fewo-am-rauhen-kulm.de"},{"@type":"Person","@id":"https:\/\/fewo-am-rauhen-kulm.de\/#\/schema\/person\/1399531c1585af7f9636c4712262fa99","name":"AbsoluteGravity","image":{"@type":"ImageObject","inLanguage":"pl-PL","@id":"https:\/\/fewo-am-rauhen-kulm.de\/#\/schema\/person\/image\/","url":"https:\/\/secure.gravatar.com\/avatar\/1e840d282d0425f458e9d9a566e20db444da3c3fb963c3b903f257abd5fc4b81?s=96&d=mm&r=g","contentUrl":"https:\/\/secure.gravatar.com\/avatar\/1e840d282d0425f458e9d9a566e20db444da3c3fb963c3b903f257abd5fc4b81?s=96&d=mm&r=g","caption":"AbsoluteGravity"},"sameAs":["http:\/\/fewo-am-rauhen-kulm.de"],"url":"https:\/\/fewo-am-rauhen-kulm.de\/pl\/author\/absolutegravity\/"}]}},"_links":{"self":[{"href":"https:\/\/fewo-am-rauhen-kulm.de\/pl\/wp-json\/wp\/v2\/posts\/2708","targetHints":{"allow":["GET"]}}],"collection":[{"href":"https:\/\/fewo-am-rauhen-kulm.de\/pl\/wp-json\/wp\/v2\/posts"}],"about":[{"href":"https:\/\/fewo-am-rauhen-kulm.de\/pl\/wp-json\/wp\/v2\/types\/post"}],"author":[{"embeddable":true,"href":"https:\/\/fewo-am-rauhen-kulm.de\/pl\/wp-json\/wp\/v2\/users\/1"}],"replies":[{"embeddable":true,"href":"https:\/\/fewo-am-rauhen-kulm.de\/pl\/wp-json\/wp\/v2\/comments?post=2708"}],"version-history":[{"count":0,"href":"https:\/\/fewo-am-rauhen-kulm.de\/pl\/wp-json\/wp\/v2\/posts\/2708\/revisions"}],"wp:featuredmedia":[{"embeddable":true,"href":"https:\/\/fewo-am-rauhen-kulm.de\/pl\/wp-json\/wp\/v2\/media\/2458"}],"wp:attachment":[{"href":"https:\/\/fewo-am-rauhen-kulm.de\/pl\/wp-json\/wp\/v2\/media?parent=2708"}],"wp:term":[{"taxonomy":"category","embeddable":true,"href":"https:\/\/fewo-am-rauhen-kulm.de\/pl\/wp-json\/wp\/v2\/categories?post=2708"},{"taxonomy":"post_tag","embeddable":true,"href":"https:\/\/fewo-am-rauhen-kulm.de\/pl\/wp-json\/wp\/v2\/tags?post=2708"}],"curies":[{"name":"wp","href":"https:\/\/api.w.org\/{rel}","templated":true}]}}