{"id":3072,"date":"2024-11-21T12:51:38","date_gmt":"2024-11-21T11:51:38","guid":{"rendered":"https:\/\/fewo-am-rauhen-kulm.de\/?p=3072"},"modified":"2024-11-21T15:59:50","modified_gmt":"2024-11-21T14:59:50","slug":"auszeit-fuer-die-ganze-familie-idyllische-ferienwohnung-auf-dem-land","status":"publish","type":"post","link":"https:\/\/fewo-am-rauhen-kulm.de\/pl\/auszeit-fuer-die-ganze-familie-idyllische-ferienwohnung-auf-dem-land\/","title":{"rendered":"Urlaub vor der Haust\u00fcr \u2013 Meine pers\u00f6nlichen Entdeckungsreisen"},"content":{"rendered":"<div data-elementor-type=\"wp-post\" data-elementor-id=\"3072\" class=\"elementor elementor-3072\" data-elementor-post-type=\"post\">\n\t\t\t\t<div data-particle_enable=\"false\" data-particle-mobile-disabled=\"false\" class=\"elementor-element elementor-element-17513470 e-flex e-con-boxed e-con e-parent\" data-id=\"17513470\" data-element_type=\"container\">\n\t\t\t\t\t<div class=\"e-con-inner\">\n\t\t\t\t<div class=\"elementor-element elementor-element-0f50ac5 elementor-widget-divider--view-line elementor-widget elementor-widget-divider\" data-id=\"0f50ac5\" data-element_type=\"widget\" data-widget_type=\"divider.default\">\n\t\t\t\t<div class=\"elementor-widget-container\">\n\t\t\t\t\t\t\t<div class=\"elementor-divider\">\n\t\t\t<span class=\"elementor-divider-separator\">\n\t\t\t\t\t\t<\/span>\n\t\t<\/div>\n\t\t\t\t\t\t<\/div>\n\t\t\t\t<\/div>\n\t\t\t\t<div class=\"elementor-element elementor-element-b0c5575 elementor-widget elementor-widget-text-editor\" data-id=\"b0c5575\" data-element_type=\"widget\" data-widget_type=\"text-editor.default\">\n\t\t\t\t<div class=\"elementor-widget-container\">\n\t\t\t\t\t\t\t\t\t<p data-sourcepos=\"7:1-7:237\">Lange Zeit war ich auch der Meinung, dass ein echter Urlaub nur weit weg von zu Hause stattfinden kann. Doch dann habe ich angefangen, meine eigene Region mit ganz anderen Augen zu betrachten. Und was soll ich sagen? Ich war begeistert!<\/p>\n<p data-sourcepos=\"9:1-9:48\">\u00a0<\/p>\n<p><!-- \/wp:paragraph --><\/p>\t\t\t\t\t\t\t\t<\/div>\n\t\t\t\t<\/div>\n\t\t\t\t\t<\/div>\n\t\t\t\t<\/div>\n\t\t<div data-particle_enable=\"false\" data-particle-mobile-disabled=\"false\" class=\"elementor-element elementor-element-fba9bf9 e-flex e-con-boxed e-con e-parent\" data-id=\"fba9bf9\" data-element_type=\"container\">\n\t\t\t\t\t<div class=\"e-con-inner\">\n\t\t<div data-particle_enable=\"false\" data-particle-mobile-disabled=\"false\" class=\"elementor-element elementor-element-1a6b211 e-con-full e-flex e-con e-child\" data-id=\"1a6b211\" data-element_type=\"container\">\n\t\t\t\t<div class=\"elementor-element elementor-element-e5debcd elementor-widget__width-initial elementor-widget elementor-widget-text-editor\" data-id=\"e5debcd\" data-element_type=\"widget\" data-widget_type=\"text-editor.default\">\n\t\t\t\t<div class=\"elementor-widget-container\">\n\t\t\t\t\t\t\t\t\t<h3 style=\"font-family: -apple-system, BlinkMacSystemFont, 'Segoe UI', Roboto, 'Helvetica Neue', Arial, 'Noto Sans', sans-serif, 'Apple Color Emoji', 'Segoe UI Emoji', 'Segoe UI Symbol', 'Noto Color Emoji'; color: #333333;\" data-sourcepos=\"13:1-13:53\"><span style=\"font-weight: bolder;\">Meine Gr\u00fcnde f\u00fcr den Urlaub vor der Haust\u00fcr:<\/span><\/h3>\n<p>\u00a0<\/p>\n<ul data-sourcepos=\"22:1-22:24\">\n<li data-sourcepos=\"11:1-11:148\"><strong>Geld sparen:<\/strong> Wer braucht schon teure Fl\u00fcge und Hotels, wenn direkt vor der Haust\u00fcr traumhafte Landschaften und gem\u00fctliche Unterk\u00fcnfte warten?<\/li>\n<li data-sourcepos=\"12:1-12:123\"><strong>Umwelt schonen:<\/strong> Mit jedem Kilometer, den wir weniger fliegen oder fahren, tun wir etwas Gutes f\u00fcr unseren Planeten.<\/li>\n<li data-sourcepos=\"13:1-13:146\"><strong>Stress reduzieren:<\/strong> Lange Anreisen sind oft stressig. Bei einem Urlaub in der N\u00e4he kann ich einfach entspannen und die Seele baumeln lassen.<\/li>\n<li data-sourcepos=\"14:1-14:157\"><strong>Spontanit\u00e4t:<\/strong> Keine festen Pl\u00e4ne, keine langen Vorbereitungen \u2013 einfach losfahren und die Umgebung erkunden. Das liebe ich an Kurzurlauben in der N\u00e4he.<\/li>\n<li data-sourcepos=\"15:1-16:0\"><strong>Regionale Vielfalt:<\/strong> Ich habe so viele tolle Orte in meiner Region entdeckt, von denen ich vorher gar nichts wusste.<\/li>\n<li data-sourcepos=\"15:1-15:148\">\u00a0<\/li>\n<\/ul>\t\t\t\t\t\t\t\t<\/div>\n\t\t\t\t<\/div>\n\t\t\t\t<div class=\"elementor-element elementor-element-8c87914 elementor-widget elementor-widget-button\" data-id=\"8c87914\" data-element_type=\"widget\" data-widget_type=\"button.default\">\n\t\t\t\t<div class=\"elementor-widget-container\">\n\t\t\t\t\t\t\t\t\t<div class=\"elementor-button-wrapper\">\n\t\t\t\t\t<a class=\"elementor-button elementor-button-link elementor-size-sm\" href=\"https:\/\/www.fichtelgebirge.bayern\/\" target=\"_blank\">\n\t\t\t\t\t\t<span class=\"elementor-button-content-wrapper\">\n\t\t\t\t\t\t\t\t\t<span class=\"elementor-button-text\">Dowiedz si\u0119 wi\u0119cej<\/span>\n\t\t\t\t\t<\/span>\n\t\t\t\t\t<\/a>\n\t\t\t\t<\/div>\n\t\t\t\t\t\t\t\t<\/div>\n\t\t\t\t<\/div>\n\t\t\t\t<\/div>\n\t\t<div data-particle_enable=\"false\" data-particle-mobile-disabled=\"false\" class=\"elementor-element elementor-element-506c4a5 e-con-full e-flex e-con e-child\" data-id=\"506c4a5\" data-element_type=\"container\">\n\t\t\t\t<div class=\"elementor-element elementor-element-d483f8b elementor-widget elementor-widget-image\" data-id=\"d483f8b\" data-element_type=\"widget\" data-widget_type=\"image.default\">\n\t\t\t\t<div class=\"elementor-widget-container\">\n\t\t\t\t\t\t\t\t\t\t\t\t\t\t\t<img fetchpriority=\"high\" decoding=\"async\" width=\"768\" height=\"1024\" src=\"https:\/\/fewo-am-rauhen-kulm.de\/wp-content\/uploads\/2024\/11\/IMG_3235-768x1024.jpg\" class=\"attachment-large size-large wp-image-3075\" alt=\"Sonnenuntergang \u00fcber einem ruhigen Gew\u00e4sser mit reflektierendem Licht.\" srcset=\"https:\/\/fewo-am-rauhen-kulm.de\/wp-content\/uploads\/2024\/11\/IMG_3235-768x1024.jpg 768w, https:\/\/fewo-am-rauhen-kulm.de\/wp-content\/uploads\/2024\/11\/IMG_3235-225x300.jpg 225w, https:\/\/fewo-am-rauhen-kulm.de\/wp-content\/uploads\/2024\/11\/IMG_3235-1152x1536.jpg 1152w, https:\/\/fewo-am-rauhen-kulm.de\/wp-content\/uploads\/2024\/11\/IMG_3235-rotated.jpg 1512w\" sizes=\"(max-width: 768px) 100vw, 768px\" \/>\t\t\t\t\t\t\t\t\t\t\t\t\t\t\t<\/div>\n\t\t\t\t<\/div>\n\t\t\t\t<\/div>\n\t\t\t\t\t<\/div>\n\t\t\t\t<\/div>\n\t\t<div data-particle_enable=\"false\" data-particle-mobile-disabled=\"false\" class=\"elementor-element elementor-element-793df98 e-con-full e-flex e-con e-parent\" data-id=\"793df98\" data-element_type=\"container\" data-settings=\"{&quot;background_background&quot;:&quot;classic&quot;}\">\n\t\t<div data-particle_enable=\"false\" data-particle-mobile-disabled=\"false\" class=\"elementor-element elementor-element-c49fade e-con-full e-flex e-con e-child\" data-id=\"c49fade\" data-element_type=\"container\">\n\t\t\t\t<div class=\"elementor-element elementor-element-6a9fb1b elementor-widget elementor-widget-heading\" data-id=\"6a9fb1b\" data-element_type=\"widget\" data-widget_type=\"heading.default\">\n\t\t\t\t<div class=\"elementor-widget-container\">\n\t\t\t\t\t<h2 class=\"elementor-heading-title elementor-size-default\">Verborgene Sch\u00e4tze entdecken<\/h2>\t\t\t\t<\/div>\n\t\t\t\t<\/div>\n\t\t\t\t<div class=\"elementor-element elementor-element-e11f45d elementor-widget elementor-widget-text-editor\" data-id=\"e11f45d\" data-element_type=\"widget\" data-widget_type=\"text-editor.default\">\n\t\t\t\t<div class=\"elementor-widget-container\">\n\t\t\t\t\t\t\t\t\t<h3 data-sourcepos=\"29:1-29:50\">Es ist unglaublich, was man alles in der eigenen Umgebung finden kann. Ob idyllische Wanderwege, historische St\u00e4dte, gem\u00fctliche Caf\u00e9s oder versteckte Seen \u2013 die M\u00f6glichkeiten sind endlos.<\/h3><p data-sourcepos=\"21:1-21:47\">\u00a0<\/p>\t\t\t\t\t\t\t\t<\/div>\n\t\t\t\t<\/div>\n\t\t\t\t<\/div>\n\t\t\t\t<\/div>\n\t\t<div data-particle_enable=\"false\" data-particle-mobile-disabled=\"false\" class=\"elementor-element elementor-element-af33813 e-flex e-con-boxed e-con e-parent\" data-id=\"af33813\" data-element_type=\"container\">\n\t\t\t\t\t<div class=\"e-con-inner\">\n\t\t<div data-particle_enable=\"false\" data-particle-mobile-disabled=\"false\" class=\"elementor-element elementor-element-705bb70 e-con-full e-flex e-con e-child\" data-id=\"705bb70\" data-element_type=\"container\">\n\t\t\t\t<div class=\"elementor-element elementor-element-ad1d025 elementor-widget elementor-widget-image\" data-id=\"ad1d025\" data-element_type=\"widget\" data-widget_type=\"image.default\">\n\t\t\t\t<div class=\"elementor-widget-container\">\n\t\t\t\t\t\t\t\t\t\t\t\t\t\t\t<img decoding=\"async\" width=\"768\" height=\"1024\" src=\"https:\/\/fewo-am-rauhen-kulm.de\/wp-content\/uploads\/2024\/11\/IMG_0283-768x1024.jpg\" class=\"attachment-large size-large wp-image-3074\" alt=\"Ein Schotterweg f\u00fchrt zu einem H\u00fcgel mit einer Ruine auf der Spitze, umgeben von Feldern und B\u00e4umen.\" srcset=\"https:\/\/fewo-am-rauhen-kulm.de\/wp-content\/uploads\/2024\/11\/IMG_0283-768x1024.jpg 768w, https:\/\/fewo-am-rauhen-kulm.de\/wp-content\/uploads\/2024\/11\/IMG_0283-225x300.jpg 225w, https:\/\/fewo-am-rauhen-kulm.de\/wp-content\/uploads\/2024\/11\/IMG_0283-1152x1536.jpg 1152w, https:\/\/fewo-am-rauhen-kulm.de\/wp-content\/uploads\/2024\/11\/IMG_0283-rotated.jpg 1512w\" sizes=\"(max-width: 768px) 100vw, 768px\" \/>\t\t\t\t\t\t\t\t\t\t\t\t\t\t\t<\/div>\n\t\t\t\t<\/div>\n\t\t\t\t<\/div>\n\t\t<div data-particle_enable=\"false\" data-particle-mobile-disabled=\"false\" class=\"elementor-element elementor-element-1e6f94c e-con-full e-flex e-con e-child\" data-id=\"1e6f94c\" data-element_type=\"container\">\n\t\t\t\t<div class=\"elementor-element elementor-element-01507d6 elementor-widget__width-initial elementor-widget elementor-widget-text-editor\" data-id=\"01507d6\" data-element_type=\"widget\" data-widget_type=\"text-editor.default\">\n\t\t\t\t<div class=\"elementor-widget-container\">\n\t\t\t\t\t\t\t\t\t<h3 style=\"font-family: -apple-system, BlinkMacSystemFont, 'Segoe UI', Roboto, 'Helvetica Neue', Arial, 'Noto Sans', sans-serif, 'Apple Color Emoji', 'Segoe UI Emoji', 'Segoe UI Symbol', 'Noto Color Emoji'; color: #333333;\" data-sourcepos=\"13:1-13:53\"><span style=\"font-weight: bolder;\">Meine Tipps f\u00fcr deinen n\u00e4chsten Kurzurlaub:<\/span><\/h3>\n<ul data-sourcepos=\"22:1-22:24\">\n<li data-sourcepos=\"23:1-23:136\"><strong>Wandern:<\/strong> Schn\u00fcre deine Schuhe und erkunde die Natur! Viele Regionen bieten gut ausgeschilderte Wanderwege f\u00fcr jedes Fitnesslevel.<\/li>\n<li data-sourcepos=\"24:1-24:128\"><strong>Radfahren:<\/strong> Entdecke deine Umgebung auf zwei R\u00e4dern. Es gibt zahlreiche Radwege, die dich zu den sch\u00f6nsten Pl\u00e4tzen f\u00fchren.<\/li>\n<li data-sourcepos=\"25:1-25:156\"><strong>Kulinarische Reise:<\/strong> Probiere regionale Spezialit\u00e4ten und besuche lokale M\u00e4rkte. Du wirst \u00fcberrascht sein, wie vielf\u00e4ltig die K\u00fcche deiner Region ist.<\/li>\n<li data-sourcepos=\"26:1-27:0\"><strong>Kultur erleben:<\/strong> Besuche Museen, Theater oder historische St\u00e4tten. Es gibt immer etwas Neues zu entdecken.<\/li>\n<\/ul>\t\t\t\t\t\t\t\t<\/div>\n\t\t\t\t<\/div>\n\t\t\t\t<div class=\"elementor-element elementor-element-f28ffdd elementor-widget elementor-widget-button\" data-id=\"f28ffdd\" data-element_type=\"widget\" data-widget_type=\"button.default\">\n\t\t\t\t<div class=\"elementor-widget-container\">\n\t\t\t\t\t\t\t\t\t<div class=\"elementor-button-wrapper\">\n\t\t\t\t\t<a class=\"elementor-button elementor-button-link elementor-size-sm\" href=\"https:\/\/www.fichtelgebirge.bayern\/\" target=\"_blank\">\n\t\t\t\t\t\t<span class=\"elementor-button-content-wrapper\">\n\t\t\t\t\t\t\t\t\t<span class=\"elementor-button-text\">Dowiedz si\u0119 wi\u0119cej<\/span>\n\t\t\t\t\t<\/span>\n\t\t\t\t\t<\/a>\n\t\t\t\t<\/div>\n\t\t\t\t\t\t\t\t<\/div>\n\t\t\t\t<\/div>\n\t\t\t\t<\/div>\n\t\t\t\t\t<\/div>\n\t\t\t\t<\/div>\n\t\t<div data-particle_enable=\"false\" data-particle-mobile-disabled=\"false\" class=\"elementor-element elementor-element-37c3c90 e-con-full e-flex e-con e-parent\" data-id=\"37c3c90\" data-element_type=\"container\">\n\t\t<div data-particle_enable=\"false\" data-particle-mobile-disabled=\"false\" class=\"elementor-element elementor-element-8e11637 e-con-full e-flex e-con e-child\" data-id=\"8e11637\" data-element_type=\"container\" data-settings=\"{&quot;background_background&quot;:&quot;classic&quot;}\">\n\t\t\t\t<div class=\"elementor-element elementor-element-3fef499 elementor-widget elementor-widget-heading\" data-id=\"3fef499\" data-element_type=\"widget\" data-widget_type=\"heading.default\">\n\t\t\t\t<div class=\"elementor-widget-container\">\n\t\t\t\t\t<h2 class=\"elementor-heading-title elementor-size-default\">Regelm\u00e4\u00dfige Auszeiten f\u00fcr mehr Wohlbefinden<\/h2>\t\t\t\t<\/div>\n\t\t\t\t<\/div>\n\t\t\t\t<div class=\"elementor-element elementor-element-e61ea4b elementor-widget elementor-widget-text-editor\" data-id=\"e61ea4b\" data-element_type=\"widget\" data-widget_type=\"text-editor.default\">\n\t\t\t\t<div class=\"elementor-widget-container\">\n\t\t\t\t\t\t\t\t\t<p data-sourcepos=\"30:1-30:199\">Ich habe festgestellt, dass regelm\u00e4\u00dfige Kurzurlaube in der N\u00e4he Wunder f\u00fcr meine Gesundheit und mein Wohlbefinden tun. Ich f\u00fchle mich entspannter, ausgeglichener und habe mehr Energie f\u00fcr den Alltag.<\/p><p data-sourcepos=\"32:1-32:29\">\u00a0<\/p>\t\t\t\t\t\t\t\t<\/div>\n\t\t\t\t<\/div>\n\t\t\t\t<\/div>\n\t\t\t\t<\/div>\n\t\t<div data-particle_enable=\"false\" data-particle-mobile-disabled=\"false\" class=\"elementor-element elementor-element-fe1673f e-con-full e-flex e-con e-parent\" data-id=\"fe1673f\" data-element_type=\"container\">\n\t\t\t\t<div class=\"elementor-element elementor-element-941989a elementor-widget__width-initial elementor-widget elementor-widget-image\" data-id=\"941989a\" data-element_type=\"widget\" data-widget_type=\"image.default\">\n\t\t\t\t<div class=\"elementor-widget-container\">\n\t\t\t\t\t\t\t\t\t\t\t\t\t\t\t<img decoding=\"async\" width=\"800\" height=\"521\" src=\"https:\/\/fewo-am-rauhen-kulm.de\/wp-content\/uploads\/2024\/11\/R_Kulm-Abb_17-2-1024x667.jpg\" class=\"attachment-large size-large wp-image-3102\" alt=\"Historische Landschaftsansicht mit Bergen, D\u00f6rfern und einem Fluss im Vordergrund.\" srcset=\"https:\/\/fewo-am-rauhen-kulm.de\/wp-content\/uploads\/2024\/11\/R_Kulm-Abb_17-2-1024x667.jpg 1024w, https:\/\/fewo-am-rauhen-kulm.de\/wp-content\/uploads\/2024\/11\/R_Kulm-Abb_17-2-300x195.jpg 300w, https:\/\/fewo-am-rauhen-kulm.de\/wp-content\/uploads\/2024\/11\/R_Kulm-Abb_17-2-768x500.jpg 768w, https:\/\/fewo-am-rauhen-kulm.de\/wp-content\/uploads\/2024\/11\/R_Kulm-Abb_17-2-1536x1001.jpg 1536w, https:\/\/fewo-am-rauhen-kulm.de\/wp-content\/uploads\/2024\/11\/R_Kulm-Abb_17-2.jpg 1896w\" sizes=\"(max-width: 800px) 100vw, 800px\" \/>\t\t\t\t\t\t\t\t\t\t\t\t\t\t\t<\/div>\n\t\t\t\t<\/div>\n\t\t<div data-particle_enable=\"false\" data-particle-mobile-disabled=\"false\" class=\"elementor-element elementor-element-8bb6e1e e-con-full e-flex e-con e-child\" data-id=\"8bb6e1e\" data-element_type=\"container\" data-settings=\"{&quot;background_background&quot;:&quot;classic&quot;}\">\n\t\t<div data-particle_enable=\"false\" data-particle-mobile-disabled=\"false\" class=\"elementor-element elementor-element-546cd7d e-con-full e-flex e-con e-child\" data-id=\"546cd7d\" data-element_type=\"container\" data-settings=\"{&quot;background_background&quot;:&quot;classic&quot;}\">\n\t\t\t\t<div class=\"elementor-element elementor-element-2d43fc9 elementor-widget elementor-widget-text-editor\" data-id=\"2d43fc9\" data-element_type=\"widget\" data-widget_type=\"text-editor.default\">\n\t\t\t\t<div class=\"elementor-widget-container\">\n\t\t\t\t\t\t\t\t\t<h3 data-sourcepos=\"29:1-29:50\"><strong>Werde zum Heimatexperten!<\/strong><\/h3><p data-sourcepos=\"34:1-34:189\">Entdecke deine Region neu und werde zum echten Heimatexperten. Teile deine Erlebnisse mit Freunden und Familie und inspiriere auch sie, die Vorz\u00fcge des Urlaubs vor der Haust\u00fcr zu entdecken.<\/p>\t\t\t\t\t\t\t\t<\/div>\n\t\t\t\t<\/div>\n\t\t\t\t<div class=\"elementor-element elementor-element-3f696e8 elementor-widget elementor-widget-button\" data-id=\"3f696e8\" data-element_type=\"widget\" data-widget_type=\"button.default\">\n\t\t\t\t<div class=\"elementor-widget-container\">\n\t\t\t\t\t\t\t\t\t<div class=\"elementor-button-wrapper\">\n\t\t\t\t\t<a class=\"elementor-button elementor-button-link elementor-size-sm\" href=\"#\">\n\t\t\t\t\t\t<span class=\"elementor-button-content-wrapper\">\n\t\t\t\t\t\t\t\t\t<span class=\"elementor-button-text\">Jetzt Region entdecken<\/span>\n\t\t\t\t\t<\/span>\n\t\t\t\t\t<\/a>\n\t\t\t\t<\/div>\n\t\t\t\t\t\t\t\t<\/div>\n\t\t\t\t<\/div>\n\t\t\t\t<\/div>\n\t\t\t\t<\/div>\n\t\t\t\t<div class=\"elementor-element elementor-element-67b7ffd elementor-widget elementor-widget-image\" data-id=\"67b7ffd\" data-element_type=\"widget\" data-widget_type=\"image.default\">\n\t\t\t\t<div class=\"elementor-widget-container\">\n\t\t\t\t\t\t\t\t\t\t\t\t\t\t\t<img loading=\"lazy\" decoding=\"async\" width=\"800\" height=\"499\" src=\"https:\/\/fewo-am-rauhen-kulm.de\/wp-content\/uploads\/2024\/11\/40791-1024x639.jpg\" class=\"attachment-large size-large wp-image-3101\" alt=\"Schwarz-wei\u00df Postkarte von Neustadt am Kulm mit Blick auf die Kirche und den Rauhen Kulm im Hintergrund.\" srcset=\"https:\/\/fewo-am-rauhen-kulm.de\/wp-content\/uploads\/2024\/11\/40791-1024x639.jpg 1024w, https:\/\/fewo-am-rauhen-kulm.de\/wp-content\/uploads\/2024\/11\/40791-300x187.jpg 300w, https:\/\/fewo-am-rauhen-kulm.de\/wp-content\/uploads\/2024\/11\/40791-768x479.jpg 768w, https:\/\/fewo-am-rauhen-kulm.de\/wp-content\/uploads\/2024\/11\/40791-1536x958.jpg 1536w, https:\/\/fewo-am-rauhen-kulm.de\/wp-content\/uploads\/2024\/11\/40791.jpg 1629w\" sizes=\"(max-width: 800px) 100vw, 800px\" \/>\t\t\t\t\t\t\t\t\t\t\t\t\t\t\t<\/div>\n\t\t\t\t<\/div>\n\t\t\t\t<\/div>\n\t\t<div data-particle_enable=\"false\" data-particle-mobile-disabled=\"false\" class=\"elementor-element elementor-element-addbf23 e-flex e-con-boxed e-con e-parent\" data-id=\"addbf23\" data-element_type=\"container\">\n\t\t\t\t\t<div class=\"e-con-inner\">\n\t\t<div data-particle_enable=\"false\" data-particle-mobile-disabled=\"false\" class=\"elementor-element elementor-element-02683f5 e-con-full e-flex e-con e-child\" data-id=\"02683f5\" data-element_type=\"container\">\n\t\t\t\t<div class=\"elementor-element elementor-element-63114b9 elementor-widget elementor-widget-text-editor\" data-id=\"63114b9\" data-element_type=\"widget\" data-widget_type=\"text-editor.default\">\n\t\t\t\t<div class=\"elementor-widget-container\">\n\t\t\t\t\t\t\t\t\t<h3 data-sourcepos=\"29:1-29:50\"><strong>Ausflugsziele in der Umgebung<\/strong><\/h3><ul data-sourcepos=\"22:1-22:24\"><li data-sourcepos=\"15:1-15:148\"><strong>Monte Kaolino:<\/strong> ist ein Freizeitpark mit verschiedenen Attraktionen wie Rodelbahn, Segway, Klettern, Sandski und mehr. <a href=\"https:\/\/www.montekaolino.eu\/\">zur Website<\/a><\/li><li data-sourcepos=\"16:1-16:115\"><strong>Erlebnisfelsen Pottenstein<\/strong> Dein kinderfreundliches Ausflugsziel <a href=\"https:\/\/www.erlebnisfelsen-pottenstein.de\/\">zur Website<\/a><\/li><li data-sourcepos=\"17:1-17:160\"><strong>Veldensteiner Forst:<\/strong> Wildgehege Hufeisen <a href=\"https:\/\/www.wildgehege-hufeisen.de\/index.html\">zur Website<\/a><\/li><li data-sourcepos=\"18:1-19:0\"><strong>Erlebnishof Ziegler:<\/strong> Maislabyrinth, Bauernhof <a href=\"https:\/\/www.erlebnishof-ziegler.de\/\">zur Website<\/a><\/li><li data-sourcepos=\"18:1-19:0\"><strong>Deutsches Automobilmuseum Fichtelberg <\/strong>Ein Highlight f\u00fcr die ganze Familie <a href=\"https:\/\/www.amf-museum.de\/\">zur Website<\/a><\/li><li data-sourcepos=\"18:1-19:0\"><strong>Burgruine Flossenb\u00fcrg<\/strong> <a href=\"https:\/\/www.sehenswerter-bayerischer-wald.de\/wanderung-burgruine-flossenbuerg-neustadt-waldnaab\/\" target=\"_blank\" rel=\"noopener\">zur Website<\/a><\/li><\/ul>\t\t\t\t\t\t\t\t<\/div>\n\t\t\t\t<\/div>\n\t\t\t\t<\/div>\n\t\t\t\t\t<\/div>\n\t\t\t\t<\/div>\n\t\t<div data-particle_enable=\"false\" data-particle-mobile-disabled=\"false\" class=\"elementor-element elementor-element-da13ca9 e-flex e-con-boxed e-con e-parent\" data-id=\"da13ca9\" data-element_type=\"container\">\n\t\t\t\t\t<div class=\"e-con-inner\">\n\t\t\t\t\t<\/div>\n\t\t\t\t<\/div>\n\t\t<div data-particle_enable=\"false\" data-particle-mobile-disabled=\"false\" class=\"elementor-element elementor-element-20eb19f e-flex e-con-boxed e-con e-parent\" data-id=\"20eb19f\" data-element_type=\"container\">\n\t\t\t\t\t<div class=\"e-con-inner\">\n\t\t<div data-particle_enable=\"false\" data-particle-mobile-disabled=\"false\" class=\"elementor-element elementor-element-b0706e2 e-con-full e-flex e-con e-child\" data-id=\"b0706e2\" data-element_type=\"container\">\n\t\t\t\t<div class=\"elementor-element elementor-element-92ca880 elementor-widget-divider--view-line elementor-widget elementor-widget-divider\" data-id=\"92ca880\" data-element_type=\"widget\" data-widget_type=\"divider.default\">\n\t\t\t\t<div class=\"elementor-widget-container\">\n\t\t\t\t\t\t\t<div class=\"elementor-divider\">\n\t\t\t<span class=\"elementor-divider-separator\">\n\t\t\t\t\t\t<\/span>\n\t\t<\/div>\n\t\t\t\t\t\t<\/div>\n\t\t\t\t<\/div>\n\t\t\t\t<div class=\"elementor-element elementor-element-46fd4ac elementor-widget elementor-widget-heading\" data-id=\"46fd4ac\" data-element_type=\"widget\" data-widget_type=\"heading.default\">\n\t\t\t\t<div class=\"elementor-widget-container\">\n\t\t\t\t\t<h2 class=\"elementor-heading-title elementor-size-default\">Was sind deine Erfahrungen mit Urlaubsreisen in der N\u00e4he? \n\n<\/h2>\t\t\t\t<\/div>\n\t\t\t\t<\/div>\n\t\t\t\t<div class=\"elementor-element elementor-element-5ab3d43 elementor-widget elementor-widget-text-editor\" data-id=\"5ab3d43\" data-element_type=\"widget\" data-widget_type=\"text-editor.default\">\n\t\t\t\t<div class=\"elementor-widget-container\">\n\t\t\t\t\t\t\t\t\t<p data-sourcepos=\"36:1-36:181\">Teile deine Tipps und Empfehlungen in den Kommentaren!<\/p>\t\t\t\t\t\t\t\t<\/div>\n\t\t\t\t<\/div>\n\t\t\t\t<div class=\"elementor-element elementor-element-c2a97a2 elementor-widget elementor-widget-spacer\" data-id=\"c2a97a2\" data-element_type=\"widget\" data-widget_type=\"spacer.default\">\n\t\t\t\t<div class=\"elementor-widget-container\">\n\t\t\t\t\t\t\t<div class=\"elementor-spacer\">\n\t\t\t<div class=\"elementor-spacer-inner\"><\/div>\n\t\t<\/div>\n\t\t\t\t\t\t<\/div>\n\t\t\t\t<\/div>\n\t\t\t\t<div class=\"elementor-element elementor-element-90b06fe elementor-widget elementor-widget-heading\" data-id=\"90b06fe\" data-element_type=\"widget\" data-widget_type=\"heading.default\">\n\t\t\t\t<div class=\"elementor-widget-container\">\n\t\t\t\t\t<h2 class=\"elementor-heading-title elementor-size-default\">Appropos Unterkunft<\/h2>\t\t\t\t<\/div>\n\t\t\t\t<\/div>\n\t\t\t\t<div class=\"elementor-element elementor-element-3912026 elementor-widget elementor-widget-text-editor\" data-id=\"3912026\" data-element_type=\"widget\" data-widget_type=\"text-editor.default\">\n\t\t\t\t<div class=\"elementor-widget-container\">\n\t\t\t\t\t\t\t\t\t<p data-sourcepos=\"42:1-42:265\">Solltest du noch nach einer passenden Ferienwohnung f\u00fcr deinen Ausflug suchen. Gib mir Bescheid, ich hab da was f\u00fcr dich :-)\u200b<\/p>\t\t\t\t\t\t\t\t<\/div>\n\t\t\t\t<\/div>\n\t\t\t\t<div class=\"elementor-element elementor-element-053a4d0 elementor-cta--skin-cover elementor-cta--valign-middle elementor-animated-content elementor-bg-transform elementor-bg-transform-zoom-in elementor-widget elementor-widget-call-to-action\" data-id=\"053a4d0\" data-element_type=\"widget\" data-widget_type=\"call-to-action.default\">\n\t\t\t\t<div class=\"elementor-widget-container\">\n\t\t\t\t\t\t\t<a class=\"elementor-cta\" href=\"\/fewo-panoramablick\">\n\t\t\t\t\t<div class=\"elementor-cta__bg-wrapper\">\n\t\t\t\t<div class=\"elementor-cta__bg elementor-bg\" style=\"background-image: url(https:\/\/fewo-am-rauhen-kulm.de\/wp-content\/uploads\/2024\/09\/fewo-panoramablick.jpg);\" role=\"img\" aria-label=\"Balkon mit Holzstuhl und Blick auf eine gr\u00fcne Landschaft, kombiniert mit einem Wohnzimmer mit Fernseher und Sofa.\"><\/div>\n\t\t\t\t<div class=\"elementor-cta__bg-overlay\"><\/div>\n\t\t\t<\/div>\n\t\t\t\t\t\t\t<div class=\"elementor-cta__content\">\n\t\t\t\t\t\t\t\t\t<div class=\"elementor-content-item elementor-cta__content-item elementor-icon-wrapper elementor-cta__icon elementor-view-default elementor-animated-item--grow\">\n\t\t\t\t\t\t<div class=\"elementor-icon\">\n\t\t\t\t\t\t\t\t\t\t\t\t\t<\/div>\n\t\t\t\t\t<\/div>\n\t\t\t\t\n\t\t\t\t\t\t\t\t\t<h2 class=\"elementor-cta__title elementor-cta__content-item elementor-content-item elementor-animated-item--grow\">\n\t\t\t\t\t\tFeWo Panoramablick\t\t\t\t\t<\/h2>\n\t\t\t\t\n\t\t\t\t\t\t\t\t\t<div class=\"elementor-cta__description elementor-cta__content-item elementor-content-item elementor-animated-item--grow\">\n\t\t\t\t\t\tDie ideale Unterkunft f\u00fcr bis zu 5 Personen.\t\t\t\t\t<\/div>\n\t\t\t\t\n\t\t\t\t\t\t\t\t\t<div class=\"elementor-cta__button-wrapper elementor-cta__content-item elementor-content-item elementor-animated-item--grow\">\n\t\t\t\t\t<span class=\"elementor-cta__button elementor-button elementor-size-\">\n\t\t\t\t\t\tUnterkunft ansehen\t\t\t\t\t<\/span>\n\t\t\t\t\t<\/div>\n\t\t\t\t\t\t\t<\/div>\n\t\t\t\t\t\t\t<div class=\"elementor-ribbon\">\n\t\t\t\t<div class=\"elementor-ribbon-inner\">Aktion<\/div>\n\t\t\t<\/div>\n\t\t\t\t<\/a>\n\t\t\t\t\t\t<\/div>\n\t\t\t\t<\/div>\n\t\t\t\t<div class=\"elementor-element elementor-element-0fd8c99 elementor-widget elementor-widget-spacer\" data-id=\"0fd8c99\" data-element_type=\"widget\" data-widget_type=\"spacer.default\">\n\t\t\t\t<div class=\"elementor-widget-container\">\n\t\t\t\t\t\t\t<div class=\"elementor-spacer\">\n\t\t\t<div class=\"elementor-spacer-inner\"><\/div>\n\t\t<\/div>\n\t\t\t\t\t\t<\/div>\n\t\t\t\t<\/div>\n\t\t\t\t<div class=\"elementor-element elementor-element-3259481 elementor-widget elementor-widget-author-box\" data-id=\"3259481\" data-element_type=\"widget\" data-widget_type=\"author-box.default\">\n\t\t\t\t<div class=\"elementor-widget-container\">\n\t\t\t\t\t\t\t<div class=\"elementor-author-box\">\n\t\t\t\t\t\t\t<a href=\"mailto:info@fewo-am-rauhen-kulm.de\" class=\"elementor-author-box__avatar\">\n\t\t\t\t\t<img decoding=\"async\" src=\"https:\/\/fewo-am-rauhen-kulm.de\/wp-content\/uploads\/2024\/07\/Gastgeber-Arnold-Greitan-288x300.jpg\" alt=\"Picture of Arnold Greitan\" loading=\"lazy\">\n\t\t\t\t<\/a>\n\t\t\t\n\t\t\t<div class=\"elementor-author-box__text\">\n\t\t\t\t\t\t\t\t\t<a href=\"mailto:info@fewo-am-rauhen-kulm.de\">\n\t\t\t\t\t\t<h4 class=\"elementor-author-box__name\">\n\t\t\t\t\t\t\tArnold Greitan\t\t\t\t\t\t<\/h4>\n\t\t\t\t\t<\/a>\n\t\t\t\t\n\t\t\t\t\t\t\t\t\t<div class=\"elementor-author-box__bio\">\n\t\t\t\t\t\t<p>Hi, ich bin Arnold! Als leidenschaftlicher Gastgeber freue ich mich darauf, dir einen tollen Aufenthalt in Neustadt am Kulm zu bereiten. Meine gem\u00fctliche Ferienwohnung liegt in einer ruhigen Gegend mit grandiosem Ausblick. Ich sch\u00e4tze den pers\u00f6nlichen Kontakt zu meinen G\u00e4sten und helfe gerne bei der Planung deines Aufenthalts. Ob du die Umgebung erkunden oder einfach nur entspannen m\u00f6chtest, ich stehe dir mit Rat und Tat zur Seite. Bis bald!<\/p>\n\t\t\t\t\t<\/div>\n\t\t\t\t\n\t\t\t\t\t\t\t<\/div>\n\t\t<\/div>\n\t\t\t\t\t\t<\/div>\n\t\t\t\t<\/div>\n\t\t\t\t<div class=\"elementor-element elementor-element-ad80a93 elementor-align-center elementor-widget elementor-widget-button\" data-id=\"ad80a93\" data-element_type=\"widget\" data-widget_type=\"button.default\">\n\t\t\t\t<div class=\"elementor-widget-container\">\n\t\t\t\t\t\t\t\t\t<div class=\"elementor-button-wrapper\">\n\t\t\t\t\t<a class=\"elementor-button elementor-button-link elementor-size-sm\" href=\"http:\/\/airbnb.de\/h\/fewonak\" target=\"_blank\">\n\t\t\t\t\t\t<span class=\"elementor-button-content-wrapper\">\n\t\t\t\t\t\t<span class=\"elementor-button-icon\">\n\t\t\t\t<svg aria-hidden=\"true\" class=\"e-font-icon-svg e-fab-airbnb\" viewbox=\"0 0 448 512\" xmlns=\"http:\/\/www.w3.org\/2000\/svg\"><path d=\"M224 373.12c-25.24-31.67-40.08-59.43-45-83.18-22.55-88 112.61-88 90.06 0-5.45 24.25-20.29 52-45 83.18zm138.15 73.23c-42.06 18.31-83.67-10.88-119.3-50.47 103.9-130.07 46.11-200-18.85-200-54.92 0-85.16 46.51-73.28 100.5 6.93 29.19 25.23 62.39 54.43 99.5-32.53 36.05-60.55 52.69-85.15 54.92-50 7.43-89.11-41.06-71.3-91.09 15.1-39.16 111.72-231.18 115.87-241.56 15.75-30.07 25.56-57.4 59.38-57.4 32.34 0 43.4 25.94 60.37 59.87 36 70.62 89.35 177.48 114.84 239.09 13.17 33.07-1.37 71.29-37.01 86.64zm47-136.12C280.27 35.93 273.13 32 224 32c-45.52 0-64.87 31.67-84.66 72.79C33.18 317.1 22.89 347.19 22 349.81-3.22 419.14 48.74 480 111.63 480c21.71 0 60.61-6.06 112.37-62.4 58.68 63.78 101.26 62.4 112.37 62.4 62.89.05 114.85-60.86 89.61-130.19.02-3.89-16.82-38.9-16.82-39.58z\"><\/path><\/svg>\t\t\t<\/span>\n\t\t\t\t\t\t\t\t\t<span class=\"elementor-button-text\">Jetzt Verf\u00fcgbarkeit pr\u00fcfen<\/span>\n\t\t\t\t\t<\/span>\n\t\t\t\t\t<\/a>\n\t\t\t\t<\/div>\n\t\t\t\t\t\t\t\t<\/div>\n\t\t\t\t<\/div>\n\t\t\t\t<div class=\"elementor-element elementor-element-e40882e elementor-widget elementor-widget-spacer\" data-id=\"e40882e\" data-element_type=\"widget\" data-widget_type=\"spacer.default\">\n\t\t\t\t<div class=\"elementor-widget-container\">\n\t\t\t\t\t\t\t<div class=\"elementor-spacer\">\n\t\t\t<div class=\"elementor-spacer-inner\"><\/div>\n\t\t<\/div>\n\t\t\t\t\t\t<\/div>\n\t\t\t\t<\/div>\n\t\t\t\t<\/div>\n\t\t\t\t\t<\/div>\n\t\t\t\t<\/div>\n\t\t<div data-particle_enable=\"false\" data-particle-mobile-disabled=\"false\" class=\"elementor-element elementor-element-dcea15d e-flex e-con-boxed e-con e-parent\" data-id=\"dcea15d\" data-element_type=\"container\">\n\t\t\t\t\t<div class=\"e-con-inner\">\n\t\t\t\t<div class=\"elementor-element elementor-element-5082a5f elementor-widget elementor-widget-shortcode\" data-id=\"5082a5f\" data-element_type=\"widget\" data-widget_type=\"shortcode.default\">\n\t\t\t\t<div class=\"elementor-widget-container\">\n\t\t\t\t\t\t\t<div class=\"elementor-shortcode\"><pre class=\"ti-widget\" style=\"display: none\"><template id=\"trustindex-airbnb-widget-html\"><div class=\"ti-widget ti-airb ti-show-rating-text ti-review-text-mode-readmore ti-text-align-left\" data-no-translation=\"true\" data-layout-id=\"5\" data-layout-category=\"slider\" data-set-id=\"ligth-border\" data-pid=\"\" data-language=\"de\" data-review-target-width=\"275\" data-css-version=\"2\" data-review-text-mode=\"readmore\" data-reply-by-locale=\"Antwort des Eigent\u00fcmers\" data-pager-autoplay-timeout=\"6\" > <div class=\"ti-widget-container ti-col-4\"> <div class=\"ti-footer source-Airbnb\"> <div class=\"ti-rating-text\"> <strong class=\"ti-rating ti-rating-large\"> AUSGEZEICHNET <\/strong> <\/div> <span class=\"ti-stars star-lg\"><trustindex-image class=\"ti-star\" data-imgurl=\"https:\/\/cdn.trustindex.io\/assets\/platform\/Airbnb\/star\/f.svg\" alt=\"Airbnb\" width=\"17\" height=\"17\" loading=\"lazy\" ><\/trustindex-image><trustindex-image class=\"ti-star\" data-imgurl=\"https:\/\/cdn.trustindex.io\/assets\/platform\/Airbnb\/star\/f.svg\" alt=\"Airbnb\" width=\"17\" height=\"17\" loading=\"lazy\" ><\/trustindex-image><trustindex-image class=\"ti-star\" data-imgurl=\"https:\/\/cdn.trustindex.io\/assets\/platform\/Airbnb\/star\/f.svg\" alt=\"Airbnb\" width=\"17\" height=\"17\" loading=\"lazy\" ><\/trustindex-image><trustindex-image class=\"ti-star\" data-imgurl=\"https:\/\/cdn.trustindex.io\/assets\/platform\/Airbnb\/star\/f.svg\" alt=\"Airbnb\" width=\"17\" height=\"17\" loading=\"lazy\" ><\/trustindex-image><trustindex-image class=\"ti-star\" data-imgurl=\"https:\/\/cdn.trustindex.io\/assets\/platform\/Airbnb\/star\/f.svg\" alt=\"Airbnb\" width=\"17\" height=\"17\" loading=\"lazy\" ><\/trustindex-image><\/span> <div class=\"ti-rating-text\"> <span class=\"nowrap\">Basierend auf <strong>145 Bewertungen<\/strong><\/span> <\/div> <div class=\"ti-large-logo\"> <div class=\"ti-v-center\"> <trustindex-image class=\"ti-logo-fb\" data-imgurl=\"https:\/\/cdn.trustindex.io\/assets\/platform\/Airbnb\/logo.svg\" width=\"150\" height=\"25\" loading=\"lazy\" alt=\"Airbnb\" ><\/trustindex-image> <\/div> <\/div> <\/div> <div class=\"ti-reviews-container\"> <div class=\"ti-controls\"> <div class=\"ti-next\" aria-label=\"N\u00e4chste Bewertung\" role=\"button\"><\/div> <div class=\"ti-prev\" aria-label=\"Vorherige Bewertung\" role=\"button\"><\/div> <\/div> <div class=\"ti-reviews-container-wrapper\">  <div data-empty=\"0\" class=\"ti-review-item source-Airbnb ti-image-layout-thumbnail\" data-id=\"cfcd208495d565ef66e7dff9f98764da\" > <div class=\"ti-inner\"> <div class=\"ti-review-header\"> <trustindex-image class=\"ti-platform-icon\" data-imgurl=\"https:\/\/cdn.trustindex.io\/assets\/platform\/Airbnb\/icon.svg\" alt=\"Airbnb\" width=\"20\" height=\"20\" loading=\"lazy\" ><\/trustindex-image> <div class=\"ti-profile-img\"> <trustindex-image data-imgurl=\"https:\/\/a0.muscache.com\/im\/pictures\/user\/b47c0926-45f8-4edc-94ee-8c6fcf507e81.jpg\" data-imgurlset=\"https:\/\/a0.muscache.com\/im\/pictures\/user\/b47c0926-45f8-4edc-94ee-8c6fcf507e81.jpg 2x\" alt=\"Evers & Fritz\" loading=\"lazy\" ><\/trustindex-image> <\/div> <div class=\"ti-profile-details\"> <div class=\"ti-name\"> Evers & Fritz <\/div> <div class=\"ti-date\">2025-10-01<\/div> <\/div> <\/div> <span class=\"ti-stars\"><trustindex-image class=\"ti-star\" data-imgurl=\"https:\/\/cdn.trustindex.io\/assets\/platform\/Airbnb\/star\/f.svg\" alt=\"Airbnb\" width=\"17\" height=\"17\" loading=\"lazy\" ><\/trustindex-image><trustindex-image class=\"ti-star\" data-imgurl=\"https:\/\/cdn.trustindex.io\/assets\/platform\/Airbnb\/star\/f.svg\" alt=\"Airbnb\" width=\"17\" height=\"17\" loading=\"lazy\" ><\/trustindex-image><trustindex-image class=\"ti-star\" data-imgurl=\"https:\/\/cdn.trustindex.io\/assets\/platform\/Airbnb\/star\/f.svg\" alt=\"Airbnb\" width=\"17\" height=\"17\" loading=\"lazy\" ><\/trustindex-image><trustindex-image class=\"ti-star\" data-imgurl=\"https:\/\/cdn.trustindex.io\/assets\/platform\/Airbnb\/star\/f.svg\" alt=\"Airbnb\" width=\"17\" height=\"17\" loading=\"lazy\" ><\/trustindex-image><trustindex-image class=\"ti-star\" data-imgurl=\"https:\/\/cdn.trustindex.io\/assets\/platform\/Airbnb\/star\/f.svg\" alt=\"Airbnb\" width=\"17\" height=\"17\" loading=\"lazy\" ><\/trustindex-image><span class=\"ti-verified-review\"><span class=\"ti-verified-tooltip\">Verifiziert<\/span><\/span><\/span> <div class=\"ti-review-text-container ti-review-content\"><!-- R-CONTENT -->Die Unterkunft war f\u00fcr unsere Mitarbeiter gebucht.Alles war in Ordnung, gute Kommunikation und keinerlei Probleme.Vielen Dank.<!-- R-CONTENT --><\/div> <span class=\"ti-read-more\" data-container=\".ti-review-content\" data-collapse-text=\"Ausblenden\" data-open-text=\"Weiterlesen\" ><\/span> <\/div> <\/div>  <div data-empty=\"0\" class=\"ti-review-item source-Airbnb ti-image-layout-thumbnail\" data-id=\"cfcd208495d565ef66e7dff9f98764da\" > <div class=\"ti-inner\"> <div class=\"ti-review-header\"> <trustindex-image class=\"ti-platform-icon\" data-imgurl=\"https:\/\/cdn.trustindex.io\/assets\/platform\/Airbnb\/icon.svg\" alt=\"Airbnb\" width=\"20\" height=\"20\" loading=\"lazy\" ><\/trustindex-image> <div class=\"ti-profile-img\"> <trustindex-image data-imgurl=\"https:\/\/a0.muscache.com\/im\/pictures\/user\/e960e919-1094-48a3-9e10-410fd9d4b25e.jpg\" data-imgurlset=\"https:\/\/a0.muscache.com\/im\/pictures\/user\/e960e919-1094-48a3-9e10-410fd9d4b25e.jpg 2x\" alt=\"Siim\" loading=\"lazy\" ><\/trustindex-image> <\/div> <div class=\"ti-profile-details\"> <div class=\"ti-name\"> Siim <\/div> <div class=\"ti-date\">2025-09-29<\/div> <\/div> <\/div> <span class=\"ti-stars\"><trustindex-image class=\"ti-star\" data-imgurl=\"https:\/\/cdn.trustindex.io\/assets\/platform\/Airbnb\/star\/f.svg\" alt=\"Airbnb\" width=\"17\" height=\"17\" loading=\"lazy\" ><\/trustindex-image><trustindex-image class=\"ti-star\" data-imgurl=\"https:\/\/cdn.trustindex.io\/assets\/platform\/Airbnb\/star\/f.svg\" alt=\"Airbnb\" width=\"17\" height=\"17\" loading=\"lazy\" ><\/trustindex-image><trustindex-image class=\"ti-star\" data-imgurl=\"https:\/\/cdn.trustindex.io\/assets\/platform\/Airbnb\/star\/f.svg\" alt=\"Airbnb\" width=\"17\" height=\"17\" loading=\"lazy\" ><\/trustindex-image><trustindex-image class=\"ti-star\" data-imgurl=\"https:\/\/cdn.trustindex.io\/assets\/platform\/Airbnb\/star\/f.svg\" alt=\"Airbnb\" width=\"17\" height=\"17\" loading=\"lazy\" ><\/trustindex-image><trustindex-image class=\"ti-star\" data-imgurl=\"https:\/\/cdn.trustindex.io\/assets\/platform\/Airbnb\/star\/f.svg\" alt=\"Airbnb\" width=\"17\" height=\"17\" loading=\"lazy\" ><\/trustindex-image><span class=\"ti-verified-review\"><span class=\"ti-verified-tooltip\">Verifiziert<\/span><\/span><\/span> <div class=\"ti-review-text-container ti-review-content\"><!-- R-CONTENT -->Good for money<!-- R-CONTENT --><\/div> <span class=\"ti-read-more\" data-container=\".ti-review-content\" data-collapse-text=\"Ausblenden\" data-open-text=\"Weiterlesen\" ><\/span> <\/div> <\/div>  <div data-empty=\"0\" class=\"ti-review-item source-Airbnb ti-image-layout-thumbnail\" data-id=\"cfcd208495d565ef66e7dff9f98764da\" > <div class=\"ti-inner\"> <div class=\"ti-review-header\"> <trustindex-image class=\"ti-platform-icon\" data-imgurl=\"https:\/\/cdn.trustindex.io\/assets\/platform\/Airbnb\/icon.svg\" alt=\"Airbnb\" width=\"20\" height=\"20\" loading=\"lazy\" ><\/trustindex-image> <div class=\"ti-profile-img\"> <trustindex-image data-imgurl=\"https:\/\/a0.muscache.com\/im\/pictures\/user\/User-551031394\/original\/052e5dae-2cf8-43c0-a069-708cd3e7982a.jpeg\" data-imgurlset=\"https:\/\/a0.muscache.com\/im\/pictures\/user\/User-551031394\/original\/052e5dae-2cf8-43c0-a069-708cd3e7982a.jpeg 2x\" alt=\"Jinhan\" loading=\"lazy\" ><\/trustindex-image> <\/div> <div class=\"ti-profile-details\"> <div class=\"ti-name\"> Jinhan <\/div> <div class=\"ti-date\">2025-09-19<\/div> <\/div> <\/div> <span class=\"ti-stars\"><trustindex-image class=\"ti-star\" data-imgurl=\"https:\/\/cdn.trustindex.io\/assets\/platform\/Airbnb\/star\/f.svg\" alt=\"Airbnb\" width=\"17\" height=\"17\" loading=\"lazy\" ><\/trustindex-image><trustindex-image class=\"ti-star\" data-imgurl=\"https:\/\/cdn.trustindex.io\/assets\/platform\/Airbnb\/star\/f.svg\" alt=\"Airbnb\" width=\"17\" height=\"17\" loading=\"lazy\" ><\/trustindex-image><trustindex-image class=\"ti-star\" data-imgurl=\"https:\/\/cdn.trustindex.io\/assets\/platform\/Airbnb\/star\/f.svg\" alt=\"Airbnb\" width=\"17\" height=\"17\" loading=\"lazy\" ><\/trustindex-image><trustindex-image class=\"ti-star\" data-imgurl=\"https:\/\/cdn.trustindex.io\/assets\/platform\/Airbnb\/star\/f.svg\" alt=\"Airbnb\" width=\"17\" height=\"17\" loading=\"lazy\" ><\/trustindex-image><trustindex-image class=\"ti-star\" data-imgurl=\"https:\/\/cdn.trustindex.io\/assets\/platform\/Airbnb\/star\/f.svg\" alt=\"Airbnb\" width=\"17\" height=\"17\" loading=\"lazy\" ><\/trustindex-image><span class=\"ti-verified-review\"><span class=\"ti-verified-tooltip\">Verifiziert<\/span><\/span><\/span> <div class=\"ti-review-text-container ti-review-content\"><!-- R-CONTENT -->Perfect!<!-- R-CONTENT --><\/div> <span class=\"ti-read-more\" data-container=\".ti-review-content\" data-collapse-text=\"Ausblenden\" data-open-text=\"Weiterlesen\" ><\/span> <\/div> <\/div>  <div data-empty=\"0\" class=\"ti-review-item source-Airbnb ti-image-layout-thumbnail\" data-id=\"cfcd208495d565ef66e7dff9f98764da\" > <div class=\"ti-inner\"> <div class=\"ti-review-header\"> <trustindex-image class=\"ti-platform-icon\" data-imgurl=\"https:\/\/cdn.trustindex.io\/assets\/platform\/Airbnb\/icon.svg\" alt=\"Airbnb\" width=\"20\" height=\"20\" loading=\"lazy\" ><\/trustindex-image> <div class=\"ti-profile-img\"> <trustindex-image data-imgurl=\"https:\/\/a0.muscache.com\/im\/pictures\/user\/23e62eb1-0dee-40e7-ad6e-0d151d189103.jpg\" data-imgurlset=\"https:\/\/a0.muscache.com\/im\/pictures\/user\/23e62eb1-0dee-40e7-ad6e-0d151d189103.jpg 2x\" alt=\"Florian\" loading=\"lazy\" ><\/trustindex-image> <\/div> <div class=\"ti-profile-details\"> <div class=\"ti-name\"> Florian <\/div> <div class=\"ti-date\">2025-09-17<\/div> <\/div> <\/div> <span class=\"ti-stars\"><trustindex-image class=\"ti-star\" data-imgurl=\"https:\/\/cdn.trustindex.io\/assets\/platform\/Airbnb\/star\/f.svg\" alt=\"Airbnb\" width=\"17\" height=\"17\" loading=\"lazy\" ><\/trustindex-image><trustindex-image class=\"ti-star\" data-imgurl=\"https:\/\/cdn.trustindex.io\/assets\/platform\/Airbnb\/star\/f.svg\" alt=\"Airbnb\" width=\"17\" height=\"17\" loading=\"lazy\" ><\/trustindex-image><trustindex-image class=\"ti-star\" data-imgurl=\"https:\/\/cdn.trustindex.io\/assets\/platform\/Airbnb\/star\/f.svg\" alt=\"Airbnb\" width=\"17\" height=\"17\" loading=\"lazy\" ><\/trustindex-image><trustindex-image class=\"ti-star\" data-imgurl=\"https:\/\/cdn.trustindex.io\/assets\/platform\/Airbnb\/star\/f.svg\" alt=\"Airbnb\" width=\"17\" height=\"17\" loading=\"lazy\" ><\/trustindex-image><trustindex-image class=\"ti-star\" data-imgurl=\"https:\/\/cdn.trustindex.io\/assets\/platform\/Airbnb\/star\/f.svg\" alt=\"Airbnb\" width=\"17\" height=\"17\" loading=\"lazy\" ><\/trustindex-image><span class=\"ti-verified-review\"><span class=\"ti-verified-tooltip\">Verifiziert<\/span><\/span><\/span> <div class=\"ti-review-text-container ti-review-content\"><!-- R-CONTENT -->Wir waren auf Durchreise von Kroatien nach Hamburg bei Arnold. Eine kleine, nicht mehr die modernste, aber mit liebe eingerichtete Wohnung. Es wurde noch ein Babybett aufgestellt und die Kommunikation mit Arnold war Top. Kann man nur empfehlen. Super Preis-Leistung-Verh\u00e4ltnis.<!-- R-CONTENT --><\/div> <span class=\"ti-read-more\" data-container=\".ti-review-content\" data-collapse-text=\"Ausblenden\" data-open-text=\"Weiterlesen\" ><\/span> <\/div> <\/div>  <div data-empty=\"0\" class=\"ti-review-item source-Airbnb ti-image-layout-thumbnail\" data-id=\"cfcd208495d565ef66e7dff9f98764da\" > <div class=\"ti-inner\"> <div class=\"ti-review-header\"> <trustindex-image class=\"ti-platform-icon\" data-imgurl=\"https:\/\/cdn.trustindex.io\/assets\/platform\/Airbnb\/icon.svg\" alt=\"Airbnb\" width=\"20\" height=\"20\" loading=\"lazy\" ><\/trustindex-image> <div class=\"ti-profile-img\"> <trustindex-image data-imgurl=\"https:\/\/a0.muscache.com\/im\/pictures\/user\/9a713ce9-0d36-42b7-82c6-9d9f09d99803.jpg\" data-imgurlset=\"https:\/\/a0.muscache.com\/im\/pictures\/user\/9a713ce9-0d36-42b7-82c6-9d9f09d99803.jpg 2x\" alt=\"Guntida\" loading=\"lazy\" ><\/trustindex-image> <\/div> <div class=\"ti-profile-details\"> <div class=\"ti-name\"> Guntida <\/div> <div class=\"ti-date\">2025-08-31<\/div> <\/div> <\/div> <span class=\"ti-stars\"><trustindex-image class=\"ti-star\" data-imgurl=\"https:\/\/cdn.trustindex.io\/assets\/platform\/Airbnb\/star\/f.svg\" alt=\"Airbnb\" width=\"17\" height=\"17\" loading=\"lazy\" ><\/trustindex-image><trustindex-image class=\"ti-star\" data-imgurl=\"https:\/\/cdn.trustindex.io\/assets\/platform\/Airbnb\/star\/f.svg\" alt=\"Airbnb\" width=\"17\" height=\"17\" loading=\"lazy\" ><\/trustindex-image><trustindex-image class=\"ti-star\" data-imgurl=\"https:\/\/cdn.trustindex.io\/assets\/platform\/Airbnb\/star\/f.svg\" alt=\"Airbnb\" width=\"17\" height=\"17\" loading=\"lazy\" ><\/trustindex-image><trustindex-image class=\"ti-star\" data-imgurl=\"https:\/\/cdn.trustindex.io\/assets\/platform\/Airbnb\/star\/f.svg\" alt=\"Airbnb\" width=\"17\" height=\"17\" loading=\"lazy\" ><\/trustindex-image><trustindex-image class=\"ti-star\" data-imgurl=\"https:\/\/cdn.trustindex.io\/assets\/platform\/Airbnb\/star\/f.svg\" alt=\"Airbnb\" width=\"17\" height=\"17\" loading=\"lazy\" ><\/trustindex-image><span class=\"ti-verified-review\"><span class=\"ti-verified-tooltip\">Verifiziert<\/span><\/span><\/span> <div class=\"ti-review-text-container ti-review-content\"><!-- R-CONTENT -->Super netter Gastgeber :) Wohnung war wie beschrieben.Schnelle und freundliche Antwort auf Nachrichten. War alles super!<!-- R-CONTENT --><\/div> <span class=\"ti-read-more\" data-container=\".ti-review-content\" data-collapse-text=\"Ausblenden\" data-open-text=\"Weiterlesen\" ><\/span> <\/div> <\/div>  <div data-empty=\"0\" class=\"ti-review-item source-Airbnb ti-image-layout-thumbnail\" data-id=\"cfcd208495d565ef66e7dff9f98764da\" > <div class=\"ti-inner\"> <div class=\"ti-review-header\"> <trustindex-image class=\"ti-platform-icon\" data-imgurl=\"https:\/\/cdn.trustindex.io\/assets\/platform\/Airbnb\/icon.svg\" alt=\"Airbnb\" width=\"20\" height=\"20\" loading=\"lazy\" ><\/trustindex-image> <div class=\"ti-profile-img\"> <trustindex-image data-imgurl=\"https:\/\/a0.muscache.com\/im\/pictures\/user\/User\/original\/2bac8e9d-62e9-48a5-a06c-f46d92703c52.jpeg\" data-imgurlset=\"https:\/\/a0.muscache.com\/im\/pictures\/user\/User\/original\/2bac8e9d-62e9-48a5-a06c-f46d92703c52.jpeg 2x\" alt=\"Mita\" loading=\"lazy\" ><\/trustindex-image> <\/div> <div class=\"ti-profile-details\"> <div class=\"ti-name\"> Mita <\/div> <div class=\"ti-date\">2025-08-28<\/div> <\/div> <\/div> <span class=\"ti-stars\"><trustindex-image class=\"ti-star\" data-imgurl=\"https:\/\/cdn.trustindex.io\/assets\/platform\/Airbnb\/star\/f.svg\" alt=\"Airbnb\" width=\"17\" height=\"17\" loading=\"lazy\" ><\/trustindex-image><trustindex-image class=\"ti-star\" data-imgurl=\"https:\/\/cdn.trustindex.io\/assets\/platform\/Airbnb\/star\/f.svg\" alt=\"Airbnb\" width=\"17\" height=\"17\" loading=\"lazy\" ><\/trustindex-image><trustindex-image class=\"ti-star\" data-imgurl=\"https:\/\/cdn.trustindex.io\/assets\/platform\/Airbnb\/star\/f.svg\" alt=\"Airbnb\" width=\"17\" height=\"17\" loading=\"lazy\" ><\/trustindex-image><trustindex-image class=\"ti-star\" data-imgurl=\"https:\/\/cdn.trustindex.io\/assets\/platform\/Airbnb\/star\/f.svg\" alt=\"Airbnb\" width=\"17\" height=\"17\" loading=\"lazy\" ><\/trustindex-image><trustindex-image class=\"ti-star\" data-imgurl=\"https:\/\/cdn.trustindex.io\/assets\/platform\/Airbnb\/star\/f.svg\" alt=\"Airbnb\" width=\"17\" height=\"17\" loading=\"lazy\" ><\/trustindex-image><span class=\"ti-verified-review\"><span class=\"ti-verified-tooltip\">Verifiziert<\/span><\/span><\/span> <div class=\"ti-review-text-container ti-review-content\"><!-- R-CONTENT -->Siamo tornati nell\u2019appartamento di Arnold perch\u00e9 sapevamo che c\u2019era tutto quello di cui avevamo bisogno per concludere il nostro viaggio. Abbiamo soggiornato qui quasi un mese fa.Letti comodissimi e lenzuola pulite e profumate. All\u2019arrivo sembra di essere in albergo\u2026 tutto curato e bello da vedere\u2026 grazie!<!-- R-CONTENT --><\/div> <span class=\"ti-read-more\" data-container=\".ti-review-content\" data-collapse-text=\"Ausblenden\" data-open-text=\"Weiterlesen\" ><\/span> <\/div> <\/div>  <div data-empty=\"0\" class=\"ti-review-item source-Airbnb ti-image-layout-thumbnail\" data-id=\"cfcd208495d565ef66e7dff9f98764da\" > <div class=\"ti-inner\"> <div class=\"ti-review-header\"> <trustindex-image class=\"ti-platform-icon\" data-imgurl=\"https:\/\/cdn.trustindex.io\/assets\/platform\/Airbnb\/icon.svg\" alt=\"Airbnb\" width=\"20\" height=\"20\" loading=\"lazy\" ><\/trustindex-image> <div class=\"ti-profile-img\"> <trustindex-image data-imgurl=\"https:\/\/a0.muscache.com\/im\/pictures\/user\/8fea3f8c-2ab5-45cc-8cc0-13ebd18cb8ac.jpg\" data-imgurlset=\"https:\/\/a0.muscache.com\/im\/pictures\/user\/8fea3f8c-2ab5-45cc-8cc0-13ebd18cb8ac.jpg 2x\" alt=\"Sandy\" loading=\"lazy\" ><\/trustindex-image> <\/div> <div class=\"ti-profile-details\"> <div class=\"ti-name\"> Sandy <\/div> <div class=\"ti-date\">2025-08-22<\/div> <\/div> <\/div> <span class=\"ti-stars\"><trustindex-image class=\"ti-star\" data-imgurl=\"https:\/\/cdn.trustindex.io\/assets\/platform\/Airbnb\/star\/f.svg\" alt=\"Airbnb\" width=\"17\" height=\"17\" loading=\"lazy\" ><\/trustindex-image><trustindex-image class=\"ti-star\" data-imgurl=\"https:\/\/cdn.trustindex.io\/assets\/platform\/Airbnb\/star\/f.svg\" alt=\"Airbnb\" width=\"17\" height=\"17\" loading=\"lazy\" ><\/trustindex-image><trustindex-image class=\"ti-star\" data-imgurl=\"https:\/\/cdn.trustindex.io\/assets\/platform\/Airbnb\/star\/f.svg\" alt=\"Airbnb\" width=\"17\" height=\"17\" loading=\"lazy\" ><\/trustindex-image><trustindex-image class=\"ti-star\" data-imgurl=\"https:\/\/cdn.trustindex.io\/assets\/platform\/Airbnb\/star\/f.svg\" alt=\"Airbnb\" width=\"17\" height=\"17\" loading=\"lazy\" ><\/trustindex-image><trustindex-image class=\"ti-star\" data-imgurl=\"https:\/\/cdn.trustindex.io\/assets\/platform\/Airbnb\/star\/f.svg\" alt=\"Airbnb\" width=\"17\" height=\"17\" loading=\"lazy\" ><\/trustindex-image><span class=\"ti-verified-review\"><span class=\"ti-verified-tooltip\">Verifiziert<\/span><\/span><\/span> <div class=\"ti-review-text-container ti-review-content\"><!-- R-CONTENT -->Wir wurden sehr herzlich empfangen. Die Wohnung hat einen wunderbaren Ausblick und lag f\u00fcr uns super auf dem Weg. Die Umgebung ist toll, v.a. die spontane Wanderung auf den Rauhen Kulm. Es war toll, vielen Dank f\u00fcr die Gastfreundschaft.<!-- R-CONTENT --><\/div> <span class=\"ti-read-more\" data-container=\".ti-review-content\" data-collapse-text=\"Ausblenden\" data-open-text=\"Weiterlesen\" ><\/span> <\/div> <\/div>  <\/div> <div class=\"ti-controls-line\"> <div class=\"dot\"><\/div> <\/div>   <\/div> <\/div> <\/div> <\/template><\/pre><div data-src=\"https:\/\/cdn.trustindex.io\/loader.js?wp-widget\" data-template-id=\"trustindex-airbnb-widget-html\" data-css-url=\"https:\/\/fewo-am-rauhen-kulm.de\/wp-content\/uploads\/trustindex-airbnb-widget.css?1732722972\"><\/div><\/div>\n\t\t\t\t\t\t<\/div>\n\t\t\t\t<\/div>\n\t\t\t\t\t<\/div>\n\t\t\t\t<\/div>\n\t\t\t\t<\/div>","protected":false},"excerpt":{"rendered":"<p>Warum in die Ferne schweifen, wenn das Gute liegt so nah?<\/p>","protected":false},"author":1,"featured_media":3075,"comment_status":"closed","ping_status":"open","sticky":false,"template":"elementor_theme","format":"standard","meta":{"_monsterinsights_skip_tracking":false,"_monsterinsights_sitenote_active":false,"_monsterinsights_sitenote_note":"","_monsterinsights_sitenote_category":0,"footnotes":""},"categories":[1],"tags":[29,28,31,32,34,30,33,35],"class_list":["post-3072","post","type-post","status-publish","format-standard","has-post-thumbnail","hentry","category-blog","tag-basislager","tag-ferienwohnung","tag-fichtelgebirge","tag-herbst","tag-oberpfaelzer-wald","tag-rauher-kulm","tag-urlaub","tag-waldnaab"],"yoast_head":"<!-- This site is optimized with the Yoast SEO Premium plugin v24.1 (Yoast SEO v24.2) - https:\/\/yoast.com\/wordpress\/plugins\/seo\/ -->\n<title>Urlaub vor der Haust\u00fcr \u2013 Meine pers\u00f6nlichen Entdeckungsreisen<\/title>\n<meta name=\"description\" content=\"Lange Zeit war ich auch der Meinung, dass ein echter Urlaub nur weit weg von zu Hause stattfinden kann. Doch dann habe ich angefangen, meine eigene Region mit ganz anderen Augen zu betrachten.\" \/>\n<meta name=\"robots\" content=\"index, follow, max-snippet:-1, max-image-preview:large, max-video-preview:-1\" \/>\n<link rel=\"canonical\" href=\"https:\/\/fewo-am-rauhen-kulm.de\/pl\/auszeit-fuer-die-ganze-familie-idyllische-ferienwohnung-auf-dem-land\/\" \/>\n<meta property=\"og:locale\" content=\"pl_PL\" \/>\n<meta property=\"og:type\" content=\"article\" \/>\n<meta property=\"og:title\" content=\"Familienurlaub Fichtelgebirge: Erleben Sie die Natur\" \/>\n<meta property=\"og:description\" content=\"Familienurlaub Fichtelgebirge wartet auf Sie! Genie\u00dfen Sie entspannte Tage in der Region.\" \/>\n<meta property=\"og:url\" content=\"https:\/\/fewo-am-rauhen-kulm.de\/pl\/auszeit-fuer-die-ganze-familie-idyllische-ferienwohnung-auf-dem-land\/\" \/>\n<meta property=\"og:site_name\" content=\"Ferienwohnung\" \/>\n<meta property=\"article:published_time\" content=\"2024-11-21T11:51:38+00:00\" \/>\n<meta property=\"article:modified_time\" content=\"2024-11-21T14:59:50+00:00\" \/>\n<meta property=\"og:image\" content=\"https:\/\/fewo-am-rauhen-kulm.de\/wp-content\/uploads\/2024\/11\/IMG_3235-rotated.jpg\" \/>\n\t<meta property=\"og:image:width\" content=\"1512\" \/>\n\t<meta property=\"og:image:height\" content=\"2016\" \/>\n\t<meta property=\"og:image:type\" content=\"image\/jpeg\" \/>\n<meta name=\"author\" content=\"AbsoluteGravity\" \/>\n<meta name=\"twitter:card\" content=\"summary_large_image\" \/>\n<meta name=\"twitter:title\" content=\"Familienurlaub Fichtelgebirge: Erleben Sie die Natur\" \/>\n<meta name=\"twitter:description\" content=\"Familienurlaub Fichtelgebirge wartet auf Sie! Genie\u00dfen Sie entspannte Tage in der Region.\" \/>\n<meta name=\"twitter:label1\" content=\"Napisane przez\" \/>\n\t<meta name=\"twitter:data1\" content=\"AbsoluteGravity\" \/>\n\t<meta name=\"twitter:label2\" content=\"Szacowany czas czytania\" \/>\n\t<meta name=\"twitter:data2\" content=\"4 minuty\" \/>\n<script type=\"application\/ld+json\" class=\"yoast-schema-graph\">{\"@context\":\"https:\/\/schema.org\",\"@graph\":[{\"@type\":\"Article\",\"@id\":\"https:\/\/fewo-am-rauhen-kulm.de\/auszeit-fuer-die-ganze-familie-idyllische-ferienwohnung-auf-dem-land\/#article\",\"isPartOf\":{\"@id\":\"https:\/\/fewo-am-rauhen-kulm.de\/auszeit-fuer-die-ganze-familie-idyllische-ferienwohnung-auf-dem-land\/\"},\"author\":{\"name\":\"AbsoluteGravity\",\"@id\":\"https:\/\/fewo-am-rauhen-kulm.de\/#\/schema\/person\/1399531c1585af7f9636c4712262fa99\"},\"headline\":\"Urlaub vor der Haust\u00fcr \u2013 Meine pers\u00f6nlichen Entdeckungsreisen\",\"datePublished\":\"2024-11-21T11:51:38+00:00\",\"dateModified\":\"2024-11-21T14:59:50+00:00\",\"mainEntityOfPage\":{\"@id\":\"https:\/\/fewo-am-rauhen-kulm.de\/auszeit-fuer-die-ganze-familie-idyllische-ferienwohnung-auf-dem-land\/\"},\"wordCount\":496,\"publisher\":{\"@id\":\"https:\/\/fewo-am-rauhen-kulm.de\/#organization\"},\"image\":{\"@id\":\"https:\/\/fewo-am-rauhen-kulm.de\/auszeit-fuer-die-ganze-familie-idyllische-ferienwohnung-auf-dem-land\/#primaryimage\"},\"thumbnailUrl\":\"https:\/\/fewo-am-rauhen-kulm.de\/wp-content\/uploads\/2024\/11\/IMG_3235-rotated.jpg\",\"keywords\":[\"Basislager\",\"Ferienwohnung\",\"Fichtelgebirge\",\"Herbst\",\"Oberpf\u00e4lzer Wald\",\"Rauher Kulm\",\"Urlaub\",\"Waldnaab\"],\"articleSection\":[\"Blog\"],\"inLanguage\":\"pl-PL\"},{\"@type\":\"WebPage\",\"@id\":\"https:\/\/fewo-am-rauhen-kulm.de\/auszeit-fuer-die-ganze-familie-idyllische-ferienwohnung-auf-dem-land\/\",\"url\":\"https:\/\/fewo-am-rauhen-kulm.de\/auszeit-fuer-die-ganze-familie-idyllische-ferienwohnung-auf-dem-land\/\",\"name\":\"Urlaub vor der Haust\u00fcr \u2013 Meine pers\u00f6nlichen Entdeckungsreisen\",\"isPartOf\":{\"@id\":\"https:\/\/fewo-am-rauhen-kulm.de\/#website\"},\"primaryImageOfPage\":{\"@id\":\"https:\/\/fewo-am-rauhen-kulm.de\/auszeit-fuer-die-ganze-familie-idyllische-ferienwohnung-auf-dem-land\/#primaryimage\"},\"image\":{\"@id\":\"https:\/\/fewo-am-rauhen-kulm.de\/auszeit-fuer-die-ganze-familie-idyllische-ferienwohnung-auf-dem-land\/#primaryimage\"},\"thumbnailUrl\":\"https:\/\/fewo-am-rauhen-kulm.de\/wp-content\/uploads\/2024\/11\/IMG_3235-rotated.jpg\",\"datePublished\":\"2024-11-21T11:51:38+00:00\",\"dateModified\":\"2024-11-21T14:59:50+00:00\",\"description\":\"Lange Zeit war ich auch der Meinung, dass ein echter Urlaub nur weit weg von zu Hause stattfinden kann. Doch dann habe ich angefangen, meine eigene Region mit ganz anderen Augen zu betrachten.\",\"breadcrumb\":{\"@id\":\"https:\/\/fewo-am-rauhen-kulm.de\/auszeit-fuer-die-ganze-familie-idyllische-ferienwohnung-auf-dem-land\/#breadcrumb\"},\"inLanguage\":\"pl-PL\",\"potentialAction\":[{\"@type\":\"ReadAction\",\"target\":[\"https:\/\/fewo-am-rauhen-kulm.de\/auszeit-fuer-die-ganze-familie-idyllische-ferienwohnung-auf-dem-land\/\"]}]},{\"@type\":\"ImageObject\",\"inLanguage\":\"pl-PL\",\"@id\":\"https:\/\/fewo-am-rauhen-kulm.de\/auszeit-fuer-die-ganze-familie-idyllische-ferienwohnung-auf-dem-land\/#primaryimage\",\"url\":\"https:\/\/fewo-am-rauhen-kulm.de\/wp-content\/uploads\/2024\/11\/IMG_3235-rotated.jpg\",\"contentUrl\":\"https:\/\/fewo-am-rauhen-kulm.de\/wp-content\/uploads\/2024\/11\/IMG_3235-rotated.jpg\",\"width\":1512,\"height\":2016,\"caption\":\"Ein Sonnenuntergang, der sich im Wasser spiegelt.\"},{\"@type\":\"BreadcrumbList\",\"@id\":\"https:\/\/fewo-am-rauhen-kulm.de\/auszeit-fuer-die-ganze-familie-idyllische-ferienwohnung-auf-dem-land\/#breadcrumb\",\"itemListElement\":[{\"@type\":\"ListItem\",\"position\":1,\"name\":\"Startseite\",\"item\":\"https:\/\/fewo-am-rauhen-kulm.de\/\"},{\"@type\":\"ListItem\",\"position\":2,\"name\":\"Urlaub vor der Haust\u00fcr \u2013 Meine pers\u00f6nlichen Entdeckungsreisen\"}]},{\"@type\":\"WebSite\",\"@id\":\"https:\/\/fewo-am-rauhen-kulm.de\/#website\",\"url\":\"https:\/\/fewo-am-rauhen-kulm.de\/\",\"name\":\"Ferienwohnung am Rauhen Kulm\",\"description\":\"Unterkunft in Neustadt am Kulm\",\"publisher\":{\"@id\":\"https:\/\/fewo-am-rauhen-kulm.de\/#organization\"},\"alternateName\":\"Urlaub in Neustadt am Kulm\",\"potentialAction\":[{\"@type\":\"SearchAction\",\"target\":{\"@type\":\"EntryPoint\",\"urlTemplate\":\"https:\/\/fewo-am-rauhen-kulm.de\/?s={search_term_string}\"},\"query-input\":{\"@type\":\"PropertyValueSpecification\",\"valueRequired\":true,\"valueName\":\"search_term_string\"}}],\"inLanguage\":\"pl-PL\"},{\"@type\":\"Organization\",\"@id\":\"https:\/\/fewo-am-rauhen-kulm.de\/#organization\",\"name\":\"Ferienwohnung am Rauhen Kulm\",\"url\":\"https:\/\/fewo-am-rauhen-kulm.de\/\",\"logo\":{\"@type\":\"ImageObject\",\"inLanguage\":\"pl-PL\",\"@id\":\"https:\/\/fewo-am-rauhen-kulm.de\/#\/schema\/logo\/image\/\",\"url\":\"https:\/\/fewo-am-rauhen-kulm.de\/wp-content\/uploads\/2024\/06\/Unbenannt-1.jpg\",\"contentUrl\":\"https:\/\/fewo-am-rauhen-kulm.de\/wp-content\/uploads\/2024\/06\/Unbenannt-1.jpg\",\"width\":800,\"height\":620,\"caption\":\"Ferienwohnung am Rauhen Kulm\"},\"image\":{\"@id\":\"https:\/\/fewo-am-rauhen-kulm.de\/#\/schema\/logo\/image\/\"},\"email\":\"info@fewo-am-rauhen-kulm.de\"},{\"@type\":\"Person\",\"@id\":\"https:\/\/fewo-am-rauhen-kulm.de\/#\/schema\/person\/1399531c1585af7f9636c4712262fa99\",\"name\":\"AbsoluteGravity\",\"image\":{\"@type\":\"ImageObject\",\"inLanguage\":\"pl-PL\",\"@id\":\"https:\/\/fewo-am-rauhen-kulm.de\/#\/schema\/person\/image\/\",\"url\":\"https:\/\/secure.gravatar.com\/avatar\/1e840d282d0425f458e9d9a566e20db444da3c3fb963c3b903f257abd5fc4b81?s=96&d=mm&r=g\",\"contentUrl\":\"https:\/\/secure.gravatar.com\/avatar\/1e840d282d0425f458e9d9a566e20db444da3c3fb963c3b903f257abd5fc4b81?s=96&d=mm&r=g\",\"caption\":\"AbsoluteGravity\"},\"sameAs\":[\"http:\/\/fewo-am-rauhen-kulm.de\"],\"url\":\"https:\/\/fewo-am-rauhen-kulm.de\/pl\/author\/absolutegravity\/\"}]}<\/script>\n<!-- \/ Yoast SEO Premium plugin. -->","yoast_head_json":{"title":"Urlaub vor der Haust\u00fcr \u2013 Meine pers\u00f6nlichen Entdeckungsreisen","description":"Lange Zeit war ich auch der Meinung, dass ein echter Urlaub nur weit weg von zu Hause stattfinden kann. Doch dann habe ich angefangen, meine eigene Region mit ganz anderen Augen zu betrachten.","robots":{"index":"index","follow":"follow","max-snippet":"max-snippet:-1","max-image-preview":"max-image-preview:large","max-video-preview":"max-video-preview:-1"},"canonical":"https:\/\/fewo-am-rauhen-kulm.de\/pl\/auszeit-fuer-die-ganze-familie-idyllische-ferienwohnung-auf-dem-land\/","og_locale":"pl_PL","og_type":"article","og_title":"Familienurlaub Fichtelgebirge: Erleben Sie die Natur","og_description":"Familienurlaub Fichtelgebirge wartet auf Sie! Genie\u00dfen Sie entspannte Tage in der Region.","og_url":"https:\/\/fewo-am-rauhen-kulm.de\/pl\/auszeit-fuer-die-ganze-familie-idyllische-ferienwohnung-auf-dem-land\/","og_site_name":"Ferienwohnung","article_published_time":"2024-11-21T11:51:38+00:00","article_modified_time":"2024-11-21T14:59:50+00:00","og_image":[{"width":1512,"height":2016,"url":"https:\/\/fewo-am-rauhen-kulm.de\/wp-content\/uploads\/2024\/11\/IMG_3235-rotated.jpg","type":"image\/jpeg"}],"author":"AbsoluteGravity","twitter_card":"summary_large_image","twitter_title":"Familienurlaub Fichtelgebirge: Erleben Sie die Natur","twitter_description":"Familienurlaub Fichtelgebirge wartet auf Sie! Genie\u00dfen Sie entspannte Tage in der Region.","twitter_misc":{"Napisane przez":"AbsoluteGravity","Szacowany czas czytania":"4 minuty"},"schema":{"@context":"https:\/\/schema.org","@graph":[{"@type":"Article","@id":"https:\/\/fewo-am-rauhen-kulm.de\/auszeit-fuer-die-ganze-familie-idyllische-ferienwohnung-auf-dem-land\/#article","isPartOf":{"@id":"https:\/\/fewo-am-rauhen-kulm.de\/auszeit-fuer-die-ganze-familie-idyllische-ferienwohnung-auf-dem-land\/"},"author":{"name":"AbsoluteGravity","@id":"https:\/\/fewo-am-rauhen-kulm.de\/#\/schema\/person\/1399531c1585af7f9636c4712262fa99"},"headline":"Urlaub vor der Haust\u00fcr \u2013 Meine pers\u00f6nlichen Entdeckungsreisen","datePublished":"2024-11-21T11:51:38+00:00","dateModified":"2024-11-21T14:59:50+00:00","mainEntityOfPage":{"@id":"https:\/\/fewo-am-rauhen-kulm.de\/auszeit-fuer-die-ganze-familie-idyllische-ferienwohnung-auf-dem-land\/"},"wordCount":496,"publisher":{"@id":"https:\/\/fewo-am-rauhen-kulm.de\/#organization"},"image":{"@id":"https:\/\/fewo-am-rauhen-kulm.de\/auszeit-fuer-die-ganze-familie-idyllische-ferienwohnung-auf-dem-land\/#primaryimage"},"thumbnailUrl":"https:\/\/fewo-am-rauhen-kulm.de\/wp-content\/uploads\/2024\/11\/IMG_3235-rotated.jpg","keywords":["Basislager","Ferienwohnung","Fichtelgebirge","Herbst","Oberpf\u00e4lzer Wald","Rauher Kulm","Urlaub","Waldnaab"],"articleSection":["Blog"],"inLanguage":"pl-PL"},{"@type":"WebPage","@id":"https:\/\/fewo-am-rauhen-kulm.de\/auszeit-fuer-die-ganze-familie-idyllische-ferienwohnung-auf-dem-land\/","url":"https:\/\/fewo-am-rauhen-kulm.de\/auszeit-fuer-die-ganze-familie-idyllische-ferienwohnung-auf-dem-land\/","name":"Urlaub vor der Haust\u00fcr \u2013 Meine pers\u00f6nlichen Entdeckungsreisen","isPartOf":{"@id":"https:\/\/fewo-am-rauhen-kulm.de\/#website"},"primaryImageOfPage":{"@id":"https:\/\/fewo-am-rauhen-kulm.de\/auszeit-fuer-die-ganze-familie-idyllische-ferienwohnung-auf-dem-land\/#primaryimage"},"image":{"@id":"https:\/\/fewo-am-rauhen-kulm.de\/auszeit-fuer-die-ganze-familie-idyllische-ferienwohnung-auf-dem-land\/#primaryimage"},"thumbnailUrl":"https:\/\/fewo-am-rauhen-kulm.de\/wp-content\/uploads\/2024\/11\/IMG_3235-rotated.jpg","datePublished":"2024-11-21T11:51:38+00:00","dateModified":"2024-11-21T14:59:50+00:00","description":"Lange Zeit war ich auch der Meinung, dass ein echter Urlaub nur weit weg von zu Hause stattfinden kann. Doch dann habe ich angefangen, meine eigene Region mit ganz anderen Augen zu betrachten.","breadcrumb":{"@id":"https:\/\/fewo-am-rauhen-kulm.de\/auszeit-fuer-die-ganze-familie-idyllische-ferienwohnung-auf-dem-land\/#breadcrumb"},"inLanguage":"pl-PL","potentialAction":[{"@type":"ReadAction","target":["https:\/\/fewo-am-rauhen-kulm.de\/auszeit-fuer-die-ganze-familie-idyllische-ferienwohnung-auf-dem-land\/"]}]},{"@type":"ImageObject","inLanguage":"pl-PL","@id":"https:\/\/fewo-am-rauhen-kulm.de\/auszeit-fuer-die-ganze-familie-idyllische-ferienwohnung-auf-dem-land\/#primaryimage","url":"https:\/\/fewo-am-rauhen-kulm.de\/wp-content\/uploads\/2024\/11\/IMG_3235-rotated.jpg","contentUrl":"https:\/\/fewo-am-rauhen-kulm.de\/wp-content\/uploads\/2024\/11\/IMG_3235-rotated.jpg","width":1512,"height":2016,"caption":"Ein Sonnenuntergang, der sich im Wasser spiegelt."},{"@type":"BreadcrumbList","@id":"https:\/\/fewo-am-rauhen-kulm.de\/auszeit-fuer-die-ganze-familie-idyllische-ferienwohnung-auf-dem-land\/#breadcrumb","itemListElement":[{"@type":"ListItem","position":1,"name":"Startseite","item":"https:\/\/fewo-am-rauhen-kulm.de\/"},{"@type":"ListItem","position":2,"name":"Urlaub vor der Haust\u00fcr \u2013 Meine pers\u00f6nlichen Entdeckungsreisen"}]},{"@type":"WebSite","@id":"https:\/\/fewo-am-rauhen-kulm.de\/#website","url":"https:\/\/fewo-am-rauhen-kulm.de\/","name":"Ferienwohnung am Rauhen Kulm","description":"Unterkunft in Neustadt am Kulm","publisher":{"@id":"https:\/\/fewo-am-rauhen-kulm.de\/#organization"},"alternateName":"Urlaub in Neustadt am Kulm","potentialAction":[{"@type":"SearchAction","target":{"@type":"EntryPoint","urlTemplate":"https:\/\/fewo-am-rauhen-kulm.de\/?s={search_term_string}"},"query-input":{"@type":"PropertyValueSpecification","valueRequired":true,"valueName":"search_term_string"}}],"inLanguage":"pl-PL"},{"@type":"Organization","@id":"https:\/\/fewo-am-rauhen-kulm.de\/#organization","name":"Ferienwohnung am Rauhen Kulm","url":"https:\/\/fewo-am-rauhen-kulm.de\/","logo":{"@type":"ImageObject","inLanguage":"pl-PL","@id":"https:\/\/fewo-am-rauhen-kulm.de\/#\/schema\/logo\/image\/","url":"https:\/\/fewo-am-rauhen-kulm.de\/wp-content\/uploads\/2024\/06\/Unbenannt-1.jpg","contentUrl":"https:\/\/fewo-am-rauhen-kulm.de\/wp-content\/uploads\/2024\/06\/Unbenannt-1.jpg","width":800,"height":620,"caption":"Ferienwohnung am Rauhen Kulm"},"image":{"@id":"https:\/\/fewo-am-rauhen-kulm.de\/#\/schema\/logo\/image\/"},"email":"info@fewo-am-rauhen-kulm.de"},{"@type":"Person","@id":"https:\/\/fewo-am-rauhen-kulm.de\/#\/schema\/person\/1399531c1585af7f9636c4712262fa99","name":"AbsoluteGravity","image":{"@type":"ImageObject","inLanguage":"pl-PL","@id":"https:\/\/fewo-am-rauhen-kulm.de\/#\/schema\/person\/image\/","url":"https:\/\/secure.gravatar.com\/avatar\/1e840d282d0425f458e9d9a566e20db444da3c3fb963c3b903f257abd5fc4b81?s=96&d=mm&r=g","contentUrl":"https:\/\/secure.gravatar.com\/avatar\/1e840d282d0425f458e9d9a566e20db444da3c3fb963c3b903f257abd5fc4b81?s=96&d=mm&r=g","caption":"AbsoluteGravity"},"sameAs":["http:\/\/fewo-am-rauhen-kulm.de"],"url":"https:\/\/fewo-am-rauhen-kulm.de\/pl\/author\/absolutegravity\/"}]}},"_links":{"self":[{"href":"https:\/\/fewo-am-rauhen-kulm.de\/pl\/wp-json\/wp\/v2\/posts\/3072","targetHints":{"allow":["GET"]}}],"collection":[{"href":"https:\/\/fewo-am-rauhen-kulm.de\/pl\/wp-json\/wp\/v2\/posts"}],"about":[{"href":"https:\/\/fewo-am-rauhen-kulm.de\/pl\/wp-json\/wp\/v2\/types\/post"}],"author":[{"embeddable":true,"href":"https:\/\/fewo-am-rauhen-kulm.de\/pl\/wp-json\/wp\/v2\/users\/1"}],"replies":[{"embeddable":true,"href":"https:\/\/fewo-am-rauhen-kulm.de\/pl\/wp-json\/wp\/v2\/comments?post=3072"}],"version-history":[{"count":0,"href":"https:\/\/fewo-am-rauhen-kulm.de\/pl\/wp-json\/wp\/v2\/posts\/3072\/revisions"}],"wp:featuredmedia":[{"embeddable":true,"href":"https:\/\/fewo-am-rauhen-kulm.de\/pl\/wp-json\/wp\/v2\/media\/3075"}],"wp:attachment":[{"href":"https:\/\/fewo-am-rauhen-kulm.de\/pl\/wp-json\/wp\/v2\/media?parent=3072"}],"wp:term":[{"taxonomy":"category","embeddable":true,"href":"https:\/\/fewo-am-rauhen-kulm.de\/pl\/wp-json\/wp\/v2\/categories?post=3072"},{"taxonomy":"post_tag","embeddable":true,"href":"https:\/\/fewo-am-rauhen-kulm.de\/pl\/wp-json\/wp\/v2\/tags?post=3072"}],"curies":[{"name":"wp","href":"https:\/\/api.w.org\/{rel}","templated":true}]}}