{"id":3335,"date":"2025-01-03T14:03:19","date_gmt":"2025-01-03T13:03:19","guid":{"rendered":"https:\/\/fewo-am-rauhen-kulm.de\/?p=3335"},"modified":"2025-01-03T14:14:05","modified_gmt":"2025-01-03T13:14:05","slug":"herbsturlaub-in-der-noerdlichen-oberpfalz","status":"publish","type":"post","link":"https:\/\/fewo-am-rauhen-kulm.de\/pl\/herbsturlaub-in-der-noerdlichen-oberpfalz\/","title":{"rendered":"Winterzauber am Rauhen Kulm \u2013 Aktivit\u00e4ten f\u00fcr die ganze Familie"},"content":{"rendered":"<div data-elementor-type=\"wp-post\" data-elementor-id=\"3335\" class=\"elementor elementor-3335\" data-elementor-post-type=\"post\">\n\t\t\t\t<div data-particle_enable=\"false\" data-particle-mobile-disabled=\"false\" class=\"elementor-element elementor-element-17513470 e-flex e-con-boxed e-con e-parent\" data-id=\"17513470\" data-element_type=\"container\">\n\t\t\t\t\t<div class=\"e-con-inner\">\n\t\t\t\t<div class=\"elementor-element elementor-element-0f50ac5 elementor-widget-divider--view-line elementor-widget elementor-widget-divider\" data-id=\"0f50ac5\" data-element_type=\"widget\" data-widget_type=\"divider.default\">\n\t\t\t\t<div class=\"elementor-widget-container\">\n\t\t\t\t\t\t\t<div class=\"elementor-divider\">\n\t\t\t<span class=\"elementor-divider-separator\">\n\t\t\t\t\t\t<\/span>\n\t\t<\/div>\n\t\t\t\t\t\t<\/div>\n\t\t\t\t<\/div>\n\t\t\t\t<div class=\"elementor-element elementor-element-b0c5575 elementor-widget elementor-widget-text-editor\" data-id=\"b0c5575\" data-element_type=\"widget\" data-widget_type=\"text-editor.default\">\n\t\t\t\t<div class=\"elementor-widget-container\">\n\t\t\t\t\t\t\t\t\t<p data-sourcepos=\"10:1-10:366\">Willkommen in der winterlichen M\u00e4rchenwelt rund um den Rauhen Kulm! Unsere Ferienwohnung in Neustadt am Kulm ist der perfekte Ausgangspunkt f\u00fcr unvergessliche Wintererlebnisse. Ob Sie die verschneite Landschaft bei einer Schneewanderung erkunden, die Pisten hinunterwedeln oder einfach nur die gem\u00fctliche Atmosph\u00e4re unserer Ferienwohnung genie\u00dfen m\u00f6chten \u2013 hier finden Sie garantiert das Passende.<\/p>\n<p><!-- \/wp:paragraph --><\/p>\t\t\t\t\t\t\t\t<\/div>\n\t\t\t\t<\/div>\n\t\t\t\t\t<\/div>\n\t\t\t\t<\/div>\n\t\t<div data-particle_enable=\"false\" data-particle-mobile-disabled=\"false\" class=\"elementor-element elementor-element-fba9bf9 e-flex e-con-boxed e-con e-parent\" data-id=\"fba9bf9\" data-element_type=\"container\">\n\t\t\t\t\t<div class=\"e-con-inner\">\n\t\t<div data-particle_enable=\"false\" data-particle-mobile-disabled=\"false\" class=\"elementor-element elementor-element-1a6b211 e-con-full e-flex e-con e-child\" data-id=\"1a6b211\" data-element_type=\"container\">\n\t\t\t\t<div class=\"elementor-element elementor-element-e5debcd elementor-widget__width-initial elementor-widget elementor-widget-text-editor\" data-id=\"e5debcd\" data-element_type=\"widget\" data-widget_type=\"text-editor.default\">\n\t\t\t\t<div class=\"elementor-widget-container\">\n\t\t\t\t\t\t\t\t\t<h3 data-sourcepos=\"9:1-9:47\"><strong>Wintersportvergn\u00fcgen f\u00fcr Gro\u00df und Klein<\/strong><\/h3>\n<p data-sourcepos=\"11:1-11:384\">\u00a0<\/p>\n<ul>\n<li data-sourcepos=\"11:1-11:253\"><strong>Skifahren und Snowboarden:<\/strong> Die nahegelegenen Skigebiete Klausenlift in Mehlmeisel und Ochsenkopf bieten Abwechslung f\u00fcr Anf\u00e4nger und Profis. Genie\u00dfen Sie die frisch pr\u00e4parierten Pisten und die herrliche Aussicht auf das winterliche Fichtelgebirge.<\/li>\n<li data-sourcepos=\"12:1-12:220\"><strong>Winterwandern:<\/strong> Entdecken Sie die unber\u00fchrte Natur bei einer Schneewanderung durch die verschneiten W\u00e4lder rund um den Rauhen Kulm. Zahlreiche Winterwanderwege f\u00fchren Sie zu idyllischen Pl\u00e4tzen und Aussichtspunkten.<\/li>\n<li data-sourcepos=\"13:1-14:0\"><strong>Schneeschuhwandern:<\/strong> Erleben Sie die Winterlandschaft auf eine ganz besondere Art und Weise. Mit Schneeschuhen k\u00f6nnen Sie abseits der gespurten Wege die Natur erkunden.<\/li>\n<\/ul>\t\t\t\t\t\t\t\t<\/div>\n\t\t\t\t<\/div>\n\t\t\t\t<div class=\"elementor-element elementor-element-8c87914 elementor-widget elementor-widget-button\" data-id=\"8c87914\" data-element_type=\"widget\" data-widget_type=\"button.default\">\n\t\t\t\t<div class=\"elementor-widget-container\">\n\t\t\t\t\t\t\t\t\t<div class=\"elementor-button-wrapper\">\n\t\t\t\t\t<a class=\"elementor-button elementor-button-link elementor-size-sm\" href=\"https:\/\/ochsenkopf.info\/winter\/abfahrten\/\" target=\"_blank\">\n\t\t\t\t\t\t<span class=\"elementor-button-content-wrapper\">\n\t\t\t\t\t\t\t\t\t<span class=\"elementor-button-text\">Dowiedz si\u0119 wi\u0119cej<\/span>\n\t\t\t\t\t<\/span>\n\t\t\t\t\t<\/a>\n\t\t\t\t<\/div>\n\t\t\t\t\t\t\t\t<\/div>\n\t\t\t\t<\/div>\n\t\t\t\t<\/div>\n\t\t<div data-particle_enable=\"false\" data-particle-mobile-disabled=\"false\" class=\"elementor-element elementor-element-506c4a5 e-con-full e-flex e-con e-child\" data-id=\"506c4a5\" data-element_type=\"container\">\n\t\t\t\t<div class=\"elementor-element elementor-element-d483f8b elementor-widget elementor-widget-image\" data-id=\"d483f8b\" data-element_type=\"widget\" data-widget_type=\"image.default\">\n\t\t\t\t<div class=\"elementor-widget-container\">\n\t\t\t\t\t\t\t\t\t\t\t\t\t\t\t<img fetchpriority=\"high\" decoding=\"async\" width=\"800\" height=\"534\" src=\"https:\/\/fewo-am-rauhen-kulm.de\/wp-content\/uploads\/2025\/01\/federico-persiani-XvPuZ2Q71GA-unsplash-1-1024x683.jpg\" class=\"attachment-large size-large wp-image-3341\" alt=\"Ein Snowboardfahrer in gelber Jacke f\u00e4hrt auf einer verschneiten Piste mit einem blauen Schild im Hintergrund.\" srcset=\"https:\/\/fewo-am-rauhen-kulm.de\/wp-content\/uploads\/2025\/01\/federico-persiani-XvPuZ2Q71GA-unsplash-1-1024x683.jpg 1024w, https:\/\/fewo-am-rauhen-kulm.de\/wp-content\/uploads\/2025\/01\/federico-persiani-XvPuZ2Q71GA-unsplash-1-300x200.jpg 300w, https:\/\/fewo-am-rauhen-kulm.de\/wp-content\/uploads\/2025\/01\/federico-persiani-XvPuZ2Q71GA-unsplash-1-768x512.jpg 768w, https:\/\/fewo-am-rauhen-kulm.de\/wp-content\/uploads\/2025\/01\/federico-persiani-XvPuZ2Q71GA-unsplash-1-1536x1024.jpg 1536w, https:\/\/fewo-am-rauhen-kulm.de\/wp-content\/uploads\/2025\/01\/federico-persiani-XvPuZ2Q71GA-unsplash-1.jpg 1920w\" sizes=\"(max-width: 800px) 100vw, 800px\" \/>\t\t\t\t\t\t\t\t\t\t\t\t\t\t\t<\/div>\n\t\t\t\t<\/div>\n\t\t\t\t<\/div>\n\t\t\t\t\t<\/div>\n\t\t\t\t<\/div>\n\t\t<div data-particle_enable=\"false\" data-particle-mobile-disabled=\"false\" class=\"elementor-element elementor-element-6116d30 e-flex e-con-boxed e-con e-parent\" data-id=\"6116d30\" data-element_type=\"container\">\n\t\t\t\t\t<div class=\"e-con-inner\">\n\t\t<div data-particle_enable=\"false\" data-particle-mobile-disabled=\"false\" class=\"elementor-element elementor-element-36a2bea e-con-full e-flex e-con e-child\" data-id=\"36a2bea\" data-element_type=\"container\">\n\t\t\t\t<div class=\"elementor-element elementor-element-2dfa3dd elementor-widget__width-initial elementor-widget elementor-widget-image\" data-id=\"2dfa3dd\" data-element_type=\"widget\" data-widget_type=\"image.default\">\n\t\t\t\t<div class=\"elementor-widget-container\">\n\t\t\t\t\t\t\t\t\t\t\t\t\t\t\t<img decoding=\"async\" width=\"768\" height=\"1024\" src=\"https:\/\/fewo-am-rauhen-kulm.de\/wp-content\/uploads\/2025\/01\/cristian-tarzi-39LPP89fLQ8-unsplash-1-768x1024.jpg\" class=\"attachment-large size-large wp-image-3342\" alt=\"Ein Schneemann steht in einer verschneiten Landschaft mit B\u00e4umen im Hintergrund.\" srcset=\"https:\/\/fewo-am-rauhen-kulm.de\/wp-content\/uploads\/2025\/01\/cristian-tarzi-39LPP89fLQ8-unsplash-1-768x1024.jpg 768w, https:\/\/fewo-am-rauhen-kulm.de\/wp-content\/uploads\/2025\/01\/cristian-tarzi-39LPP89fLQ8-unsplash-1-225x300.jpg 225w, https:\/\/fewo-am-rauhen-kulm.de\/wp-content\/uploads\/2025\/01\/cristian-tarzi-39LPP89fLQ8-unsplash-1-1152x1536.jpg 1152w, https:\/\/fewo-am-rauhen-kulm.de\/wp-content\/uploads\/2025\/01\/cristian-tarzi-39LPP89fLQ8-unsplash-1-1536x2048.jpg 1536w, https:\/\/fewo-am-rauhen-kulm.de\/wp-content\/uploads\/2025\/01\/cristian-tarzi-39LPP89fLQ8-unsplash-1.jpg 1920w\" sizes=\"(max-width: 768px) 100vw, 768px\" \/>\t\t\t\t\t\t\t\t\t\t\t\t\t\t\t<\/div>\n\t\t\t\t<\/div>\n\t\t\t\t<\/div>\n\t\t<div data-particle_enable=\"false\" data-particle-mobile-disabled=\"false\" class=\"elementor-element elementor-element-8368371 e-con-full e-flex e-con e-child\" data-id=\"8368371\" data-element_type=\"container\">\n\t\t\t\t<div class=\"elementor-element elementor-element-18fe504 elementor-widget elementor-widget-text-editor\" data-id=\"18fe504\" data-element_type=\"widget\" data-widget_type=\"text-editor.default\">\n\t\t\t\t<div class=\"elementor-widget-container\">\n\t\t\t\t\t\t\t\t\t<h3 data-sourcepos=\"15:1-15:39\"><strong>Familienfreundliche Aktivit\u00e4ten<\/strong><\/h3>\n<p data-sourcepos=\"15:1-15:76\">\u00a0<\/p>\n<ul>\n<li data-sourcepos=\"17:1-17:125\"><strong>Winterrodeln:<\/strong> Spa\u00df f\u00fcr die ganze Familie garantiert! Zahlreiche Rodelbahnen in der Umgebung laden zum rasanten Vergn\u00fcgen ein.<\/li>\n<li data-sourcepos=\"18:1-18:118\"><strong>Eislaufen:<\/strong> Auf den Eispl\u00e4tzen in der Region k\u00f6nnen Sie Ihre Runden drehen und die winterliche Stimmung genie\u00dfen.<\/li>\n<li data-sourcepos=\"19:1-20:0\"><strong>Bau eines Schneemanns:<\/strong> Ein Klassiker im Winter! Lassen Sie Ihrer Kreativit\u00e4t freien Lauf und bauen Sie mit Ihren Kindern einen Schneemann.<\/li>\n<\/ul>\n<h3 class=\"\" data-sourcepos=\"18:1-18:65\">\u00a0<\/h3>\t\t\t\t\t\t\t\t<\/div>\n\t\t\t\t<\/div>\n\t\t\t\t<div class=\"elementor-element elementor-element-c563f46 elementor-widget elementor-widget-button\" data-id=\"c563f46\" data-element_type=\"widget\" data-widget_type=\"button.default\">\n\t\t\t\t<div class=\"elementor-widget-container\">\n\t\t\t\t\t\t\t\t\t<div class=\"elementor-button-wrapper\">\n\t\t\t\t\t<a class=\"elementor-button elementor-button-link elementor-size-sm\" href=\"https:\/\/ochsenkopf.info\/winter\/rodelbahn\/\" target=\"_blank\">\n\t\t\t\t\t\t<span class=\"elementor-button-content-wrapper\">\n\t\t\t\t\t\t\t\t\t<span class=\"elementor-button-text\">Dowiedz si\u0119 wi\u0119cej<\/span>\n\t\t\t\t\t<\/span>\n\t\t\t\t\t<\/a>\n\t\t\t\t<\/div>\n\t\t\t\t\t\t\t\t<\/div>\n\t\t\t\t<\/div>\n\t\t\t\t<\/div>\n\t\t\t\t\t<\/div>\n\t\t\t\t<\/div>\n\t\t<div data-particle_enable=\"false\" data-particle-mobile-disabled=\"false\" class=\"elementor-element elementor-element-014be7b e-flex e-con-boxed e-con e-parent\" data-id=\"014be7b\" data-element_type=\"container\">\n\t\t\t\t\t<div class=\"e-con-inner\">\n\t\t<div data-particle_enable=\"false\" data-particle-mobile-disabled=\"false\" class=\"elementor-element elementor-element-5b9bb21 e-con-full e-flex e-con e-child\" data-id=\"5b9bb21\" data-element_type=\"container\">\n\t\t\t\t<div class=\"elementor-element elementor-element-af2699e elementor-widget__width-initial elementor-widget elementor-widget-text-editor\" data-id=\"af2699e\" data-element_type=\"widget\" data-widget_type=\"text-editor.default\">\n\t\t\t\t<div class=\"elementor-widget-container\">\n\t\t\t\t\t\t\t\t\t<h3 data-sourcepos=\"25:1-25:43\"><strong>Schneewanderungen im Fichtelgebirge<\/strong><\/h3>\n<p data-sourcepos=\"13:1-13:47\">\u00a0<\/p>\n<p data-sourcepos=\"27:1-27:368\">Das Fichtelgebirge bietet eine Vielzahl von Schneewanderwegen f\u00fcr jedes Fitnesslevel. Ob Sie eine kurze Runde um den Rauhen Kulm drehen oder eine anspruchsvollere Tour unternehmen m\u00f6chten \u2013 hier finden Sie garantiert die passende Route. Besonders empfehlenswert sind die Schneewanderungen rund um den Fichtelsee, der im Winter eine besonders idyllische Kulisse bietet.<\/p>\n<h3 data-sourcepos=\"29:1-29:17\">\u00a0<\/h3>\t\t\t\t\t\t\t\t<\/div>\n\t\t\t\t<\/div>\n\t\t\t\t<div class=\"elementor-element elementor-element-bd31f85 elementor-widget elementor-widget-button\" data-id=\"bd31f85\" data-element_type=\"widget\" data-widget_type=\"button.default\">\n\t\t\t\t<div class=\"elementor-widget-container\">\n\t\t\t\t\t\t\t\t\t<div class=\"elementor-button-wrapper\">\n\t\t\t\t\t<a class=\"elementor-button elementor-button-link elementor-size-sm\" href=\"https:\/\/www.hotel-am-fichtelsee.de\/livecamera\/\" target=\"_blank\">\n\t\t\t\t\t\t<span class=\"elementor-button-content-wrapper\">\n\t\t\t\t\t\t\t\t\t<span class=\"elementor-button-text\">Dowiedz si\u0119 wi\u0119cej<\/span>\n\t\t\t\t\t<\/span>\n\t\t\t\t\t<\/a>\n\t\t\t\t<\/div>\n\t\t\t\t\t\t\t\t<\/div>\n\t\t\t\t<\/div>\n\t\t\t\t<\/div>\n\t\t<div data-particle_enable=\"false\" data-particle-mobile-disabled=\"false\" class=\"elementor-element elementor-element-e8b33c3 e-con-full e-flex e-con e-child\" data-id=\"e8b33c3\" data-element_type=\"container\">\n\t\t\t\t<div class=\"elementor-element elementor-element-b00b65e elementor-widget elementor-widget-image\" data-id=\"b00b65e\" data-element_type=\"widget\" data-widget_type=\"image.default\">\n\t\t\t\t<div class=\"elementor-widget-container\">\n\t\t\t\t\t\t\t\t\t\t\t\t\t\t\t<img decoding=\"async\" width=\"800\" height=\"534\" src=\"https:\/\/fewo-am-rauhen-kulm.de\/wp-content\/uploads\/2025\/01\/michael-diane-weidner-rlTwUDXQj-o-unsplash-1024x683.jpg\" class=\"attachment-large size-large wp-image-3340\" alt=\"Ein verschneiter Waldweg mit schneebedeckten B\u00e4umen und einem klaren Pfad im Schnee.\" srcset=\"https:\/\/fewo-am-rauhen-kulm.de\/wp-content\/uploads\/2025\/01\/michael-diane-weidner-rlTwUDXQj-o-unsplash-1024x683.jpg 1024w, https:\/\/fewo-am-rauhen-kulm.de\/wp-content\/uploads\/2025\/01\/michael-diane-weidner-rlTwUDXQj-o-unsplash-300x200.jpg 300w, https:\/\/fewo-am-rauhen-kulm.de\/wp-content\/uploads\/2025\/01\/michael-diane-weidner-rlTwUDXQj-o-unsplash-768x512.jpg 768w, https:\/\/fewo-am-rauhen-kulm.de\/wp-content\/uploads\/2025\/01\/michael-diane-weidner-rlTwUDXQj-o-unsplash-1536x1024.jpg 1536w, https:\/\/fewo-am-rauhen-kulm.de\/wp-content\/uploads\/2025\/01\/michael-diane-weidner-rlTwUDXQj-o-unsplash.jpg 1920w\" sizes=\"(max-width: 800px) 100vw, 800px\" \/>\t\t\t\t\t\t\t\t\t\t\t\t\t\t\t<\/div>\n\t\t\t\t<\/div>\n\t\t\t\t<\/div>\n\t\t\t\t\t<\/div>\n\t\t\t\t<\/div>\n\t\t<div data-particle_enable=\"false\" data-particle-mobile-disabled=\"false\" class=\"elementor-element elementor-element-793df98 e-flex e-con-boxed e-con e-parent\" data-id=\"793df98\" data-element_type=\"container\">\n\t\t\t\t\t<div class=\"e-con-inner\">\n\t\t<div data-particle_enable=\"false\" data-particle-mobile-disabled=\"false\" class=\"elementor-element elementor-element-c49fade e-con-full e-flex e-con e-child\" data-id=\"c49fade\" data-element_type=\"container\">\n\t\t\t\t<div class=\"elementor-element elementor-element-e11f45d elementor-widget elementor-widget-text-editor\" data-id=\"e11f45d\" data-element_type=\"widget\" data-widget_type=\"text-editor.default\">\n\t\t\t\t<div class=\"elementor-widget-container\">\n\t\t\t\t\t\t\t\t\t<h3 data-sourcepos=\"21:1-21:50\"><strong>Gem\u00fctliche Abende in unserer Ferienwohnung<\/strong><\/h3>\n<p data-sourcepos=\"23:1-23:214\">Nach einem aktiven Tag in der frischen Luft k\u00f6nnen Sie sich in unserer gem\u00fctlichen Ferienwohnung entspannen. Kuscheln Sie sich auf die Couch, genie\u00dfen Sie den Blick aus dem Fenster und lassen Sie die Seele baumeln.n.<\/p>\t\t\t\t\t\t\t\t<\/div>\n\t\t\t\t<\/div>\n\t\t\t\t<\/div>\n\t\t\t\t\t<\/div>\n\t\t\t\t<\/div>\n\t\t<div data-particle_enable=\"false\" data-particle-mobile-disabled=\"false\" class=\"elementor-element elementor-element-20eb19f e-flex e-con-boxed e-con e-parent\" data-id=\"20eb19f\" data-element_type=\"container\">\n\t\t\t\t\t<div class=\"e-con-inner\">\n\t\t<div data-particle_enable=\"false\" data-particle-mobile-disabled=\"false\" class=\"elementor-element elementor-element-b0706e2 e-con-full e-flex e-con e-child\" data-id=\"b0706e2\" data-element_type=\"container\">\n\t\t\t\t<div class=\"elementor-element elementor-element-92ca880 elementor-widget-divider--view-line elementor-widget elementor-widget-divider\" data-id=\"92ca880\" data-element_type=\"widget\" data-widget_type=\"divider.default\">\n\t\t\t\t<div class=\"elementor-widget-container\">\n\t\t\t\t\t\t\t<div class=\"elementor-divider\">\n\t\t\t<span class=\"elementor-divider-separator\">\n\t\t\t\t\t\t<\/span>\n\t\t<\/div>\n\t\t\t\t\t\t<\/div>\n\t\t\t\t<\/div>\n\t\t\t\t<div class=\"elementor-element elementor-element-46fd4ac elementor-widget elementor-widget-heading\" data-id=\"46fd4ac\" data-element_type=\"widget\" data-widget_type=\"heading.default\">\n\t\t\t\t<div class=\"elementor-widget-container\">\n\t\t\t\t\t<h2 class=\"elementor-heading-title elementor-size-default\">Buchen Sie jetzt Ihren Winterurlaub!\n<\/h2>\t\t\t\t<\/div>\n\t\t\t\t<\/div>\n\t\t\t\t<div class=\"elementor-element elementor-element-c2a97a2 elementor-widget elementor-widget-spacer\" data-id=\"c2a97a2\" data-element_type=\"widget\" data-widget_type=\"spacer.default\">\n\t\t\t\t<div class=\"elementor-widget-container\">\n\t\t\t\t\t\t\t<div class=\"elementor-spacer\">\n\t\t\t<div class=\"elementor-spacer-inner\"><\/div>\n\t\t<\/div>\n\t\t\t\t\t\t<\/div>\n\t\t\t\t<\/div>\n\t\t\t\t<div class=\"elementor-element elementor-element-053a4d0 elementor-cta--skin-cover elementor-cta--valign-middle elementor-animated-content elementor-bg-transform elementor-bg-transform-zoom-in elementor-widget elementor-widget-call-to-action\" data-id=\"053a4d0\" data-element_type=\"widget\" data-widget_type=\"call-to-action.default\">\n\t\t\t\t<div class=\"elementor-widget-container\">\n\t\t\t\t\t\t\t<a class=\"elementor-cta\" href=\"\/fewo-panoramablick\">\n\t\t\t\t\t<div class=\"elementor-cta__bg-wrapper\">\n\t\t\t\t<div class=\"elementor-cta__bg elementor-bg\" style=\"background-image: url(https:\/\/fewo-am-rauhen-kulm.de\/wp-content\/uploads\/2024\/09\/fewo-panoramablick.jpg);\" role=\"img\" aria-label=\"Balkon mit Holzstuhl und Blick auf eine gr\u00fcne Landschaft, kombiniert mit einem Wohnzimmer mit Fernseher und Sofa.\"><\/div>\n\t\t\t\t<div class=\"elementor-cta__bg-overlay\"><\/div>\n\t\t\t<\/div>\n\t\t\t\t\t\t\t<div class=\"elementor-cta__content\">\n\t\t\t\t\t\t\t\t\t<div class=\"elementor-content-item elementor-cta__content-item elementor-icon-wrapper elementor-cta__icon elementor-view-default elementor-animated-item--grow\">\n\t\t\t\t\t\t<div class=\"elementor-icon\">\n\t\t\t\t\t\t\t\t\t\t\t\t\t<\/div>\n\t\t\t\t\t<\/div>\n\t\t\t\t\n\t\t\t\t\t\t\t\t\t<h2 class=\"elementor-cta__title elementor-cta__content-item elementor-content-item elementor-animated-item--grow\">\n\t\t\t\t\t\tFeWo Panoramablick\t\t\t\t\t<\/h2>\n\t\t\t\t\n\t\t\t\t\t\t\t\t\t<div class=\"elementor-cta__description elementor-cta__content-item elementor-content-item elementor-animated-item--grow\">\n\t\t\t\t\t\tDie ideale Unterkunft f\u00fcr bis zu 5 Mitarbeiter.\t\t\t\t\t<\/div>\n\t\t\t\t\n\t\t\t\t\t\t\t\t\t<div class=\"elementor-cta__button-wrapper elementor-cta__content-item elementor-content-item elementor-animated-item--grow\">\n\t\t\t\t\t<span class=\"elementor-cta__button elementor-button elementor-size-\">\n\t\t\t\t\t\tUnterkunft ansehen\t\t\t\t\t<\/span>\n\t\t\t\t\t<\/div>\n\t\t\t\t\t\t\t<\/div>\n\t\t\t\t\t\t\t<div class=\"elementor-ribbon\">\n\t\t\t\t<div class=\"elementor-ribbon-inner\">Aktion<\/div>\n\t\t\t<\/div>\n\t\t\t\t<\/a>\n\t\t\t\t\t\t<\/div>\n\t\t\t\t<\/div>\n\t\t\t\t<div class=\"elementor-element elementor-element-0fd8c99 elementor-widget elementor-widget-spacer\" data-id=\"0fd8c99\" data-element_type=\"widget\" data-widget_type=\"spacer.default\">\n\t\t\t\t<div class=\"elementor-widget-container\">\n\t\t\t\t\t\t\t<div class=\"elementor-spacer\">\n\t\t\t<div class=\"elementor-spacer-inner\"><\/div>\n\t\t<\/div>\n\t\t\t\t\t\t<\/div>\n\t\t\t\t<\/div>\n\t\t\t\t<div class=\"elementor-element elementor-element-3912026 elementor-widget elementor-widget-text-editor\" data-id=\"3912026\" data-element_type=\"widget\" data-widget_type=\"text-editor.default\">\n\t\t\t\t<div class=\"elementor-widget-container\">\n\t\t\t\t\t\t\t\t\t<p data-sourcepos=\"20:1-21:216\">Winterwunderland N\u00f6rdliche Oberpfalz! Entdecken Sie die verschneite Landschaft bei einer Schneewanderung, genie\u00dfen Sie die Pisten oder entspannen Sie einfach nur in unserer Ferienwohnung.<\/p>\t\t\t\t\t\t\t\t<\/div>\n\t\t\t\t<\/div>\n\t\t\t\t<div class=\"elementor-element elementor-element-ad80a93 elementor-align-center elementor-widget elementor-widget-button\" data-id=\"ad80a93\" data-element_type=\"widget\" data-widget_type=\"button.default\">\n\t\t\t\t<div class=\"elementor-widget-container\">\n\t\t\t\t\t\t\t\t\t<div class=\"elementor-button-wrapper\">\n\t\t\t\t\t<a class=\"elementor-button elementor-button-link elementor-size-sm\" href=\"http:\/\/airbnb.de\/h\/fewonak\" target=\"_blank\">\n\t\t\t\t\t\t<span class=\"elementor-button-content-wrapper\">\n\t\t\t\t\t\t<span class=\"elementor-button-icon\">\n\t\t\t\t<svg aria-hidden=\"true\" class=\"e-font-icon-svg e-fab-airbnb\" viewbox=\"0 0 448 512\" xmlns=\"http:\/\/www.w3.org\/2000\/svg\"><path d=\"M224 373.12c-25.24-31.67-40.08-59.43-45-83.18-22.55-88 112.61-88 90.06 0-5.45 24.25-20.29 52-45 83.18zm138.15 73.23c-42.06 18.31-83.67-10.88-119.3-50.47 103.9-130.07 46.11-200-18.85-200-54.92 0-85.16 46.51-73.28 100.5 6.93 29.19 25.23 62.39 54.43 99.5-32.53 36.05-60.55 52.69-85.15 54.92-50 7.43-89.11-41.06-71.3-91.09 15.1-39.16 111.72-231.18 115.87-241.56 15.75-30.07 25.56-57.4 59.38-57.4 32.34 0 43.4 25.94 60.37 59.87 36 70.62 89.35 177.48 114.84 239.09 13.17 33.07-1.37 71.29-37.01 86.64zm47-136.12C280.27 35.93 273.13 32 224 32c-45.52 0-64.87 31.67-84.66 72.79C33.18 317.1 22.89 347.19 22 349.81-3.22 419.14 48.74 480 111.63 480c21.71 0 60.61-6.06 112.37-62.4 58.68 63.78 101.26 62.4 112.37 62.4 62.89.05 114.85-60.86 89.61-130.19.02-3.89-16.82-38.9-16.82-39.58z\"><\/path><\/svg>\t\t\t<\/span>\n\t\t\t\t\t\t\t\t\t<span class=\"elementor-button-text\">Jetzt Verf\u00fcgbarkeit pr\u00fcfen<\/span>\n\t\t\t\t\t<\/span>\n\t\t\t\t\t<\/a>\n\t\t\t\t<\/div>\n\t\t\t\t\t\t\t\t<\/div>\n\t\t\t\t<\/div>\n\t\t\t\t<div class=\"elementor-element elementor-element-e40882e elementor-widget elementor-widget-spacer\" data-id=\"e40882e\" data-element_type=\"widget\" data-widget_type=\"spacer.default\">\n\t\t\t\t<div class=\"elementor-widget-container\">\n\t\t\t\t\t\t\t<div class=\"elementor-spacer\">\n\t\t\t<div class=\"elementor-spacer-inner\"><\/div>\n\t\t<\/div>\n\t\t\t\t\t\t<\/div>\n\t\t\t\t<\/div>\n\t\t\t\t<\/div>\n\t\t\t\t\t<\/div>\n\t\t\t\t<\/div>\n\t\t\t\t<\/div>","protected":false},"excerpt":{"rendered":"<p>Winterzauber am Rauhen Kulm \u2013 Aktivit\u00e4ten f\u00fcr die ganze Familie<\/p>","protected":false},"author":1,"featured_media":1009,"comment_status":"closed","ping_status":"open","sticky":false,"template":"elementor_theme","format":"standard","meta":{"_monsterinsights_skip_tracking":false,"_monsterinsights_sitenote_active":false,"_monsterinsights_sitenote_note":"","_monsterinsights_sitenote_category":0,"footnotes":""},"categories":[1],"tags":[29,28,31,32,34,30,33,35],"class_list":["post-3335","post","type-post","status-publish","format-standard","has-post-thumbnail","hentry","category-blog","tag-basislager","tag-ferienwohnung","tag-fichtelgebirge","tag-herbst","tag-oberpfaelzer-wald","tag-rauher-kulm","tag-urlaub","tag-waldnaab"],"yoast_head":"<!-- This site is optimized with the Yoast SEO Premium plugin v24.1 (Yoast SEO v24.2) - https:\/\/yoast.com\/wordpress\/plugins\/seo\/ -->\n<title>Winterurlaub im Fichtelgebirge<\/title>\n<meta name=\"description\" content=\"Erleben Sie die Sch\u00f6nheit der verschneiten Landschaft beim Skifahren, Winterwandern und weiteren Aktivit\u00e4ten. Unsere gem\u00fctliche Ferienwohnung in Neustadt am Kulm ist der perfekte Ausgangspunkt.\" \/>\n<meta name=\"robots\" content=\"index, follow, max-snippet:-1, max-image-preview:large, max-video-preview:-1\" \/>\n<link rel=\"canonical\" href=\"https:\/\/fewo-am-rauhen-kulm.de\/pl\/herbsturlaub-in-der-noerdlichen-oberpfalz\/\" \/>\n<meta property=\"og:locale\" content=\"pl_PL\" \/>\n<meta property=\"og:type\" content=\"article\" \/>\n<meta property=\"og:title\" content=\"Winterzauber am Rauhen Kulm \u2013 Familienaktivit\u00e4ten\" \/>\n<meta property=\"og:description\" content=\"Genie\u00dfen Sie unvergessliche Wintererlebnisse f\u00fcr die ganze Familie!\" \/>\n<meta property=\"og:url\" content=\"https:\/\/fewo-am-rauhen-kulm.de\/pl\/herbsturlaub-in-der-noerdlichen-oberpfalz\/\" \/>\n<meta property=\"og:site_name\" content=\"Ferienwohnung\" \/>\n<meta property=\"article:published_time\" content=\"2025-01-03T13:03:19+00:00\" \/>\n<meta property=\"article:modified_time\" content=\"2025-01-03T13:14:05+00:00\" \/>\n<meta property=\"og:image\" content=\"https:\/\/fewo-am-rauhen-kulm.de\/wp-content\/uploads\/2024\/07\/csm_Rauher_Kulm_070ba44dca.jpg\" \/>\n\t<meta property=\"og:image:width\" content=\"940\" \/>\n\t<meta property=\"og:image:height\" content=\"637\" \/>\n\t<meta property=\"og:image:type\" content=\"image\/jpeg\" \/>\n<meta name=\"author\" content=\"AbsoluteGravity\" \/>\n<meta name=\"twitter:card\" content=\"summary_large_image\" \/>\n<meta name=\"twitter:title\" content=\"Winterzauber am Rauhen Kulm \u2013 Familienaktivit\u00e4ten\" \/>\n<meta name=\"twitter:description\" content=\"Genie\u00dfen Sie unvergessliche Wintererlebnisse f\u00fcr die ganze Familie!\" \/>\n<meta name=\"twitter:label1\" content=\"Napisane przez\" \/>\n\t<meta name=\"twitter:data1\" content=\"AbsoluteGravity\" \/>\n\t<meta name=\"twitter:label2\" content=\"Szacowany czas czytania\" \/>\n\t<meta name=\"twitter:data2\" content=\"3 minuty\" \/>\n<script type=\"application\/ld+json\" class=\"yoast-schema-graph\">{\"@context\":\"https:\/\/schema.org\",\"@graph\":[{\"@type\":\"Article\",\"@id\":\"https:\/\/fewo-am-rauhen-kulm.de\/herbsturlaub-in-der-noerdlichen-oberpfalz\/#article\",\"isPartOf\":{\"@id\":\"https:\/\/fewo-am-rauhen-kulm.de\/herbsturlaub-in-der-noerdlichen-oberpfalz\/\"},\"author\":{\"name\":\"AbsoluteGravity\",\"@id\":\"https:\/\/fewo-am-rauhen-kulm.de\/#\/schema\/person\/1399531c1585af7f9636c4712262fa99\"},\"headline\":\"Winterzauber am Rauhen Kulm \u2013 Aktivit\u00e4ten f\u00fcr die ganze Familie\",\"datePublished\":\"2025-01-03T13:03:19+00:00\",\"dateModified\":\"2025-01-03T13:14:05+00:00\",\"mainEntityOfPage\":{\"@id\":\"https:\/\/fewo-am-rauhen-kulm.de\/herbsturlaub-in-der-noerdlichen-oberpfalz\/\"},\"wordCount\":383,\"publisher\":{\"@id\":\"https:\/\/fewo-am-rauhen-kulm.de\/#organization\"},\"image\":{\"@id\":\"https:\/\/fewo-am-rauhen-kulm.de\/herbsturlaub-in-der-noerdlichen-oberpfalz\/#primaryimage\"},\"thumbnailUrl\":\"https:\/\/fewo-am-rauhen-kulm.de\/wp-content\/uploads\/2024\/07\/csm_Rauher_Kulm_070ba44dca.jpg\",\"keywords\":[\"Basislager\",\"Ferienwohnung\",\"Fichtelgebirge\",\"Herbst\",\"Oberpf\u00e4lzer Wald\",\"Rauher Kulm\",\"Urlaub\",\"Waldnaab\"],\"articleSection\":[\"Blog\"],\"inLanguage\":\"pl-PL\"},{\"@type\":\"WebPage\",\"@id\":\"https:\/\/fewo-am-rauhen-kulm.de\/herbsturlaub-in-der-noerdlichen-oberpfalz\/\",\"url\":\"https:\/\/fewo-am-rauhen-kulm.de\/herbsturlaub-in-der-noerdlichen-oberpfalz\/\",\"name\":\"Winterurlaub im Fichtelgebirge\",\"isPartOf\":{\"@id\":\"https:\/\/fewo-am-rauhen-kulm.de\/#website\"},\"primaryImageOfPage\":{\"@id\":\"https:\/\/fewo-am-rauhen-kulm.de\/herbsturlaub-in-der-noerdlichen-oberpfalz\/#primaryimage\"},\"image\":{\"@id\":\"https:\/\/fewo-am-rauhen-kulm.de\/herbsturlaub-in-der-noerdlichen-oberpfalz\/#primaryimage\"},\"thumbnailUrl\":\"https:\/\/fewo-am-rauhen-kulm.de\/wp-content\/uploads\/2024\/07\/csm_Rauher_Kulm_070ba44dca.jpg\",\"datePublished\":\"2025-01-03T13:03:19+00:00\",\"dateModified\":\"2025-01-03T13:14:05+00:00\",\"description\":\"Erleben Sie die Sch\u00f6nheit der verschneiten Landschaft beim Skifahren, Winterwandern und weiteren Aktivit\u00e4ten. Unsere gem\u00fctliche Ferienwohnung in Neustadt am Kulm ist der perfekte Ausgangspunkt.\",\"breadcrumb\":{\"@id\":\"https:\/\/fewo-am-rauhen-kulm.de\/herbsturlaub-in-der-noerdlichen-oberpfalz\/#breadcrumb\"},\"inLanguage\":\"pl-PL\",\"potentialAction\":[{\"@type\":\"ReadAction\",\"target\":[\"https:\/\/fewo-am-rauhen-kulm.de\/herbsturlaub-in-der-noerdlichen-oberpfalz\/\"]}]},{\"@type\":\"ImageObject\",\"inLanguage\":\"pl-PL\",\"@id\":\"https:\/\/fewo-am-rauhen-kulm.de\/herbsturlaub-in-der-noerdlichen-oberpfalz\/#primaryimage\",\"url\":\"https:\/\/fewo-am-rauhen-kulm.de\/wp-content\/uploads\/2024\/07\/csm_Rauher_Kulm_070ba44dca.jpg\",\"contentUrl\":\"https:\/\/fewo-am-rauhen-kulm.de\/wp-content\/uploads\/2024\/07\/csm_Rauher_Kulm_070ba44dca.jpg\",\"width\":940,\"height\":637},{\"@type\":\"BreadcrumbList\",\"@id\":\"https:\/\/fewo-am-rauhen-kulm.de\/herbsturlaub-in-der-noerdlichen-oberpfalz\/#breadcrumb\",\"itemListElement\":[{\"@type\":\"ListItem\",\"position\":1,\"name\":\"Startseite\",\"item\":\"https:\/\/fewo-am-rauhen-kulm.de\/\"},{\"@type\":\"ListItem\",\"position\":2,\"name\":\"Winterzauber am Rauhen Kulm \u2013 Aktivit\u00e4ten f\u00fcr die ganze Familie\"}]},{\"@type\":\"WebSite\",\"@id\":\"https:\/\/fewo-am-rauhen-kulm.de\/#website\",\"url\":\"https:\/\/fewo-am-rauhen-kulm.de\/\",\"name\":\"Ferienwohnung am Rauhen Kulm\",\"description\":\"Unterkunft in Neustadt am Kulm\",\"publisher\":{\"@id\":\"https:\/\/fewo-am-rauhen-kulm.de\/#organization\"},\"alternateName\":\"Urlaub in Neustadt am Kulm\",\"potentialAction\":[{\"@type\":\"SearchAction\",\"target\":{\"@type\":\"EntryPoint\",\"urlTemplate\":\"https:\/\/fewo-am-rauhen-kulm.de\/?s={search_term_string}\"},\"query-input\":{\"@type\":\"PropertyValueSpecification\",\"valueRequired\":true,\"valueName\":\"search_term_string\"}}],\"inLanguage\":\"pl-PL\"},{\"@type\":\"Organization\",\"@id\":\"https:\/\/fewo-am-rauhen-kulm.de\/#organization\",\"name\":\"Ferienwohnung am Rauhen Kulm\",\"url\":\"https:\/\/fewo-am-rauhen-kulm.de\/\",\"logo\":{\"@type\":\"ImageObject\",\"inLanguage\":\"pl-PL\",\"@id\":\"https:\/\/fewo-am-rauhen-kulm.de\/#\/schema\/logo\/image\/\",\"url\":\"https:\/\/fewo-am-rauhen-kulm.de\/wp-content\/uploads\/2024\/06\/Unbenannt-1.jpg\",\"contentUrl\":\"https:\/\/fewo-am-rauhen-kulm.de\/wp-content\/uploads\/2024\/06\/Unbenannt-1.jpg\",\"width\":800,\"height\":620,\"caption\":\"Ferienwohnung am Rauhen Kulm\"},\"image\":{\"@id\":\"https:\/\/fewo-am-rauhen-kulm.de\/#\/schema\/logo\/image\/\"},\"email\":\"info@fewo-am-rauhen-kulm.de\"},{\"@type\":\"Person\",\"@id\":\"https:\/\/fewo-am-rauhen-kulm.de\/#\/schema\/person\/1399531c1585af7f9636c4712262fa99\",\"name\":\"AbsoluteGravity\",\"image\":{\"@type\":\"ImageObject\",\"inLanguage\":\"pl-PL\",\"@id\":\"https:\/\/fewo-am-rauhen-kulm.de\/#\/schema\/person\/image\/\",\"url\":\"https:\/\/secure.gravatar.com\/avatar\/1e840d282d0425f458e9d9a566e20db444da3c3fb963c3b903f257abd5fc4b81?s=96&d=mm&r=g\",\"contentUrl\":\"https:\/\/secure.gravatar.com\/avatar\/1e840d282d0425f458e9d9a566e20db444da3c3fb963c3b903f257abd5fc4b81?s=96&d=mm&r=g\",\"caption\":\"AbsoluteGravity\"},\"sameAs\":[\"http:\/\/fewo-am-rauhen-kulm.de\"],\"url\":\"https:\/\/fewo-am-rauhen-kulm.de\/pl\/author\/absolutegravity\/\"}]}<\/script>\n<!-- \/ Yoast SEO Premium plugin. -->","yoast_head_json":{"title":"Winterurlaub im Fichtelgebirge","description":"Erleben Sie die Sch\u00f6nheit der verschneiten Landschaft beim Skifahren, Winterwandern und weiteren Aktivit\u00e4ten. Unsere gem\u00fctliche Ferienwohnung in Neustadt am Kulm ist der perfekte Ausgangspunkt.","robots":{"index":"index","follow":"follow","max-snippet":"max-snippet:-1","max-image-preview":"max-image-preview:large","max-video-preview":"max-video-preview:-1"},"canonical":"https:\/\/fewo-am-rauhen-kulm.de\/pl\/herbsturlaub-in-der-noerdlichen-oberpfalz\/","og_locale":"pl_PL","og_type":"article","og_title":"Winterzauber am Rauhen Kulm \u2013 Familienaktivit\u00e4ten","og_description":"Genie\u00dfen Sie unvergessliche Wintererlebnisse f\u00fcr die ganze Familie!","og_url":"https:\/\/fewo-am-rauhen-kulm.de\/pl\/herbsturlaub-in-der-noerdlichen-oberpfalz\/","og_site_name":"Ferienwohnung","article_published_time":"2025-01-03T13:03:19+00:00","article_modified_time":"2025-01-03T13:14:05+00:00","og_image":[{"width":940,"height":637,"url":"https:\/\/fewo-am-rauhen-kulm.de\/wp-content\/uploads\/2024\/07\/csm_Rauher_Kulm_070ba44dca.jpg","type":"image\/jpeg"}],"author":"AbsoluteGravity","twitter_card":"summary_large_image","twitter_title":"Winterzauber am Rauhen Kulm \u2013 Familienaktivit\u00e4ten","twitter_description":"Genie\u00dfen Sie unvergessliche Wintererlebnisse f\u00fcr die ganze Familie!","twitter_misc":{"Napisane przez":"AbsoluteGravity","Szacowany czas czytania":"3 minuty"},"schema":{"@context":"https:\/\/schema.org","@graph":[{"@type":"Article","@id":"https:\/\/fewo-am-rauhen-kulm.de\/herbsturlaub-in-der-noerdlichen-oberpfalz\/#article","isPartOf":{"@id":"https:\/\/fewo-am-rauhen-kulm.de\/herbsturlaub-in-der-noerdlichen-oberpfalz\/"},"author":{"name":"AbsoluteGravity","@id":"https:\/\/fewo-am-rauhen-kulm.de\/#\/schema\/person\/1399531c1585af7f9636c4712262fa99"},"headline":"Winterzauber am Rauhen Kulm \u2013 Aktivit\u00e4ten f\u00fcr die ganze Familie","datePublished":"2025-01-03T13:03:19+00:00","dateModified":"2025-01-03T13:14:05+00:00","mainEntityOfPage":{"@id":"https:\/\/fewo-am-rauhen-kulm.de\/herbsturlaub-in-der-noerdlichen-oberpfalz\/"},"wordCount":383,"publisher":{"@id":"https:\/\/fewo-am-rauhen-kulm.de\/#organization"},"image":{"@id":"https:\/\/fewo-am-rauhen-kulm.de\/herbsturlaub-in-der-noerdlichen-oberpfalz\/#primaryimage"},"thumbnailUrl":"https:\/\/fewo-am-rauhen-kulm.de\/wp-content\/uploads\/2024\/07\/csm_Rauher_Kulm_070ba44dca.jpg","keywords":["Basislager","Ferienwohnung","Fichtelgebirge","Herbst","Oberpf\u00e4lzer Wald","Rauher Kulm","Urlaub","Waldnaab"],"articleSection":["Blog"],"inLanguage":"pl-PL"},{"@type":"WebPage","@id":"https:\/\/fewo-am-rauhen-kulm.de\/herbsturlaub-in-der-noerdlichen-oberpfalz\/","url":"https:\/\/fewo-am-rauhen-kulm.de\/herbsturlaub-in-der-noerdlichen-oberpfalz\/","name":"Winterurlaub im Fichtelgebirge","isPartOf":{"@id":"https:\/\/fewo-am-rauhen-kulm.de\/#website"},"primaryImageOfPage":{"@id":"https:\/\/fewo-am-rauhen-kulm.de\/herbsturlaub-in-der-noerdlichen-oberpfalz\/#primaryimage"},"image":{"@id":"https:\/\/fewo-am-rauhen-kulm.de\/herbsturlaub-in-der-noerdlichen-oberpfalz\/#primaryimage"},"thumbnailUrl":"https:\/\/fewo-am-rauhen-kulm.de\/wp-content\/uploads\/2024\/07\/csm_Rauher_Kulm_070ba44dca.jpg","datePublished":"2025-01-03T13:03:19+00:00","dateModified":"2025-01-03T13:14:05+00:00","description":"Erleben Sie die Sch\u00f6nheit der verschneiten Landschaft beim Skifahren, Winterwandern und weiteren Aktivit\u00e4ten. Unsere gem\u00fctliche Ferienwohnung in Neustadt am Kulm ist der perfekte Ausgangspunkt.","breadcrumb":{"@id":"https:\/\/fewo-am-rauhen-kulm.de\/herbsturlaub-in-der-noerdlichen-oberpfalz\/#breadcrumb"},"inLanguage":"pl-PL","potentialAction":[{"@type":"ReadAction","target":["https:\/\/fewo-am-rauhen-kulm.de\/herbsturlaub-in-der-noerdlichen-oberpfalz\/"]}]},{"@type":"ImageObject","inLanguage":"pl-PL","@id":"https:\/\/fewo-am-rauhen-kulm.de\/herbsturlaub-in-der-noerdlichen-oberpfalz\/#primaryimage","url":"https:\/\/fewo-am-rauhen-kulm.de\/wp-content\/uploads\/2024\/07\/csm_Rauher_Kulm_070ba44dca.jpg","contentUrl":"https:\/\/fewo-am-rauhen-kulm.de\/wp-content\/uploads\/2024\/07\/csm_Rauher_Kulm_070ba44dca.jpg","width":940,"height":637},{"@type":"BreadcrumbList","@id":"https:\/\/fewo-am-rauhen-kulm.de\/herbsturlaub-in-der-noerdlichen-oberpfalz\/#breadcrumb","itemListElement":[{"@type":"ListItem","position":1,"name":"Startseite","item":"https:\/\/fewo-am-rauhen-kulm.de\/"},{"@type":"ListItem","position":2,"name":"Winterzauber am Rauhen Kulm \u2013 Aktivit\u00e4ten f\u00fcr die ganze Familie"}]},{"@type":"WebSite","@id":"https:\/\/fewo-am-rauhen-kulm.de\/#website","url":"https:\/\/fewo-am-rauhen-kulm.de\/","name":"Ferienwohnung am Rauhen Kulm","description":"Unterkunft in Neustadt am Kulm","publisher":{"@id":"https:\/\/fewo-am-rauhen-kulm.de\/#organization"},"alternateName":"Urlaub in Neustadt am Kulm","potentialAction":[{"@type":"SearchAction","target":{"@type":"EntryPoint","urlTemplate":"https:\/\/fewo-am-rauhen-kulm.de\/?s={search_term_string}"},"query-input":{"@type":"PropertyValueSpecification","valueRequired":true,"valueName":"search_term_string"}}],"inLanguage":"pl-PL"},{"@type":"Organization","@id":"https:\/\/fewo-am-rauhen-kulm.de\/#organization","name":"Ferienwohnung am Rauhen Kulm","url":"https:\/\/fewo-am-rauhen-kulm.de\/","logo":{"@type":"ImageObject","inLanguage":"pl-PL","@id":"https:\/\/fewo-am-rauhen-kulm.de\/#\/schema\/logo\/image\/","url":"https:\/\/fewo-am-rauhen-kulm.de\/wp-content\/uploads\/2024\/06\/Unbenannt-1.jpg","contentUrl":"https:\/\/fewo-am-rauhen-kulm.de\/wp-content\/uploads\/2024\/06\/Unbenannt-1.jpg","width":800,"height":620,"caption":"Ferienwohnung am Rauhen Kulm"},"image":{"@id":"https:\/\/fewo-am-rauhen-kulm.de\/#\/schema\/logo\/image\/"},"email":"info@fewo-am-rauhen-kulm.de"},{"@type":"Person","@id":"https:\/\/fewo-am-rauhen-kulm.de\/#\/schema\/person\/1399531c1585af7f9636c4712262fa99","name":"AbsoluteGravity","image":{"@type":"ImageObject","inLanguage":"pl-PL","@id":"https:\/\/fewo-am-rauhen-kulm.de\/#\/schema\/person\/image\/","url":"https:\/\/secure.gravatar.com\/avatar\/1e840d282d0425f458e9d9a566e20db444da3c3fb963c3b903f257abd5fc4b81?s=96&d=mm&r=g","contentUrl":"https:\/\/secure.gravatar.com\/avatar\/1e840d282d0425f458e9d9a566e20db444da3c3fb963c3b903f257abd5fc4b81?s=96&d=mm&r=g","caption":"AbsoluteGravity"},"sameAs":["http:\/\/fewo-am-rauhen-kulm.de"],"url":"https:\/\/fewo-am-rauhen-kulm.de\/pl\/author\/absolutegravity\/"}]}},"_links":{"self":[{"href":"https:\/\/fewo-am-rauhen-kulm.de\/pl\/wp-json\/wp\/v2\/posts\/3335","targetHints":{"allow":["GET"]}}],"collection":[{"href":"https:\/\/fewo-am-rauhen-kulm.de\/pl\/wp-json\/wp\/v2\/posts"}],"about":[{"href":"https:\/\/fewo-am-rauhen-kulm.de\/pl\/wp-json\/wp\/v2\/types\/post"}],"author":[{"embeddable":true,"href":"https:\/\/fewo-am-rauhen-kulm.de\/pl\/wp-json\/wp\/v2\/users\/1"}],"replies":[{"embeddable":true,"href":"https:\/\/fewo-am-rauhen-kulm.de\/pl\/wp-json\/wp\/v2\/comments?post=3335"}],"version-history":[{"count":0,"href":"https:\/\/fewo-am-rauhen-kulm.de\/pl\/wp-json\/wp\/v2\/posts\/3335\/revisions"}],"wp:featuredmedia":[{"embeddable":true,"href":"https:\/\/fewo-am-rauhen-kulm.de\/pl\/wp-json\/wp\/v2\/media\/1009"}],"wp:attachment":[{"href":"https:\/\/fewo-am-rauhen-kulm.de\/pl\/wp-json\/wp\/v2\/media?parent=3335"}],"wp:term":[{"taxonomy":"category","embeddable":true,"href":"https:\/\/fewo-am-rauhen-kulm.de\/pl\/wp-json\/wp\/v2\/categories?post=3335"},{"taxonomy":"post_tag","embeddable":true,"href":"https:\/\/fewo-am-rauhen-kulm.de\/pl\/wp-json\/wp\/v2\/tags?post=3335"}],"curies":[{"name":"wp","href":"https:\/\/api.w.org\/{rel}","templated":true}]}}